{"id":89977,"date":"2023-05-08T23:03:10","date_gmt":"2023-05-08T23:03:10","guid":{"rendered":"https:\/\/enolife.com.ar\/es\/?p=89977"},"modified":"2024-02-26T22:04:30","modified_gmt":"2024-02-26T22:04:30","slug":"aliado-con-altasur-diam-incrementa-su-mercado-de-tapones-para-vinos-de-alta-gama-en-sudamerica","status":"publish","type":"post","link":"https:\/\/enolife.com.ar\/es\/aliado-con-altasur-diam-incrementa-su-mercado-de-tapones-para-vinos-de-alta-gama-en-sudamerica\/","title":{"rendered":"Aliado con Altasur, Diam incrementa su mercado de tapones para vinos de alta gama en Sudam\u00e9rica"},"content":{"rendered":"\n<h4 class=\"wp-block-heading\"><em><strong>La empresa de origen franc\u00e9s fabricante de tapones de corcho design\u00f3 como nuevo director comercial y m\u00e1rketing a nivel global a Fran\u00e7ois Margot. El ejecutivo galo, que viene de residir 10 a\u00f1os en San Francisco como encargado del negocio de su compa\u00f1\u00eda en EEUU, lleg\u00f3 a Mendoza a fines de marzo para afianzar su acuerdo comercial y su amistad con la empresa local Altasur, que desde su sede en esta provincia representa y vende los productos de Diam en toda Am\u00e9rica del Sur. En di\u00e1logo con Enolife, Margot (55), junto a uno de sus socios locales, el director y fundador de Altasur Alejandro Karnincic, hablaron de su alianza y sobre c\u00f3mo, con nuevas tecnolog\u00edas, granulan el corcho y lo reconstituyen para convertirlo en un tap\u00f3n homog\u00e9neo, sin impurezas y la elasticidad necesaria para convivir por d\u00e9cadas con el vino en la botella.<\/strong><\/em><\/h4>\n\n\n\n<div style=\"height:46px\" aria-hidden=\"true\" class=\"wp-block-spacer\"><\/div>\n\n\n<a href=\"https:\/\/grupoaltasur.com\/\" aria-label=\"1700-500px\"><img loading=\"lazy\" decoding=\"async\" src=\"https:\/\/enolife.com.ar\/es\/wp-content\/uploads\/2021\/01\/1700-500px.jpg\" alt=\"\"  srcset=\"https:\/\/enolife.com.ar\/es\/wp-content\/uploads\/2021\/01\/1700-500px.jpg 1700w, https:\/\/enolife.com.ar\/es\/wp-content\/uploads\/2021\/01\/1700-500px-300x88.jpg 300w, https:\/\/enolife.com.ar\/es\/wp-content\/uploads\/2021\/01\/1700-500px-1024x301.jpg 1024w, https:\/\/enolife.com.ar\/es\/wp-content\/uploads\/2021\/01\/1700-500px-768x226.jpg 768w, https:\/\/enolife.com.ar\/es\/wp-content\/uploads\/2021\/01\/1700-500px-1536x452.jpg 1536w, https:\/\/enolife.com.ar\/es\/wp-content\/uploads\/2021\/01\/1700-500px-1170x344.jpg 1170w, https:\/\/enolife.com.ar\/es\/wp-content\/uploads\/2021\/01\/1700-500px-585x172.jpg 585w\" sizes=\"auto, (max-width: 1700px) 100vw, 1700px\" width=\"1700\" height=\"500\"   \/><\/a>\n\n\n<div style=\"height:45px\" aria-hidden=\"true\" class=\"wp-block-spacer\"><\/div>\n\n\n\n<p><strong>Entrevista: Pedro Straniero, editor de Enolife<\/strong> <\/p>\n\n\n\n<div style=\"height:30px\" aria-hidden=\"true\" class=\"wp-block-spacer\"><\/div>\n\n\n\n<p class=\"has-vivid-red-color has-text-color\"><strong>-Enolife: \u00bfEs tu primera vez en Am\u00e9rica del Sur luego de estar largos a\u00f1os en Estados Unidos?<\/strong><\/p>\n\n\n\n<p><strong>-Fran\u00e7ois<\/strong> <strong>Margot (FM):<\/strong> S\u00ed, he vivido los \u00faltimos diez a\u00f1os en San Francisco, como encargado de <strong>Diam<\/strong>  para el mercado de Norteam\u00e9rica, pero trabajo para el <strong>Grupo Oeno<\/strong> desde hace 21 a\u00f1os, antes de ocuparme del mercado norteamericano, fui responsable de Diam, para Europa del Este, China y Jap\u00f3n, mercados interesantes donde nuestros productos se han desarrollado muy r\u00e1pidamente en ese lapso de tiempo.<\/p>\n\n\n\n<div style=\"height:35px\" aria-hidden=\"true\" class=\"wp-block-spacer\"><\/div>\n\n\n\n<p class=\"has-vivid-red-color has-text-color\"><strong>-Y ahora te convocan desde Francia para asumir la jefatura global de Comercio y M\u00e1rketing&#8230;<\/strong><\/p>\n\n\n\n<p>&#8211;<strong>FM<\/strong>: S\u00ed, es un desaf\u00edo interesante para m\u00ed despu\u00e9s de 21 a\u00f1os en Diam, es una nueva etapa. Sigo en el \u00e1rea comercial y de m\u00e1rketing, aunque mi formaci\u00f3n inicial ha sido como ingeniero agr\u00f3nomo. Luego estudi\u00e9 Maestr\u00eda en Administraci\u00f3n de Empresas (MBA), y en EEUU tambi\u00e9n hice la carrera de en\u00f3logo&#8230; Siempre consider\u00e9 que es muy importante tener muchas herramientas y conocimientos. El director actual en mi puesto se jubila pronto, as\u00ed que me llamaron a Francia, y ahora vamos a trabajar dos meses juntos y luego me har\u00e9 cargo.<\/p>\n\n\n\n<div style=\"height:35px\" aria-hidden=\"true\" class=\"wp-block-spacer\"><\/div>\n\n\n\n<p class=\"has-vivid-red-color has-text-color\"><strong>-\u00bfPor qu\u00e9 est\u00e1s haciendo escala en Mendoza?<\/strong><\/p>\n\n\n\n<p>&#8211;<strong>FM<\/strong>: Por dos motivos. Por un lado, tenemos cinco grandes mercados en el mundo, que son Espa\u00f1a, Francia, Italia, Estados Unidos y Am\u00e9rica del Sur, y justamente su continente es el \u00fanico mercado que no conozco&#8230; As\u00ed que, entre todo lo que viv\u00ed en EEUU y mi nueva vida en Francia, es una suerte poder pasar dos meses aqu\u00ed, descubrir el mercado, que es un mercado bastante especial. Y por otro lado, estoy aqu\u00ed para conocer al equipo de Altasur, nuestros aliados y amigos, es un equipo muy importante para Diam. Junto con ellos, hemos estado tambi\u00e9n recorriendo nuestra planta y nuestro mercado en Chile.<\/p>\n\n\n\n<div style=\"height:35px\" aria-hidden=\"true\" class=\"wp-block-spacer\"><\/div>\n\n\n\n<p class=\"has-black-color has-text-color has-background\" style=\"background-color:#abb7c269\">Fran\u00e7ois Margot tiene 55 a\u00f1os. Est\u00e1 casado con Sandrine (\u00abla mujer que me soporta cada d\u00eda\u00bb, dice). Tiene 3 hijos, de 19, 24 y 26 a\u00f1os, que \u00abya no vienen con nosotros\u00bb, cuenta. Uno trabaja en Los \u00c1ngeles, EEUU; otro estudia en Par\u00eds y el tercero en Londres.<\/p>\n\n\n\n<div style=\"height:35px\" aria-hidden=\"true\" class=\"wp-block-spacer\"><\/div>\n\n\n\n<p class=\"has-vivid-red-color has-text-color\"><strong>-\u00bfC\u00f3mo es esta nueva etapa en el fortalecimiento de las ya s\u00f3lidas relaciones comerciales entre Diam y Altasur?<\/strong><\/p>\n\n\n\n<p><strong>-Alejandro Karnincic (AK): <\/strong>No nos conoc\u00edamos con Fran\u00e7ois de antes, as\u00ed que para nosotros en Mendoza es muy bueno que el est\u00e9 dos meses aqu\u00ed, que conozca nuestra idiosincrasia, es fundamental esa compenetraci\u00f3n porque \u00e9l ha trabajado en mercados totalmente distintos al nuestro.<\/p>\n\n\n\n<div style=\"height:35px\" aria-hidden=\"true\" class=\"wp-block-spacer\"><\/div>\n\n\n\n<p class=\"has-vivid-red-color has-text-color\"><strong>-Ustedes en Altasur ya tienen una larga historia como representantes de Diam, \u00bfc\u00f3mo se afianza esa relaci\u00f3n, qu\u00e9 mutuos beneficios se otorgan, por qu\u00e9 se eligen uno al otro?<\/strong><\/p>\n\n\n\n<p>&#8211; <strong>AK<\/strong>: S\u00ed, trabajamos juntos desde 2007. El tema es la confianza, el trabajo mutuo con un mismo objetivo. Por eso la relaci\u00f3n entre ambas empresas es muy fuerte. Yo empec\u00e9 como agente comercial de Diam en 2007, desde mi especialidad como ingeniero qu\u00edmico. Despu\u00e9s se fueron sumando <strong>Leandro Benedetti<\/strong> y <strong>Aurelio Sesto<\/strong>, y as\u00ed seguimos creando empresas y creciendo en estructura. La estructura fue fundamental para hacer el desarrollo de Sudam\u00e9rica en coordinaci\u00f3n con Diam.<\/p>\n\n\n\n<div style=\"height:45px\" aria-hidden=\"true\" class=\"wp-block-spacer\"><\/div>\n\n\n\n<blockquote class=\"wp-block-quote is-layout-flow wp-block-quote-is-layout-flow\">\n<p><em>Estamos en 80 pa\u00edses pero los m\u00e1s importantes son donde se produce m\u00e1s vino. Francia es nuestro mercado numero uno, con un gran mercado de espumosos y champagne, y el numero 2 es Italia. Despu\u00e9s est\u00e1n Estados Unidos, Argentina, Chile, el resto de Am\u00e9rica del Sur y Espa\u00f1a. Esos 5 mercados representan&nbsp; el 65% de nuestras ventas. En total, estamos fabricando 2.700 millones de tapones al a\u00f1o, sin gusto a corcho y sin desviaciones organol\u00e9pticas.<\/em>\u00ab<\/p>\n<cite><strong>Fran\u00e7ois Margot, director comercial y m\u00e1rketing de Diam a nivel global<\/strong><\/cite><\/blockquote>\n\n\n\n<div style=\"height:45px\" aria-hidden=\"true\" class=\"wp-block-spacer\"><\/div>\n\n\n\n<p class=\"has-vivid-red-color has-text-color\"><strong>-\u00bfY desde Diam c\u00f3mo comenzaron esa relaci\u00f3n con Altasur?<\/strong><\/p>\n\n\n\n<p><strong>-Fran\u00e7ois<\/strong> <strong>Margot:<\/strong> Siempre hay una historia humana al inicio, gente que se entiende y trabaja bien en equipo, que encuentran un m\u00e9todo en com\u00fan, y ese fue el caso entre Alejandro y nuestro director&#8230; Empez\u00f3 siendo una relaci\u00f3n humana, y despu\u00e9s se desarrollaron y siguen desarroll\u00e1ndose relaciones que deben funcionar a nivel t\u00e9cnico, comercial, entender la estrategia como una sociedad, alinearse y funcionar&#8230; Y ha funcionado muy bien.<\/p>\n\n\n\n<div style=\"height:35px\" aria-hidden=\"true\" class=\"wp-block-spacer\"><\/div>\n\n\n<div class=\"wp-block-image\">\n<figure class=\"aligncenter size-full is-resized\"><a href=\"https:\/\/enolife.com.ar\/es\/wp-content\/uploads\/2023\/05\/IMG_20230331_120852825.jpg\" data-rel=\"penci-gallery-image-content\" ><img loading=\"lazy\" decoding=\"async\" src=\"https:\/\/enolife.com.ar\/es\/wp-content\/uploads\/2023\/05\/IMG_20230331_120852825.jpg\" alt=\"\" class=\"wp-image-92118\" width=\"690\" height=\"339\" srcset=\"https:\/\/enolife.com.ar\/es\/wp-content\/uploads\/2023\/05\/IMG_20230331_120852825.jpg 690w, https:\/\/enolife.com.ar\/es\/wp-content\/uploads\/2023\/05\/IMG_20230331_120852825-300x147.jpg 300w, https:\/\/enolife.com.ar\/es\/wp-content\/uploads\/2023\/05\/IMG_20230331_120852825-585x287.jpg 585w\" sizes=\"auto, (max-width: 690px) 100vw, 690px\" \/><\/a><figcaption class=\"wp-element-caption\"><em><strong>Fran\u00e7ois Margot junto a \u00c1ngelo Di Caro (gerente Altasur) y Alejandro Karnincic (director fundador de Atasur)<\/strong><\/em>.<\/figcaption><\/figure><\/div>\n\n\n<div style=\"height:35px\" aria-hidden=\"true\" class=\"wp-block-spacer\"><\/div>\n\n\n\n<p class=\"has-vivid-red-color has-text-color\"><strong>-\u00bfComo ve\u00edas al mercado sudamericano desde tu puesto en EEUU, y c\u00f3mo lo est\u00e1s viendo y analizando ahora que est\u00e1s aqu\u00ed?<\/strong><\/p>\n\n\n\n<p>&#8211;<strong>FM<\/strong>: Para nosotros la evoluci\u00f3n en Sudam\u00e9rica ha sido tremenda, en 17 a\u00f1os ya estamos vendiendo aqu\u00ed 205 millones de tapones al a\u00f1o, lo que constituye una cuota importante del mercado para vinos de calidad, mercado en el que se mueve Diam ofreceiendo una soluci\u00f3n tecnol\u00f3gica con todas las garant\u00edas, y cuando los productores de vino entienden nuestra propuesta, entonces se quedan con nosotros por un tema de confianza y, justamente, garant\u00eda de calidad.<\/p>\n\n\n\n<div style=\"height:35px\" aria-hidden=\"true\" class=\"wp-block-spacer\"><\/div>\n\n\n\n<p class=\"has-vivid-red-color has-text-color\"><strong>-Cu\u00e9ntennos sobre la nueva planta de Altasur que han construido en Chile&#8230;<\/strong><\/p>\n\n\n\n<p><strong>-Alejandro Karnincic: <\/strong>Es una planta enteramente nueva de 2.500 m2 donde trabajan 60 personas, la inauguramos en octubre de 2022 en Santiago, en la comuna de Quilicura. En cierta forma es nuestro hub log\u00edstico y de distribuci\u00f3n para toda Sudam\u00e9rica. Todos los productos entran por Chile y desde ah\u00ed se provee al mercado argentino, ya sea a bodegas en forma directa o a la subsidiaria Altasur Argentina, como as\u00ed tambi\u00e9n se provee desde all\u00ed al mercado chileno y a todo el mercado sudamericano, Brasil, Per\u00fa, Bolivia y Ecuador.<\/p>\n\n\n\n<div style=\"height:35px\" aria-hidden=\"true\" class=\"wp-block-spacer\"><\/div>\n\n\n<div class=\"wp-block-image\">\n<figure class=\"aligncenter size-full is-resized\"><a href=\"https:\/\/enolife.com.ar\/es\/wp-content\/uploads\/2023\/05\/3809-inauguration-santiago-du-chili.jpg\" data-rel=\"penci-gallery-image-content\" ><img loading=\"lazy\" decoding=\"async\" src=\"https:\/\/enolife.com.ar\/es\/wp-content\/uploads\/2023\/05\/3809-inauguration-santiago-du-chili.jpg\" alt=\"\" class=\"wp-image-92130\" width=\"594\" height=\"396\" srcset=\"https:\/\/enolife.com.ar\/es\/wp-content\/uploads\/2023\/05\/3809-inauguration-santiago-du-chili.jpg 1000w, https:\/\/enolife.com.ar\/es\/wp-content\/uploads\/2023\/05\/3809-inauguration-santiago-du-chili-300x200.jpg 300w, https:\/\/enolife.com.ar\/es\/wp-content\/uploads\/2023\/05\/3809-inauguration-santiago-du-chili-768x512.jpg 768w, https:\/\/enolife.com.ar\/es\/wp-content\/uploads\/2023\/05\/3809-inauguration-santiago-du-chili-585x390.jpg 585w\" sizes=\"auto, (max-width: 594px) 100vw, 594px\" \/><\/a><figcaption class=\"wp-element-caption\"><em><strong>Inauguraci\u00f3n Grupo Altasur en Chile, sus socios Aurelio \u00abLilo\u00bb Sesto, Leandro Benedetti y Alejandro Karnincic<\/strong><\/em>.<\/figcaption><\/figure><\/div>\n\n\n<div style=\"height:35px\" aria-hidden=\"true\" class=\"wp-block-spacer\"><\/div>\n\n\n\n<p class=\"has-vivid-red-color has-text-color\"><strong>-\u00bfC\u00f3mo se procesan los productos en esa planta?<\/strong><\/p>\n\n\n\n<p>&#8211;<strong>AK<\/strong>: A la planta llega el tap\u00f3n como materia prima, y all\u00ed se hace el marcaje y el tratamiento superficial de siliconado, que constituye una parte importante de la calidad del producto, porque un siliconado mal hecho puede complicar lo que es la fuerza de extracci\u00f3n del tap\u00f3n y por ende las condiciones del vino. En Diam tenemos estrictas normas de calidad, unificadas para todas nuestras plantas del mundo, y especificadas en el contrato con el cliente. Tenemos plantas en Espa\u00f1a y Francia, que nos proveen la materia prima para Am\u00e9rica del Sur, y todo entra por Chile. Actualmente estamos produciendo alrededor de 205 millones de tapones para Sudam\u00e9rica, con un ritmo de crecimiento en la producci\u00f3n de entre un 15% a un 20%.<\/p>\n\n\n\n<div style=\"height:35px\" aria-hidden=\"true\" class=\"wp-block-spacer\"><\/div>\n\n\n\n<p class=\"has-vivid-red-color has-text-color\"><strong>-\u00bfCu\u00e1l es el plan de m\u00e1rketing futuro a nivel mundial, tomando en cuenta la ca\u00edda en la producci\u00f3n de vino, la ca\u00edda en la superficie implantada de vi\u00f1edos, los efectos del cambio clim\u00e1tico, la inflaci\u00f3n&#8230;? \u00bfQu\u00e9 estrategia comercial est\u00e1n pensando?<\/strong><\/p>\n\n\n\n<p>&#8211;<strong>Fran\u00e7ois<\/strong> <strong>Margot:<\/strong> El consumo de vino cambia, es cierto, pero hacia un producto de m\u00e1s alta calidad. El volumen es m\u00e1s bajo, el consumo de ese vino de cada d\u00eda, de gama media baja, en la mesa familiar, cambi\u00f3 totalmente. El vino que se consume ahora es de m\u00e1s alta gama, y no todos los d\u00edas, sino el fin de semana, con amigos, un consumo un poco mas \u00abde fiesta\u00bb. En Francia, por ejemplo, en pocos a\u00f1os baj\u00f3 de 80 litros per c\u00e1pita por a\u00f1o a 25 litros, y en Estados Unidos se consumen 10 litros por a\u00f1o. Entonces, estamos adaptando nuestros productos a estos cambios, para responder a esa transformaci\u00f3n del mercado. Hoy la evoluci\u00f3n pasa por tener productos cada vez de mayor precisi\u00f3n, porque los en\u00f3logos buscan m\u00e1s calidad y adaptarse ellos a los consumidores.<\/p>\n\n\n\n<div style=\"height:35px\" aria-hidden=\"true\" class=\"wp-block-spacer\"><\/div>\n\n\n\n<p class=\"has-vivid-red-color has-text-color\"><strong>-\u00bfPor ejemplo con sus corchos tecnol\u00f3gicos ustedes se est\u00e1n adaptando a esas nuevas tendencias?<\/strong><\/p>\n\n\n\n<p>&#8211;<strong>FM<\/strong>: El en\u00f3logo cada vez busca m\u00e1s soluciones adaptadas a su vino, entonces para nosotros la tarea es proponerle m\u00e1s y m\u00e1s opciones, para que pueda hacer un vino m\u00e1s preciso, que brinde soluci\u00f3n al problema del envejecimiento y a la evoluci\u00f3n que el profesional busque para su vino en el tiempo. Con respecto al corcho, todos sabemos que es un material natural pero heterog\u00e9neo&#8230; Se necesitan 9 a\u00f1os de crecimiento antes de sacarlo del \u00e1rbol, y despu\u00e9s tenemos que ocuparnos de su parte el\u00e1stica, que es lo que m\u00e1s nos interesa, pero&nbsp;tambi\u00e9n tiene un 30% de madera dentro de su estructura&#8230; Entonces, todo el trabajo de Diam fue de utilizar esa materia prima muy interesante por su elasticidad y tradici\u00f3n en la producci\u00f3n de vino, pero haciendo de ese material un producto homog\u00e9neo, pero con distintas opciones para cada vino seg\u00fan sea el envejecimiento que necesite. En definitiva, la estrategia global es adaptarse proponiendo al mercado cada vez m\u00e1s opciones para el en\u00f3logo, y siempre para vinos de alta gama.<\/p>\n\n\n\n<div style=\"height:35px\" aria-hidden=\"true\" class=\"wp-block-spacer\"><\/div>\n\n\n\n<p class=\"has-vivid-red-color has-text-color\"><strong>-\u00bfEn cuantos mercados venden sus productos? \u00bfY cu\u00e1les son los m\u00e1s importantes?<\/strong><\/p>\n\n\n\n<p>&#8211;<strong>FM<\/strong>: Estamos en 80 pa\u00edses pero los m\u00e1s importantes son donde se produce m\u00e1s vino. Francia es nuestro mercado numero uno, con un gran mercado de espumosos y champagne, y el numero 2 es Italia. Despu\u00e9s est\u00e1n Estados Unidos, Argentina, Chile, el resto de Am\u00e9rica del Sur y Espa\u00f1a. Esos 5 mercados representan&nbsp; el 65% de nuestras ventas. En total, estamos fabricando 2.700 millones de tapones al a\u00f1o, sin gusto a corcho, sin desviaciones organol\u00e9pticas.<\/p>\n\n\n\n<div style=\"height:45px\" aria-hidden=\"true\" class=\"wp-block-spacer\"><\/div>\n\n\n\n<figure class=\"wp-block-embed aligncenter is-type-video is-provider-youtube wp-block-embed-youtube wp-embed-aspect-16-9 wp-has-aspect-ratio\"><div class=\"wp-block-embed__wrapper\">\n<iframe loading=\"lazy\" title=\"Presentaci\u00f3n Diam Corchos\" width=\"1170\" height=\"658\" src=\"https:\/\/www.youtube.com\/embed\/NJn1VJGWt80?feature=oembed\" frameborder=\"0\" allow=\"accelerometer; autoplay; clipboard-write; encrypted-media; gyroscope; picture-in-picture; web-share\" allowfullscreen><\/iframe>\n<\/div><\/figure>\n\n\n\n<div style=\"height:46px\" aria-hidden=\"true\" class=\"wp-block-spacer\"><\/div>\n\n\n\n<p class=\"has-vivid-red-color has-text-color\"><strong>-\u00bfCon su tecnolog\u00eda tambi\u00e9n se puede regular la transferencia de ox\u00edgeno en el tap\u00f3n?<\/strong><\/p>\n\n\n\n<p>&#8211;<strong>FM<\/strong>: Absolutamente, eso es una diferencia muy importante&#8230; Es f\u00e1cil granular el corcho, volver a pegarlo y poner el producto en el mercado. Lo dif\u00edcil es producir un producto homog\u00e9neo. Sabemos que se puede tener un poco de contaminaci\u00f3n en el corcho, y la mol\u00e9cula m\u00e1s conocida que provoca esa contaminaci\u00f3n es el TCA. Pero tambi\u00e9n sabemos hoy que hay muchas otras mol\u00e9culas que pueden contaminarlo. Ha sido una muy buena idea granular el corcho para conseguir una estructura m\u00e1s homog\u00e9nea, pero cuando se granula la contaminaci\u00f3n tambi\u00e9n se mezcla, entonces una estructura granulada siempre est\u00e1 contaminada, por lo que es muy importante tener una tecnolog\u00eda para limpiar totalmente el corcho. Y digo totalmente porque si la limpieza no es total va a quedar contaminaci\u00f3n en cada corcho.<\/p>\n\n\n\n<p>Despu\u00e9s de la limpieza, tambi\u00e9n es importante tener una tecnolog\u00eda para reconstituir el corcho, que garantice su elasticidad y que posibilite que la propiedad de controlar el ox\u00edgeno permanezca en el tiempo. Es f\u00e1cil moldear un corcho, pero asegurar que su calidad permanezca es muy dif\u00edcil, se necesita una tecnolog\u00eda adaptada.<\/p>\n\n\n\n<div style=\"height:45px\" aria-hidden=\"true\" class=\"wp-block-spacer\"><\/div>\n\n\n\n<blockquote class=\"wp-block-quote is-layout-flow wp-block-quote-is-layout-flow\">\n<p><em>Tenemos un programa de investigaci\u00f3n y desarrollo muy importante, <strong>Diam siempre fue una empresa muy innovadora, ese es nuestro ADN<\/strong>. Trabajamos mucho con las universidades, tenemos convenios de investigaci\u00f3n con 10 de ellas, en Espa\u00f1a, en Mil\u00e1n, en Burdeos, en California&#8230; Y en Argentina lo hemos hecho con el centro de investigaci\u00f3n de Catena. Tambi\u00e9n publicamos nuestras investigaciones en la Review des Enologie de Francia.<\/em><\/p>\n<cite><strong>Fran\u00e7ois<\/strong> <strong>Margot<\/strong><\/cite><\/blockquote>\n\n\n\n<div style=\"height:45px\" aria-hidden=\"true\" class=\"wp-block-spacer\"><\/div>\n\n\n\n<p class=\"has-vivid-red-color has-text-color\"><strong>-Nos llam\u00f3 mucho la atenci\u00f3n que est\u00e9n utilizando cera de abejas como aglutinante&#8230;<\/strong><\/p>\n\n\n\n<p>&#8211;<strong>FM<\/strong>: No exactamente como aglutinante, porque para eso usamos un ligante vegetal. La cera de abejas se emplea para llenar la estructura del tapon, para conseguir una estructura homog\u00e9nea y tambien evitar que la humedad penetre en el corcho, porque si eso pasa la elasticidad se pierde inmediatamente, y el ox\u00edgeno va a pasar alrededor del corcho en vez de pasar atrav\u00e9s suyo, dando fin a la vida del corcho. Sin una tecnolog\u00eda adecuada, como la nuestra, para controlar la penetraci\u00f3n de la humedad al corcho, no es posible asegurar que el mismo quede el\u00e1stico a trav\u00e9s del tiempo.<\/p>\n\n\n\n<div style=\"height:35px\" aria-hidden=\"true\" class=\"wp-block-spacer\"><\/div>\n\n\n\n<p class=\"has-vivid-red-color has-text-color\"><strong>-Ustedes han desarrollado una tecnolog\u00eda muy novedosa que utiliza CO2 para limpiar el corcho. \u00bfCu\u00e1l es exactamente el rol del CO2 en la construcci\u00f3n del corcho?<\/strong><\/p>\n\n\n\n<p>&#8211;<strong>FM<\/strong>: El CO2 se usa para la tecnolog\u00eda de limpieza. Como te comentaba previamente, antes de reconstruir el corcho es muy importante limpiar el granulado. Para eso, se dispon\u00eda hasta hace poco de dos tecnolog\u00edas de limpieza en el mercado. Una, con per\u00f3xido l\u00edquido que sirve para limpiar la parte externa del corcho, no lo penetra, entonces no es muy eficiente para quitar las mol\u00e9culas contaminantes. La segunda tecnolog\u00eda que todav\u00eda se usa mucho en el mercado es con vapor de agua, que si penetra en el granulado, pero tampoco es muy eficiente, porque s\u00f3lo saca entre un 50 a un 70% de la contaminaci\u00f3n, sobre todo por TCA, adem\u00e1s si usamos vapor de agua a m\u00e1s de 100 grados Celsius, el corcho se va a quemar y se van crear mol\u00e9culas de tostado, de quemado. Entonces, la idea de Diam fue implementar otra tecnolog\u00eda, con CO2, en su fase l\u00edquida y gaseosa, que penetra en el corcho. Esa tecnolog\u00eda no la hemos inventado nosotros, porque es la tecnolog\u00eda de extracci\u00f3n de cafe\u00edna del caf\u00e9, pero s\u00ed lo hemos adaptado al corcho y patentado como Diamant.<\/p>\n\n\n\n<div style=\"height:45px\" aria-hidden=\"true\" class=\"wp-block-spacer\"><\/div>\n\n\n\n<figure class=\"wp-block-embed is-type-video is-provider-youtube wp-block-embed-youtube wp-embed-aspect-16-9 wp-has-aspect-ratio\"><div class=\"wp-block-embed__wrapper\">\n<iframe loading=\"lazy\" title=\"Proceso DIAMANT - DIAM Corchos\" width=\"1170\" height=\"658\" src=\"https:\/\/www.youtube.com\/embed\/bCPZjljujf0?feature=oembed\" frameborder=\"0\" allow=\"accelerometer; autoplay; clipboard-write; encrypted-media; gyroscope; picture-in-picture; web-share\" allowfullscreen><\/iframe>\n<\/div><\/figure>\n\n\n\n<div style=\"height:45px\" aria-hidden=\"true\" class=\"wp-block-spacer\"><\/div>\n\n\n\n<p class=\"has-vivid-red-color has-text-color\"><strong>-\u00bfCu\u00e1nta gente trabaja en su Centro de Investigaci\u00f3n y Desarrollo?<\/strong><\/p>\n\n\n\n<p>&#8211;<strong>FM<\/strong>: Contamos con un laboratorio de investigaci\u00f3n en nuestra planta de Francia, con un equipo de 15 personas que desarrollan los nuevos productos, los que vamos a poner en el mercado en los a\u00f1os venideros. Tenemos un programa de investigaci\u00f3n y desarrollo muy importante, Diam siempre fue una empresa muy innovadora, ese es nuestro ADN. Trabajamos mucho con las universidades, tenemos convenios de investigaci\u00f3n con 10 de ellas, en Espa\u00f1a, en Mil\u00e1n, en Burdeos, en California&#8230; Y en Argentina lo hemos hecho con el centro de investigaci\u00f3n de Catena. Tambi\u00e9n publicamos nuestras investigaciones en la Review des Enologie de Francia.<\/p>\n\n\n\n<div style=\"height:45px\" aria-hidden=\"true\" class=\"wp-block-spacer\"><\/div>\n\n\n\n<blockquote class=\"wp-block-quote is-layout-flow wp-block-quote-is-layout-flow\">\n<p><em>Con la variedad de soluciones de Diam los en\u00f3logos van a poder controlar&nbsp;el ox\u00edgeno, si el proceso de envejecimiento del vino va m\u00e1s r\u00e1pido o m\u00e1s lento, elegir un tap\u00f3n seg\u00fan si va a poner el vino en el mercado enseguida o lo va a tener en stock m\u00e1s tiempo. Hemos destapados vinos del 2007 y 2008 y te das cuenta que evolucion\u00f3 perfectamente, que todo lo que se estudi\u00f3 en Diam en la teor\u00eda se ve en la pr\u00e1ctica.<\/em><\/p>\n<cite><strong>Alejandro Karnincic, director fundador de Altasur<\/strong><\/cite><\/blockquote>\n\n\n\n<div style=\"height:35px\" aria-hidden=\"true\" class=\"wp-block-spacer\"><\/div>\n\n\n\n<p class=\"has-vivid-red-color has-text-color\"><strong>-\u00bfComo es la cartera de productos y la experiencia de estos a\u00f1os con los productos de Diam en el mercado sudamericano?<\/strong><\/p>\n\n\n\n<p><strong>-Alejandro Karnincic:<\/strong> Aqu\u00ed lo que m\u00e1s se vende es Diam 5 y Diam 3, pero el crecimiento que hemos tenido en Diam 10 y 30 en los \u00faltimos 3 a\u00f1os ha sido notable, que son los que se adaptan a los vinos de larga guarda. Cada vez nos vamos m\u00e1s a la alta gama, siempre en sinton\u00eda con el <strong>slogan de Diam, que es que el corcho es \u201cel ultimo acto enol\u00f3gico\u201d<\/strong>, porque es una elecci\u00f3n enol\u00f3gica decisiva para preservar la correcta evoluci\u00f3n del vino en la botella a lo largo de su guarda, respetando el perfil arom\u00e1tico deseado controlando el ox\u00edgeno y el tiempo. Como dijo Fran\u00e7ois, los en\u00f3logos son cada vez m\u00e1s precisos, buscan cada vez m\u00e1s tecnolog\u00eda, todos buscan la perfecci\u00f3n. <\/p>\n\n\n\n<p>Con Diam tenemos ese cierre perfecto, y los en\u00f3logos lo reconocen, saben que si eligen mal un tap\u00f3n, si compran algo equivocado, todo el trabajo que hicieron en el a\u00f1o se arruina. Con la variedad de soluciones de Diam los en\u00f3logos van poder controlar&nbsp;el ox\u00edgeno con la posibilidad de elegir diferentes permeabilidades en funci\u00f3n de las necesidades de cada vino, o el tipo de tap\u00f3n seg\u00fan si el proceso de envejecimiento del vino es m\u00e1s r\u00e1pido o m\u00e1s lento, elegir un tap\u00f3n seg\u00fan si va a poner el vino en el mercado enseguida o lo va a tener en stock m\u00e1s tiempo. Hemos destapados vinos del 2007 y 2008 y te das cuenta que evolucion\u00f3 perfectamente, que todo lo que se estudi\u00f3 en Diam en la teor\u00eda se ve en la pr\u00e1ctica.<\/p>\n\n\n\n<div style=\"height:30px\" aria-hidden=\"true\" class=\"wp-block-spacer\"><\/div>\n\n\n<div class=\"wp-block-image\">\n<figure class=\"aligncenter size-full is-resized\"><a href=\"https:\/\/enolife.com.ar\/es\/wp-content\/uploads\/2023\/05\/Imagen1.jpg\" data-rel=\"penci-gallery-image-content\" ><img loading=\"lazy\" decoding=\"async\" src=\"https:\/\/enolife.com.ar\/es\/wp-content\/uploads\/2023\/05\/Imagen1.jpg\" alt=\"\" class=\"wp-image-92123\" width=\"474\" height=\"463\" srcset=\"https:\/\/enolife.com.ar\/es\/wp-content\/uploads\/2023\/05\/Imagen1.jpg 446w, https:\/\/enolife.com.ar\/es\/wp-content\/uploads\/2023\/05\/Imagen1-300x293.jpg 300w\" sizes=\"auto, (max-width: 474px) 100vw, 474px\" \/><\/a><figcaption class=\"wp-element-caption\"><em><strong>Tapones Diam seg\u00fan las propiedades mec\u00e1nicas y permeabilidad necesaria para cada tipo de vino.<\/strong><\/em><\/figcaption><\/figure><\/div>\n\n\n<div style=\"height:35px\" aria-hidden=\"true\" class=\"wp-block-spacer\"><\/div>\n\n\n\n<p class=\"has-vivid-red-color has-text-color\"><strong>-\u00bfQu\u00e9 porcentaje del mercado argentino tiene Diam?<\/strong><\/p>\n\n\n\n<p><strong>-AK: <\/strong>En Argentina tenemos entre el 50 y el 60% de los vinos de alta gama. Y a nivel mundial, el <em>share<\/em> es del 30% en vinos de alta gama. Diam no cierra vinos de menos de 10 dolares en Estados Unidos o de menos de 5 euros en Europa. Para esos vinos hay otras soluciones de m\u00e1s bajo precio.<\/p>\n\n\n\n<div style=\"height:45px\" aria-hidden=\"true\" class=\"wp-block-spacer\"><\/div>\n\n\n\n<div style=\"height:40px\" aria-hidden=\"true\" class=\"wp-block-spacer\"><\/div>\n","protected":false},"excerpt":{"rendered":"<p>La empresa de origen franc\u00e9s fabricante de tapones de corcho design\u00f3 como nuevo director comercial&hellip;<\/p>\n","protected":false},"author":3,"featured_media":92117,"comment_status":"open","ping_status":"open","sticky":false,"template":"","format":"standard","meta":{"footnotes":""},"categories":[57,4],"tags":[],"class_list":["post-89977","post","type-post","status-publish","format-standard","has-post-thumbnail","hentry","category-empresas","category-protagonistas"],"_links":{"self":[{"href":"https:\/\/enolife.com.ar\/es\/wp-json\/wp\/v2\/posts\/89977","targetHints":{"allow":["GET"]}}],"collection":[{"href":"https:\/\/enolife.com.ar\/es\/wp-json\/wp\/v2\/posts"}],"about":[{"href":"https:\/\/enolife.com.ar\/es\/wp-json\/wp\/v2\/types\/post"}],"author":[{"embeddable":true,"href":"https:\/\/enolife.com.ar\/es\/wp-json\/wp\/v2\/users\/3"}],"replies":[{"embeddable":true,"href":"https:\/\/enolife.com.ar\/es\/wp-json\/wp\/v2\/comments?post=89977"}],"version-history":[{"count":0,"href":"https:\/\/enolife.com.ar\/es\/wp-json\/wp\/v2\/posts\/89977\/revisions"}],"wp:featuredmedia":[{"embeddable":true,"href":"https:\/\/enolife.com.ar\/es\/wp-json\/wp\/v2\/media\/92117"}],"wp:attachment":[{"href":"https:\/\/enolife.com.ar\/es\/wp-json\/wp\/v2\/media?parent=89977"}],"wp:term":[{"taxonomy":"category","embeddable":true,"href":"https:\/\/enolife.com.ar\/es\/wp-json\/wp\/v2\/categories?post=89977"},{"taxonomy":"post_tag","embeddable":true,"href":"https:\/\/enolife.com.ar\/es\/wp-json\/wp\/v2\/tags?post=89977"}],"curies":[{"name":"wp","href":"https:\/\/api.w.org\/{rel}","templated":true}]}}