{"id":89631,"date":"2023-04-06T19:04:02","date_gmt":"2023-04-06T19:04:02","guid":{"rendered":"https:\/\/enolife.com.ar\/es\/?p=89631"},"modified":"2023-04-10T11:07:51","modified_gmt":"2023-04-10T11:07:51","slug":"feria-solidaria-de-vinos-y-regalos-6-al-8-4-en-plaza-italia-y-21al-23-4-en-parque-san-martin","status":"publish","type":"post","link":"https:\/\/enolife.com.ar\/es\/feria-solidaria-de-vinos-y-regalos-6-al-8-4-en-plaza-italia-y-21al-23-4-en-parque-san-martin\/","title":{"rendered":"Feria solidaria de vinos y regalos: 6 al 8\/4 en Plaza Italia y 21 al 23\/4 en Parque San Mart\u00edn"},"content":{"rendered":"\n<h4 class=\"wp-block-heading\"><em><strong>Los d\u00edas 6, 7 y 8 de abril volvi\u00f3 a instalarse en la Plaza Italia de la Capital de Mendoza la ya cl\u00e1sica Feria de Arte Accesible organizada por Encuentro Indi, con la colaboraci\u00f3n de Municipalidad de Mendoza. Y los d\u00edas 21, 22 y 23 de abril se montar\u00e1 en el Parque General San Mart\u00edn, tambi\u00e9n de esta Capital. En ambas locaciones, el p\u00fablico local y turistas pueden adquirir vinos y aceites de oliva virgen extra artesanales, objetos de arte, ropa de dise\u00f1o y otros regalos a precios razonables, y de paso colaborar con instituciones ben\u00e9ficas que montan sus stands en el lugar.<\/strong><\/em><\/h4>\n\n\n\n<div style=\"height:41px\" aria-hidden=\"true\" class=\"wp-block-spacer\"><\/div>\n\n\n<a href=\"https:\/\/estanciamendoza.com.ar\/es\/\" aria-label=\"Copia de BEM &#8211; Banner adaptaciones diario digital_BEM &#8211; Banner Enolife &#8211; 1700&#215;500\"><img loading=\"lazy\" decoding=\"async\" src=\"https:\/\/enolife.com.ar\/es\/wp-content\/uploads\/2019\/07\/Copia-de-BEM-Banner-adaptaciones-diario-digital_BEM-Banner-Enolife-1700x500-1.jpg\" alt=\"\"  srcset=\"https:\/\/enolife.com.ar\/es\/wp-content\/uploads\/2019\/07\/Copia-de-BEM-Banner-adaptaciones-diario-digital_BEM-Banner-Enolife-1700x500-1.jpg 1700w, https:\/\/enolife.com.ar\/es\/wp-content\/uploads\/2019\/07\/Copia-de-BEM-Banner-adaptaciones-diario-digital_BEM-Banner-Enolife-1700x500-1-300x88.jpg 300w, https:\/\/enolife.com.ar\/es\/wp-content\/uploads\/2019\/07\/Copia-de-BEM-Banner-adaptaciones-diario-digital_BEM-Banner-Enolife-1700x500-1-1024x301.jpg 1024w, https:\/\/enolife.com.ar\/es\/wp-content\/uploads\/2019\/07\/Copia-de-BEM-Banner-adaptaciones-diario-digital_BEM-Banner-Enolife-1700x500-1-768x226.jpg 768w, https:\/\/enolife.com.ar\/es\/wp-content\/uploads\/2019\/07\/Copia-de-BEM-Banner-adaptaciones-diario-digital_BEM-Banner-Enolife-1700x500-1-1536x452.jpg 1536w, https:\/\/enolife.com.ar\/es\/wp-content\/uploads\/2019\/07\/Copia-de-BEM-Banner-adaptaciones-diario-digital_BEM-Banner-Enolife-1700x500-1-1170x344.jpg 1170w, https:\/\/enolife.com.ar\/es\/wp-content\/uploads\/2019\/07\/Copia-de-BEM-Banner-adaptaciones-diario-digital_BEM-Banner-Enolife-1700x500-1-585x172.jpg 585w\" sizes=\"auto, (max-width: 1700px) 100vw, 1700px\" width=\"1700\" height=\"500\"   \/><\/a>\n\n\n<div style=\"height:45px\" aria-hidden=\"true\" class=\"wp-block-spacer\"><\/div>\n\n\n\n<p>Los d\u00edas&nbsp;<strong>6, 7, y 8 de abril<\/strong>&nbsp;volvi\u00f3 a montarse la ya tradicional&nbsp;<strong>Feria Accesible<\/strong> en la <strong>Plaza Italia<\/strong>, ubicada entre las calles San Lorenzo, Montevideo, Per\u00fa y 25 de Mayo de la <strong>Capital de Mendoza<\/strong><strong>.<\/strong> La misma iniciativa se replicar\u00e1 el fin de semana del <strong>21 al 23 de este mismo mes en la calle Los Robles del Parque General San Mart\u00edn<\/strong> de esta ciudad. La Feria tiene acceso libre y gratuito y ofrece la posibilidad de pasear, degustar y comprar productos regionales en stands y foodtrucks. A la vez, con su adquisici\u00f3n, los visitantes colaboran con organizaciones solidarias que all\u00ed comercializan sus productos.<\/p>\n\n\n\n<div style=\"height:25px\" aria-hidden=\"true\" class=\"wp-block-spacer\"><\/div>\n\n\n\n<div class=\"wp-block-group is-content-justification-center is-nowrap is-layout-flex wp-container-core-group-is-layout-94bc23d7 wp-block-group-is-layout-flex\">\n<figure class=\"wp-block-image size-large is-resized\"><a href=\"https:\/\/enolife.com.ar\/es\/wp-content\/uploads\/2023\/04\/b5cf5cc1-4fe1-446b-8ba4-e3834bf68c17.jpg\" data-rel=\"penci-gallery-image-content\" ><img loading=\"lazy\" decoding=\"async\" src=\"https:\/\/enolife.com.ar\/es\/wp-content\/uploads\/2023\/04\/b5cf5cc1-4fe1-446b-8ba4-e3834bf68c17-1024x1024.jpg\" alt=\"\" class=\"wp-image-89637\" width=\"334\" height=\"334\" srcset=\"https:\/\/enolife.com.ar\/es\/wp-content\/uploads\/2023\/04\/b5cf5cc1-4fe1-446b-8ba4-e3834bf68c17-1024x1024.jpg 1024w, https:\/\/enolife.com.ar\/es\/wp-content\/uploads\/2023\/04\/b5cf5cc1-4fe1-446b-8ba4-e3834bf68c17-300x300.jpg 300w, https:\/\/enolife.com.ar\/es\/wp-content\/uploads\/2023\/04\/b5cf5cc1-4fe1-446b-8ba4-e3834bf68c17-150x150.jpg 150w, https:\/\/enolife.com.ar\/es\/wp-content\/uploads\/2023\/04\/b5cf5cc1-4fe1-446b-8ba4-e3834bf68c17-768x768.jpg 768w, https:\/\/enolife.com.ar\/es\/wp-content\/uploads\/2023\/04\/b5cf5cc1-4fe1-446b-8ba4-e3834bf68c17-585x585.jpg 585w, https:\/\/enolife.com.ar\/es\/wp-content\/uploads\/2023\/04\/b5cf5cc1-4fe1-446b-8ba4-e3834bf68c17.jpg 1080w\" sizes=\"auto, (max-width: 334px) 100vw, 334px\" \/><\/a><\/figure>\n\n\n\n<figure class=\"wp-block-image size-large is-resized\"><a href=\"https:\/\/enolife.com.ar\/es\/wp-content\/uploads\/2023\/04\/aacd755a-ff70-4024-b1ea-fac222792f6e.jpg\" data-rel=\"penci-gallery-image-content\" ><img loading=\"lazy\" decoding=\"async\" src=\"https:\/\/enolife.com.ar\/es\/wp-content\/uploads\/2023\/04\/aacd755a-ff70-4024-b1ea-fac222792f6e-1024x1024.jpg\" alt=\"\" class=\"wp-image-89638\" width=\"336\" height=\"336\" srcset=\"https:\/\/enolife.com.ar\/es\/wp-content\/uploads\/2023\/04\/aacd755a-ff70-4024-b1ea-fac222792f6e-1024x1024.jpg 1024w, https:\/\/enolife.com.ar\/es\/wp-content\/uploads\/2023\/04\/aacd755a-ff70-4024-b1ea-fac222792f6e-300x300.jpg 300w, https:\/\/enolife.com.ar\/es\/wp-content\/uploads\/2023\/04\/aacd755a-ff70-4024-b1ea-fac222792f6e-150x150.jpg 150w, https:\/\/enolife.com.ar\/es\/wp-content\/uploads\/2023\/04\/aacd755a-ff70-4024-b1ea-fac222792f6e-768x768.jpg 768w, https:\/\/enolife.com.ar\/es\/wp-content\/uploads\/2023\/04\/aacd755a-ff70-4024-b1ea-fac222792f6e-585x585.jpg 585w, https:\/\/enolife.com.ar\/es\/wp-content\/uploads\/2023\/04\/aacd755a-ff70-4024-b1ea-fac222792f6e.jpg 1080w\" sizes=\"auto, (max-width: 336px) 100vw, 336px\" \/><\/a><\/figure>\n<\/div>\n\n\n\n<div style=\"height:25px\" aria-hidden=\"true\" class=\"wp-block-spacer\"><\/div>\n\n\n\n<p>En esta edici\u00f3n, la novedad es la incorporaci\u00f3n del stand de la organizaci\u00f3n <strong>Enmendando Mis Errores (EME),<\/strong> que fabrica y comercializa productos artesanales elaborados por <strong>personas privadas de libertad (PPL)<\/strong> alojadas en establecimientos del <strong>Servicio Penitenciario Nacional<\/strong> <strong>(SPN)<\/strong>. All\u00ed se expondr\u00e1n trabajos fabricados por internos de la <strong>Unidad XIV<\/strong> del PPL ubicada en El Borboll\u00f3n, Las Heras. La organizaci\u00f3n del stand de EME, cabe consignarlo, es obra del equipo de la <strong>Unidad de Producci\u00f3n<\/strong>, a cargo del director <strong>Mauricio Poroy\u00e1n<\/strong>; del director de la Unidad XIV, <strong>Marcelo Garc\u00eda<\/strong>; y de la jefa de Trabajo y Producci\u00f3n, <strong>Antonella Fiore<\/strong>. Quienes adem\u00e1s de visitar y comprar en la Feria quieran conectarse con esta iniciativa solidaria, conocer los productos artesanales que fabrican las PPL, pueden contactarse a su sal\u00f3n de ventas llamando al <strong>5202760<\/strong>.<\/p>\n\n\n\n<div style=\"height:25px\" aria-hidden=\"true\" class=\"wp-block-spacer\"><\/div>\n\n\n<div class=\"wp-block-image\">\n<figure class=\"aligncenter size-full is-resized\"><a href=\"https:\/\/enolife.com.ar\/es\/wp-content\/uploads\/2023\/04\/42a9f699-2129-434b-abd5-03b523c0e14a.jpg\" data-rel=\"penci-gallery-image-content\" ><img loading=\"lazy\" decoding=\"async\" src=\"https:\/\/enolife.com.ar\/es\/wp-content\/uploads\/2023\/04\/42a9f699-2129-434b-abd5-03b523c0e14a.jpg\" alt=\"\" class=\"wp-image-89635\" width=\"529\" height=\"397\" srcset=\"https:\/\/enolife.com.ar\/es\/wp-content\/uploads\/2023\/04\/42a9f699-2129-434b-abd5-03b523c0e14a.jpg 665w, https:\/\/enolife.com.ar\/es\/wp-content\/uploads\/2023\/04\/42a9f699-2129-434b-abd5-03b523c0e14a-300x226.jpg 300w, https:\/\/enolife.com.ar\/es\/wp-content\/uploads\/2023\/04\/42a9f699-2129-434b-abd5-03b523c0e14a-585x440.jpg 585w\" sizes=\"auto, (max-width: 529px) 100vw, 529px\" \/><\/a><figcaption class=\"wp-element-caption\"><em><strong>Stand de la organizaci\u00f3n Enmendando Mis Errores (EME)<\/strong><\/em><\/figcaption><\/figure><\/div>\n\n\n<div style=\"height:25px\" aria-hidden=\"true\" class=\"wp-block-spacer\"><\/div>\n\n\n\n<p>La Feria Inclusiva, que se implementa&nbsp;<strong>desde 2012<\/strong>, tiene tambi\u00e9n como uno de sus objetivos declarados integrar a personas con discapacidad, quienes comercializan su producci\u00f3n de diferentes objetos que son realizados en talleres protegidos de ONGs locales. La actividad ha sido declarada de inter\u00e9s p\u00fablico por la&nbsp;<strong>C\u00e1mara de Diputados de Mendoza<\/strong>&nbsp;(resoluci\u00f3n 368 de 2022), y en esta oportunidad tambi\u00e9n contar\u00e1 con la participaci\u00f3n de la&nbsp;<strong>Fundaci\u00f3n Cullunche<\/strong>&nbsp;y&nbsp;<strong>Fundaci\u00f3n La Campolina<\/strong>. Ambas instituciones vender\u00e1n sus productos para poder dar continuidad a las actividades ambientales y solidarias programadas para este a\u00f1o.<\/p>\n\n\n\n<p>La propuesta es organizada por&nbsp;<strong>Encuento INDI<\/strong>, con el aval de la&nbsp;<strong>Municipalidad de Mendoza<\/strong>. Como siempre, estar\u00e1n presentes los buenos artesanos y emprendedores mendocinos, con sus libros, aceites, vinos, objetos de arte de cer\u00e1mica, plantas, velas de soja, cuadros, ilustraciones y m\u00e1s.<\/p>\n\n\n\n<div style=\"height:25px\" aria-hidden=\"true\" class=\"wp-block-spacer\"><\/div>\n\n\n\n<p class=\"has-background\" style=\"background-color:#8dd2fc66\"><strong>En resumen:<\/strong><br>-Feria Inclusiva de Arte Accesible<br>-D\u00edas: 6, 7 y 8\/4 y posteriormente 21, 22 y 23\/4<br>-Lugares: 6, 7 y 8\/4 en Plaza Italia de la Capital de Mendoza; y los d\u00edas 21, 22 y 23\/4 en la calle Los Robles del Parque General San Mart\u00edn<br>-Entrada libre y gratuita<br>-Pet friendly<\/p>\n\n\n\n<div style=\"height:47px\" aria-hidden=\"true\" class=\"wp-block-spacer\"><\/div>\n","protected":false},"excerpt":{"rendered":"<p>Los d\u00edas 6, 7 y 8 de abril volvi\u00f3 a instalarse en la Plaza Italia&hellip;<\/p>\n","protected":false},"author":3,"featured_media":89642,"comment_status":"open","ping_status":"open","sticky":false,"template":"","format":"standard","meta":{"footnotes":""},"categories":[47],"tags":[],"class_list":["post-89631","post","type-post","status-publish","format-standard","has-post-thumbnail","hentry","category-agenda"],"_links":{"self":[{"href":"https:\/\/enolife.com.ar\/es\/wp-json\/wp\/v2\/posts\/89631","targetHints":{"allow":["GET"]}}],"collection":[{"href":"https:\/\/enolife.com.ar\/es\/wp-json\/wp\/v2\/posts"}],"about":[{"href":"https:\/\/enolife.com.ar\/es\/wp-json\/wp\/v2\/types\/post"}],"author":[{"embeddable":true,"href":"https:\/\/enolife.com.ar\/es\/wp-json\/wp\/v2\/users\/3"}],"replies":[{"embeddable":true,"href":"https:\/\/enolife.com.ar\/es\/wp-json\/wp\/v2\/comments?post=89631"}],"version-history":[{"count":0,"href":"https:\/\/enolife.com.ar\/es\/wp-json\/wp\/v2\/posts\/89631\/revisions"}],"wp:featuredmedia":[{"embeddable":true,"href":"https:\/\/enolife.com.ar\/es\/wp-json\/wp\/v2\/media\/89642"}],"wp:attachment":[{"href":"https:\/\/enolife.com.ar\/es\/wp-json\/wp\/v2\/media?parent=89631"}],"wp:term":[{"taxonomy":"category","embeddable":true,"href":"https:\/\/enolife.com.ar\/es\/wp-json\/wp\/v2\/categories?post=89631"},{"taxonomy":"post_tag","embeddable":true,"href":"https:\/\/enolife.com.ar\/es\/wp-json\/wp\/v2\/tags?post=89631"}],"curies":[{"name":"wp","href":"https:\/\/api.w.org\/{rel}","templated":true}]}}