{"id":89608,"date":"2023-04-05T23:16:21","date_gmt":"2023-04-05T23:16:21","guid":{"rendered":"https:\/\/enolife.com.ar\/es\/?p=89608"},"modified":"2023-04-09T17:48:53","modified_gmt":"2023-04-09T17:48:53","slug":"bodegas-de-argentina-aprobo-el-dolar-agro-a-300-para-exportar-y-aguarda-su-implementacion","status":"publish","type":"post","link":"https:\/\/enolife.com.ar\/es\/bodegas-de-argentina-aprobo-el-dolar-agro-a-300-para-exportar-y-aguarda-su-implementacion\/","title":{"rendered":"Bodegas de Argentina aprob\u00f3 el d\u00f3lar agro a $300 para exportar y aguarda su implementaci\u00f3n"},"content":{"rendered":"\n<h4 class=\"wp-block-heading\"><em><strong>La C\u00e1mara de la industria del vino que nuclea a 250 establecimientos de todas las zonas vitivin\u00edcolas del pa\u00eds, emiti\u00f3 un comunicado hoy 5\/4 en el cual aprueba las definiciones del denominado \u00abPlan Incremento Exportador para las Econom\u00edas Regionales\u00bb de Argentina, en cuyo dise\u00f1o sus representantes participaron activamente junto a los equipos del Ministerio de Econom\u00eda y la Secretar\u00eda de Agricultura y Pesca de Argentina. Las medidas anunciadas involucran un tipo de cambio de $300 por d\u00f3lar para las exportaciones realizadas desde el 8 de abril hasta el 30 de agosto. (En foto principal, Milton Kuret, gerente general y Patricia Ortiz, presidenta de Bodegas de Argentina). <\/strong><\/em><\/h4>\n\n\n\n<div style=\"height:35px\" aria-hidden=\"true\" class=\"wp-block-spacer\"><\/div>\n\n\n<a href=\"https:\/\/www.linkedin.com\/company\/agrinet-sa\/?originalSubdomain=ar\" aria-label=\"1700X500\"><img loading=\"lazy\" decoding=\"async\" src=\"https:\/\/enolife.com.ar\/es\/wp-content\/uploads\/2021\/11\/1700X500.gif\" alt=\"\"  width=\"1700\" height=\"500\"   \/><\/a>\n\n\n<div style=\"height:45px\" aria-hidden=\"true\" class=\"wp-block-spacer\"><\/div>\n\n\n\n<p>A continuaci\u00f3n replicamos el comunicado emitido por Bodegas de Argentina:<\/p>\n\n\n\n<p><em>\u00abBodegas de Argentina, a trav\u00e9s de sus autoridades, ha participado activamente en las definiciones del Plan Incremento Exportador para las Econom\u00edas Regionales, con los equipos del Ministerio de Econom\u00eda y la Secretar\u00eda de Agricultura y Pesca de la Naci\u00f3n.<\/em><\/p>\n\n\n\n<p><em>\u00abEn este sentido, las medidas generales fueron consideradas como positivas para el sector, frente a la p\u00e9rdida de competitividad en los mercados internacionales a ra\u00edz de los incrementos en los costos de los productos, fundamentalmente de materia prima, como consecuencia de los efectos clim\u00e1ticos frente a un tipo de cambio que genera una p\u00e9rdida de rentabilidad en los mercados internacionales.<\/em><\/p>\n\n\n\n<div style=\"height:31px\" aria-hidden=\"true\" class=\"wp-block-spacer\"><\/div>\n\n\n\n<blockquote class=\"wp-block-quote is-layout-flow wp-block-quote-is-layout-flow\">\n<p><em>Celebramos que nuestras inquietudes hayan sido escuchadas por las autoridades nacionales.<\/em>\u00ab<\/p>\n<cite>Patricia Ortiz, presidenta Bodegas de Argentina<\/cite><\/blockquote>\n\n\n\n<div style=\"height:30px\" aria-hidden=\"true\" class=\"wp-block-spacer\"><\/div>\n\n\n\n<p><em>\u00abLas medidas anunciadas involucran un tipo de cambio de 300 $\/d\u00f3lar para las exportaciones realizadas desde el 8 de abril hasta el 30 de agosto, deben ser complementadas por aquellas que se definan en los pr\u00f3ximos d\u00edas a efectos de la implementaci\u00f3n efectiva de los anuncios.<\/em><\/p>\n\n\n\n<p><em>\u00abDesde Bodegas de Argentina continuaremos trabajando en la definici\u00f3n de los detalles a efectos de alcanzar con \u00e9xito los beneficios esperados para el sector.<\/em><\/p>\n\n\n\n<p><strong>Patricia Ortiz<\/strong>, presidenta de la C\u00e1mara,<strong> <\/strong>indic\u00f3: <em>\u201cCelebramos que nuestras inquietudes hayan sido escuchadas por las autoridades nacionales. Hoy las bodegas est\u00e1n en una situaci\u00f3n cr\u00edtica, y esperamos que con estas medidas podamos encaminarnos en el hist\u00f3rico sendero exportador, tan complejo en estos momentos.\u201d<\/em><\/p>\n\n\n\n<div style=\"height:45px\" aria-hidden=\"true\" class=\"wp-block-spacer\"><\/div>\n","protected":false},"excerpt":{"rendered":"<p>La C\u00e1mara de la industria del vino que nuclea a 250 establecimientos de todas las&hellip;<\/p>\n","protected":false},"author":3,"featured_media":89620,"comment_status":"open","ping_status":"open","sticky":false,"template":"","format":"standard","meta":{"footnotes":""},"categories":[14],"tags":[],"class_list":["post-89608","post","type-post","status-publish","format-standard","has-post-thumbnail","hentry","category-news"],"_links":{"self":[{"href":"https:\/\/enolife.com.ar\/es\/wp-json\/wp\/v2\/posts\/89608","targetHints":{"allow":["GET"]}}],"collection":[{"href":"https:\/\/enolife.com.ar\/es\/wp-json\/wp\/v2\/posts"}],"about":[{"href":"https:\/\/enolife.com.ar\/es\/wp-json\/wp\/v2\/types\/post"}],"author":[{"embeddable":true,"href":"https:\/\/enolife.com.ar\/es\/wp-json\/wp\/v2\/users\/3"}],"replies":[{"embeddable":true,"href":"https:\/\/enolife.com.ar\/es\/wp-json\/wp\/v2\/comments?post=89608"}],"version-history":[{"count":0,"href":"https:\/\/enolife.com.ar\/es\/wp-json\/wp\/v2\/posts\/89608\/revisions"}],"wp:featuredmedia":[{"embeddable":true,"href":"https:\/\/enolife.com.ar\/es\/wp-json\/wp\/v2\/media\/89620"}],"wp:attachment":[{"href":"https:\/\/enolife.com.ar\/es\/wp-json\/wp\/v2\/media?parent=89608"}],"wp:term":[{"taxonomy":"category","embeddable":true,"href":"https:\/\/enolife.com.ar\/es\/wp-json\/wp\/v2\/categories?post=89608"},{"taxonomy":"post_tag","embeddable":true,"href":"https:\/\/enolife.com.ar\/es\/wp-json\/wp\/v2\/tags?post=89608"}],"curies":[{"name":"wp","href":"https:\/\/api.w.org\/{rel}","templated":true}]}}