{"id":8948,"date":"2020-03-08T17:21:03","date_gmt":"2020-03-08T17:21:03","guid":{"rendered":"http:\/\/enolife.com.ar\/es\/?p=8948"},"modified":"2020-03-11T18:06:58","modified_gmt":"2020-03-11T18:06:58","slug":"la-titular-de-bodegas-de-argentina-pidio-una-mesa-de-enlace-un-nuevo-pevi-y-reformar-la-coviar","status":"publish","type":"post","link":"https:\/\/enolife.com.ar\/es\/la-titular-de-bodegas-de-argentina-pidio-una-mesa-de-enlace-un-nuevo-pevi-y-reformar-la-coviar\/","title":{"rendered":"La titular de Bodegas de Argentina pidi\u00f3 una mesa de enlace, un nuevo PEVI  y reformar la Coviar"},"content":{"rendered":"\n<h4 class=\"wp-block-heading\"><em><strong>Ayer, en el d\u00eda central de la Fiesta de la Vendimia, tuvieron lugar las dos tradicionales citas donde se pone en escena la pol\u00edtica vitivin\u00edcola: el Desayuno de la Corporaci\u00f3n Vitivin\u00edcola Argentina y el Almuerzo de Bodegas de Argentina -la c\u00e1mara empresaria que nuclea a m\u00e1s de 250 establecimientos del pa\u00eds. Por primera vez enfrentadas p\u00fablicamente, ambas entidades plantearon discursos contrapuestos ante los mismos interlocutores calificados: el gobernador de Mendoza, ministros, legisladores de la Naci\u00f3n y bodegueros que apoyan a una y otra entidad.<\/strong><\/em><\/h4>\n\n\n\n<hr class=\"wp-block-separator\"\/>\n\n\n\n<h4 class=\"wp-block-heading\"><em><strong>En Bodega Tapiche, Patricia Ortiz, la presidenta de Bodegas de Argentina, reiter\u00f3 las duras cr\u00edticas de sus asociados contra la Coviar: \u00abEl Plan Estrat\u00e9gico 2020 fue un fracaso porque la Coviar dej\u00f3 de cumplir el objetivo para el cual fue creada y se dedic\u00f3 a la autopromoci\u00f3n\u00bb. <\/strong><\/em><\/h4>\n\n\n\n<div style=\"height:28px\" aria-hidden=\"true\" class=\"wp-block-spacer\"><\/div>\n\n\n\n<p>La edici\u00f3n 2020 del agasajo de Bodegas de Argentina se realiz\u00f3 el s\u00e1bado 7\/3 en la Bodega Trapiche de Maip\u00fa,&nbsp;y cont\u00f3 con la presencia de los protagonistas m\u00e1s destacados de la pol\u00edtica mendocina, entre ellos el gobernador Rodolfo Su\u00e1rez, el vicegobernador Mario Abed, el ex gobernador Alfredo Cornejo e integrantes del Gabinete provincial. Las palabras m\u00e1s significativa, por el lado de los organizadores, estuvieron en boca de la titular de la entidad, Patricia Ortiz.<\/p>\n\n\n\n<div style=\"height:20px\" aria-hidden=\"true\" class=\"wp-block-spacer\"><\/div>\n\n\n\n<blockquote class=\"wp-block-quote is-layout-flow wp-block-quote-is-layout-flow\"><p>En su discurso, la presidenta de Bodegas de Argentina subray\u00f3 que el pa\u00eds est\u00e1 \u201cen emergencia social, con un complejo contexto econ\u00f3mico\u201d. Esta situaci\u00f3n, para Ortiz, \u201cno distingue a grandes de chicos&nbsp;y afecta a todos los sectores de la cadena\u201d.<\/p><cite>Patricia Ortiz, titular de Bodegas de Argentina.<\/cite><\/blockquote>\n\n\n\n<div style=\"height:20px\" aria-hidden=\"true\" class=\"wp-block-spacer\"><\/div>\n\n\n\n<p>En ese sentido, la tambi\u00e9n l\u00edder de las bodegas Fincas Patag\u00f3nicas S. A. y Tapiz subray\u00f3 la dif\u00edcil situaci\u00f3n del mercado vitivin\u00edcola, \u00abde capa ca\u00edda en cuanto a ventas internas y con niveles de exportaci\u00f3n paralizados\u00bb. \u201cEl mercado interno -rese\u00f1\u00f3 Ortiz- ha perdido 2.100 millones de litros de consumo en la \u00faltima d\u00e9cada y las exportaciones est\u00e1n estancadas desde hace 10 a\u00f1os\u201d. Ortiz sostuvo que el Plan Estrat\u00e9gico Vitivin\u00edcola 2020 fue \u201cun fracaso\u201d, y que Bodegas de Argentina, junto a otros actores de la cadena vitivin\u00edcola, planea \u201cfacilitar la creaci\u00f3n de una mesa de enlace, para generar un nuevo plan estrat\u00e9gico y reformar la Coviar\u201d.<\/p>\n\n\n\n<p>El discurso de Ortiz, cuyos argumentos ya son p\u00fablicos desde que su entidad renunciara a la Coviar en diciembre de 2019, se produce tras el revuelo causado por la designaci\u00f3n de Jos\u00e9 \u00abPepe\u00bb Zuccardi como presidente de la Coviar. Luego de conocerse ese nombramiento, las principales entidades vitivin\u00edcolas asociadas a Bodegas de Argentina manifestaron su disconformidad respecto de&nbsp;la forma en que se conduce la Coviar.&nbsp;\u201cLa Coviar&nbsp;dej\u00f3 de cumplir con los objetivos de su creaci\u00f3n y su foco pas\u00f3 a ser la autopromoci\u00f3n e&nbsp;implementaci\u00f3n de programas que en nada favorec\u00edan el crecimiento de la industria\u201d, apunt\u00f3 Ortiz. Y agreg\u00f3: \u201cCorrieron el eje de la discusi\u00f3n, descalificando empresas y personas, poniendo de manifiesto su falta de capacidad de di\u00e1logo y respeto a quienes invierten y generan trabajo\u201d.<\/p>\n\n\n\n<div style=\"height:20px\" aria-hidden=\"true\" class=\"wp-block-spacer\"><\/div>\n\n\n\n<div class=\"wp-block-image\"><figure class=\"aligncenter\"><a href=\"https:\/\/twitter.com\/rodysuarez\/status\/1236348104519094272\/photo\/1\"><img decoding=\"async\" src=\"https:\/\/pbs.twimg.com\/media\/EShkCVVWsAA5qAW?format=jpg&amp;name=small\" alt=\"Ver imagen en Twitter\"\/><\/a><figcaption><em>Patricia Ortiz -al centro- rodeada del gobernador Rody Su\u00e1rez, el vicegobernador Mario Abed, integrantes del Gabinete provincial, bodegueros y dirigentes vitivin\u00edcolas<\/em>.<\/figcaption><\/figure><\/div>\n\n\n\n<div style=\"height:25px\" aria-hidden=\"true\" class=\"wp-block-spacer\"><\/div>\n\n\n\n<p class=\"has-medium-font-size\"><strong>Una tradici\u00f3n que se remonta al comienzo de la Vendimia<\/strong><\/p>\n\n\n\n<div style=\"height:20px\" aria-hidden=\"true\" class=\"wp-block-spacer\"><\/div>\n\n\n\n<p>El agasajo de Bodegas de Argentina es un tradicional almuerzo de la vitivinicultura argentina que se realiza desde el inicio mismo de la Fiesta Nacional de la Vendimia, en el a\u00f1o 1936. A partir de 1994 se llam\u00f3 Agasajo de la Vendimia y en 2018 cambi\u00f3 su nombre a Agasajo de Bodegas de Argentina. En el medio, durante largo tiempo fue conocido como el \u00abAlmuerzo de las Fuerzas Vivas\u00bb.<\/p>\n\n\n\n<div style=\"height:20px\" aria-hidden=\"true\" class=\"wp-block-spacer\"><\/div>\n\n\n\n<blockquote class=\"wp-block-quote is-layout-flow wp-block-quote-is-layout-flow\"><p>El agasajo al mediod\u00eda en la jornada central de Vendimia es organizado por Bodegas de Argentina como parte de los festejos de la Vendimia, y por eso se realiza el mismo d\u00eda del Acto Central. Es un encuentro de camarader\u00eda en el que empresarios y referentes de la industria se encuentran para analizar e intercambiar opiniones sobre la situaci\u00f3n actual, adem\u00e1s de disfrutar de vinos acompa\u00f1ados por un servicio gastron\u00f3mico.<\/p><cite>Un almuerzo tradicional, de gran convocatoria.<\/cite><\/blockquote>\n\n\n\n<div style=\"height:20px\" aria-hidden=\"true\" class=\"wp-block-spacer\"><\/div>\n\n\n\n<p>Asisten tambi\u00e9n ejecutivos de todas las industrias proveedoras de la vitivinicultura y de organizaciones de diversos rubros de Mendoza y el pa\u00eds, autoridades gubernamentales nacionales y provinciales, diplom\u00e1ticos y medios de comunicaci\u00f3n.<\/p>\n\n\n\n<div style=\"height:20px\" aria-hidden=\"true\" class=\"wp-block-spacer\"><\/div>\n\n\n\n<p class=\"has-small-font-size\"><em><strong>Fuentes: Mendoza Post y Unidiversidad<\/strong><\/em><br><\/p>\n","protected":false},"excerpt":{"rendered":"<p>Ayer, en el d\u00eda central de la Fiesta de la Vendimia, tuvieron lugar las dos&hellip;<\/p>\n","protected":false},"author":3,"featured_media":8961,"comment_status":"open","ping_status":"open","sticky":false,"template":"","format":"standard","meta":{"footnotes":""},"categories":[14],"tags":[],"class_list":["post-8948","post","type-post","status-publish","format-standard","has-post-thumbnail","hentry","category-news"],"_links":{"self":[{"href":"https:\/\/enolife.com.ar\/es\/wp-json\/wp\/v2\/posts\/8948","targetHints":{"allow":["GET"]}}],"collection":[{"href":"https:\/\/enolife.com.ar\/es\/wp-json\/wp\/v2\/posts"}],"about":[{"href":"https:\/\/enolife.com.ar\/es\/wp-json\/wp\/v2\/types\/post"}],"author":[{"embeddable":true,"href":"https:\/\/enolife.com.ar\/es\/wp-json\/wp\/v2\/users\/3"}],"replies":[{"embeddable":true,"href":"https:\/\/enolife.com.ar\/es\/wp-json\/wp\/v2\/comments?post=8948"}],"version-history":[{"count":0,"href":"https:\/\/enolife.com.ar\/es\/wp-json\/wp\/v2\/posts\/8948\/revisions"}],"wp:featuredmedia":[{"embeddable":true,"href":"https:\/\/enolife.com.ar\/es\/wp-json\/wp\/v2\/media\/8961"}],"wp:attachment":[{"href":"https:\/\/enolife.com.ar\/es\/wp-json\/wp\/v2\/media?parent=8948"}],"wp:term":[{"taxonomy":"category","embeddable":true,"href":"https:\/\/enolife.com.ar\/es\/wp-json\/wp\/v2\/categories?post=8948"},{"taxonomy":"post_tag","embeddable":true,"href":"https:\/\/enolife.com.ar\/es\/wp-json\/wp\/v2\/tags?post=8948"}],"curies":[{"name":"wp","href":"https:\/\/api.w.org\/{rel}","templated":true}]}}