{"id":89390,"date":"2023-04-04T01:12:53","date_gmt":"2023-04-04T01:12:53","guid":{"rendered":"https:\/\/enolife.com.ar\/es\/?p=89390"},"modified":"2023-04-06T19:04:38","modified_gmt":"2023-04-06T19:04:38","slug":"malbec-argentino-campeon-el-lema-para-festejar-el-17-4-al-vino-nacional-mas-famoso-en-el-mundo","status":"publish","type":"post","link":"https:\/\/enolife.com.ar\/es\/malbec-argentino-campeon-el-lema-para-festejar-el-17-4-al-vino-nacional-mas-famoso-en-el-mundo\/","title":{"rendered":"\u00a1Malbec Argentino Campe\u00f3n!: el lema para festejar el 17\/4 al vino nacional m\u00e1s famoso en el mundo"},"content":{"rendered":"\n<h4 class=\"wp-block-heading\"><em><strong>Este a\u00f1o, la celebraci\u00f3n del D\u00eda Mundial del Malbec -evento conocido en el exterior por su traducci\u00f3n al ingl\u00e9s Malbec World Day (MWD)- tendr\u00e1 el m\u00e1ximo despliegue realizado hasta ahora desde su creaci\u00f3n en 2011 por Wines of Argentina (WOFA), la instituci\u00f3n encargada de la promoci\u00f3n de la marca \u00abVino argentino\u00bb en el mundo. Ser\u00e1n 20 presentaciones en 8 pa\u00edses, con catas, conferencias, ferias y clases magistrales a cargo de expertos. Adem\u00e1s, para la ocasi\u00f3n WOFA acu\u00f1\u00f3 el lema \u00ab\u00a1Malbec Argentino Campe\u00f3n!\u00bb, en sinton\u00eda con la obtenci\u00f3n del campeonato mundial de f\u00fatbol y para capitalizar la repercusi\u00f3n y el prestigio ganados por Lionel Messi y sus compa\u00f1eros.<\/strong><\/em><\/h4>\n\n\n\n<div style=\"height:41px\" aria-hidden=\"true\" class=\"wp-block-spacer\"><\/div>\n\n\n\n\n\n<div style=\"height:45px\" aria-hidden=\"true\" class=\"wp-block-spacer\"><\/div>\n\n\n\n<p><strong>Wines of Argentina (WOFA)<\/strong>, instituci\u00f3n encargada de la  promoci\u00f3n&nbsp;de la marca <strong>\u00abVino argentino\u00bb<\/strong> en el mundo, se prepara para el inicio de una de las campa\u00f1as de mayor alcance global para la industria vitivin\u00edcola de nuestro pa\u00eds: la celebraci\u00f3n del <strong>D\u00eda Mundial del Malbec<\/strong> o <strong>Malbec World Day<\/strong>, el pr\u00f3ximo 17 de abril. Este festejo, compuesto por muy diversas actividades de difusi\u00f3n -previas y posteriores a la fecha- en todo el planeta, busca desde hace 13 a\u00f1os seguir reforzando el posicionamiento del malbec como varietal insignia de Argentina. <\/p>\n\n\n\n<p>Durante todo este mes de abril tendr\u00e1n lugar m\u00faltiples eventos para consumidores,&nbsp;<em>trade<\/em>, <em>KOLs<\/em>, prensa e <em>influencers<\/em> en los principales mercados de exportaci\u00f3n, los que se suman a una serie de activaciones online para seguir amplificando el&nbsp;<em>reach&nbsp;<\/em>en el plano digital.<\/p>\n\n\n\n<div style=\"height:31px\" aria-hidden=\"true\" class=\"wp-block-spacer\"><\/div>\n\n\n\n<blockquote class=\"wp-block-quote is-layout-flow wp-block-quote-is-layout-flow\">\n<p>El malbec es nuestro Messi, nuestro \u201cDibu\u201d, es nuestro Goycochea, nuestro Maradona\u00bb<\/p>\n<cite>Alejandro Vigil, presidente de Wines of Argentina<\/cite><\/blockquote>\n\n\n\n<div style=\"height:37px\" aria-hidden=\"true\" class=\"wp-block-spacer\"><\/div>\n\n\n<div class=\"wp-block-image\">\n<figure class=\"alignleft size-full is-resized\"><a href=\"https:\/\/enolife.com.ar\/es\/wp-content\/uploads\/2023\/04\/Malbec-World-Day-2023-1.jpg\" data-rel=\"penci-gallery-image-content\" ><img loading=\"lazy\" decoding=\"async\" src=\"https:\/\/enolife.com.ar\/es\/wp-content\/uploads\/2023\/04\/Malbec-World-Day-2023-1.jpg\" alt=\"\" class=\"wp-image-89422\" width=\"309\" height=\"444\" srcset=\"https:\/\/enolife.com.ar\/es\/wp-content\/uploads\/2023\/04\/Malbec-World-Day-2023-1.jpg 449w, https:\/\/enolife.com.ar\/es\/wp-content\/uploads\/2023\/04\/Malbec-World-Day-2023-1-209x300.jpg 209w\" sizes=\"auto, (max-width: 309px) 100vw, 309px\" \/><\/a><\/figure><\/div>\n\n\n<p><strong>\u00ab\u00a1Malbec Argentino Campe\u00f3n!\u00bb<\/strong> es el lema elegido para esta nueva edici\u00f3n del festejo, aprovechando el gran momento que vive Argentina en t\u00e9rminos de exposici\u00f3n internacional tras la consagraci\u00f3n de la Selecci\u00f3n Nacional de F\u00fatbol en la Copa Mundial de Qatar 2023. Son pocos los atributos que posicionan al pa\u00eds en el centro del reconocimiento mundial tanto como el f\u00fatbol y el malbec. El malbec argentino es la variedad m\u00e1s extensamente cultivada en el territorio nacional, la de mayor producci\u00f3n y la m\u00e1s demandada por el mercado internacional. Como en el f\u00fatbol, en su elaboraci\u00f3n tambi\u00e9n hay un equipo de en\u00f3logos, ingenieros, agr\u00f3nomos y profesionales de la industria que -guiados por su conocimiento, el trabajo en equipo y motorizados por la pasi\u00f3n- supieron convertir al malbec en un campe\u00f3n del vino en la escena vitivin\u00edcola mundial.<\/p>\n\n\n\n<p><br>El concepto de esta edici\u00f3n es equiparar las repercusiones y el prestigio que tienen en el mundo tanto el f\u00fatbol como el malbec, y resalta los puntos de conexi\u00f3n entre ambos. Adem\u00e1s, incorpora los mensajes clave de la estrategia de comunicaci\u00f3n de WOFA,&nbsp;expresados en las campa\u00f1as <em><strong>\u201cArgentina&#8217;s Got Range\u201d <\/strong><\/em>y<em><strong>&nbsp;\u201cArgentina Unsurpassed\u201d,<\/strong><\/em> que comunican la compleja diversidad de Argentina como pa\u00eds vitivin\u00edcola, el prestigio alcanzado por la calidad de nuestros vinos y la apuesta a la innovaci\u00f3n y la sostenibilidad como pilares de la industria.<\/p>\n\n\n\n<p>Creado por WOFA, el festejo del <strong>Malbec World Day se inici\u00f3 el 17 de abril del 2011 <\/strong>y logr\u00f3 posicionarse como un hito y un punto de inflexi\u00f3n en la promoci\u00f3n del <strong>Vino Argentino<\/strong>&nbsp;en el mundo, gan\u00e1ndose tambi\u00e9n un lugar destacado en el calendario de eventos internacionales de vitivinicultura. <\/p>\n\n\n\n<p>El \u00e9xito alcanzado por el <strong>MWD<\/strong> llev\u00f3 a que esta experiencia se replique tambi\u00e9n puertas adentro de nuestro pa\u00eds, con celebraciones en distintos puntos del territorio nacional. Cabe consignar que la campa\u00f1a cuenta con el apoyo del <strong>Ministerio de Relaciones Exteriores, Comercio Internacional y Culto de Argentina<\/strong> y la <strong>Corporaci\u00f3n Vitivin\u00edcola Argentina (Coviar)<\/strong> en el marco del Plan Estrat\u00e9gico Vitivin\u00edcola (PEVI) 2030.&nbsp;<\/p>\n\n\n\n<p>El cronograma de acciones delineado por WOFA contempla unos 20 eventos oficiales en los principales destinos de exportaci\u00f3n para el vino argentino: <strong>Estados Unidos, Reino Unido, Canad\u00e1, Brasil, M\u00e9xico, China<\/strong> y otros mercados asi\u00e1ticos y europeos como <strong>Singapu<\/strong>r y <strong>Finlandia<\/strong>. <\/p>\n\n\n\n<p>La agenda de actividades pondr\u00e1 el acento en el desarrollo de instancias educativas -tanto presenciales como a trav\u00e9s de los canales online- con seminarios y masterclasses de malbec; degustaciones que permitan mostrar la amplia gama de estilos y perfiles de la variedad; promociones online y en tiendas junto a cadenas de&nbsp;<em>retailers,&nbsp;<\/em>as\u00ed como acciones con prensa, medios especializados e influencers. En l\u00ednea con la estrategia&nbsp;<em>phygital&nbsp;<\/em>de la entidad, tambi\u00e9n se desplegar\u00e1 una importante campa\u00f1a en el mundo digital con segmentaci\u00f3n de audiencias para diferentes mercados y una fuerte activaci\u00f3n de los canales online y tiendas virtuales de vino argentino.<\/p>\n\n\n\n<p>Al respecto, Alejandro Vigil, presidente de WOFA, expres\u00f3: <em>\u00abEl D\u00eda Mundial del Malbec celebra no solamente un varietal, sino nuestra cultura de hacer vino, nuestra bandera, nuestra lanza. Es nuestra visi\u00f3n frente al mundo y hacia adentro. En s\u00edntesis, es nuestra forma de vida. Es el complemento perfecto entre los buenos suelos y nuestro sol&#8230; El Malbec es nuestro Messi, nuestro \u201cDibu\u201d, es nuestro Goycochea, nuestro Maradona\u00bb, sostuvo en relaci\u00f3n al paralelismo entre el malbec y el f\u00fatbol propuesto para esta edici\u00f3n.<\/em><\/p>\n\n\n\n<p><br>Los festejos para celebrar al&nbsp;<strong>Malbec Argentino Campe\u00f3n<\/strong>&nbsp;ya est\u00e1n en marcha y pueden seguirse en redes sociales mediante los hashtags&nbsp;<strong>#MalbecArgentino<\/strong>&nbsp;y<strong>&nbsp;#MalbecWorldDay<\/strong>. M\u00e1s informaci\u00f3n sobre la variedad estrella de Argentina en la p\u00e1gina oficial&nbsp;<a href=\"https:\/\/malbecworldday.com\/\" target=\"_blank\" rel=\"noreferrer noopener\">https:\/\/malbecworldday.com\/<\/a>.&nbsp;<\/p>\n\n\n\n<div style=\"height:38px\" aria-hidden=\"true\" class=\"wp-block-spacer\"><\/div>\n","protected":false},"excerpt":{"rendered":"<p>Este a\u00f1o, la celebraci\u00f3n del D\u00eda Mundial del Malbec -evento conocido en el exterior por&hellip;<\/p>\n","protected":false},"author":3,"featured_media":89420,"comment_status":"open","ping_status":"open","sticky":false,"template":"","format":"standard","meta":{"footnotes":""},"categories":[14],"tags":[],"class_list":["post-89390","post","type-post","status-publish","format-standard","has-post-thumbnail","hentry","category-news"],"_links":{"self":[{"href":"https:\/\/enolife.com.ar\/es\/wp-json\/wp\/v2\/posts\/89390","targetHints":{"allow":["GET"]}}],"collection":[{"href":"https:\/\/enolife.com.ar\/es\/wp-json\/wp\/v2\/posts"}],"about":[{"href":"https:\/\/enolife.com.ar\/es\/wp-json\/wp\/v2\/types\/post"}],"author":[{"embeddable":true,"href":"https:\/\/enolife.com.ar\/es\/wp-json\/wp\/v2\/users\/3"}],"replies":[{"embeddable":true,"href":"https:\/\/enolife.com.ar\/es\/wp-json\/wp\/v2\/comments?post=89390"}],"version-history":[{"count":0,"href":"https:\/\/enolife.com.ar\/es\/wp-json\/wp\/v2\/posts\/89390\/revisions"}],"wp:featuredmedia":[{"embeddable":true,"href":"https:\/\/enolife.com.ar\/es\/wp-json\/wp\/v2\/media\/89420"}],"wp:attachment":[{"href":"https:\/\/enolife.com.ar\/es\/wp-json\/wp\/v2\/media?parent=89390"}],"wp:term":[{"taxonomy":"category","embeddable":true,"href":"https:\/\/enolife.com.ar\/es\/wp-json\/wp\/v2\/categories?post=89390"},{"taxonomy":"post_tag","embeddable":true,"href":"https:\/\/enolife.com.ar\/es\/wp-json\/wp\/v2\/tags?post=89390"}],"curies":[{"name":"wp","href":"https:\/\/api.w.org\/{rel}","templated":true}]}}