{"id":89332,"date":"2023-04-03T15:16:42","date_gmt":"2023-04-03T15:16:42","guid":{"rendered":"https:\/\/enolife.com.ar\/es\/?p=89332"},"modified":"2023-04-04T01:15:48","modified_gmt":"2023-04-04T01:15:48","slug":"arranco-en-villavicencio-la-edicion-22-de-musica-clasica-por-los-caminos-del-vino","status":"publish","type":"post","link":"https:\/\/enolife.com.ar\/es\/arranco-en-villavicencio-la-edicion-22-de-musica-clasica-por-los-caminos-del-vino\/","title":{"rendered":"Arranc\u00f3 en Villavicencio la edici\u00f3n 22\u00b0 de M\u00fasica Cl\u00e1sica por los Caminos del vino"},"content":{"rendered":"\n<h4 class=\"wp-block-heading\"><em><strong>En el recuperado hotel del m\u00e1gico valle interior al norte de la precordillera de Mendoza, con int\u00e9rpretes de alto nivel y un p\u00fablico entusiasta, comenz\u00f3 el cl\u00e1sico festival entre vi\u00f1as, bodegas, museos, sitios patrimoniales y parques que incluye 70 conciertos, 44 de ellos gratuitos. La programaci\u00f3n completa puede consultarse en www.mendoza.gov.ar\/cultura\/ y las entradas con y sin cargo pueden adquirirse en www.entradaweb.com.<\/strong><\/em><\/h4>\n\n\n\n<div style=\"height:42px\" aria-hidden=\"true\" class=\"wp-block-spacer\"><\/div>\n\n\n<a href=\"https:\/\/www.irrigacion.gov.ar\/web\/\" aria-label=\"irrigaci\u00f3n-1700X500\"><img loading=\"lazy\" decoding=\"async\" src=\"https:\/\/enolife.com.ar\/es\/wp-content\/uploads\/2021\/02\/irrigacion-1700X500.gif\" alt=\"\"  width=\"1700\" height=\"500\"   \/><\/a>\n\n\n<div style=\"height:45px\" aria-hidden=\"true\" class=\"wp-block-spacer\"><\/div>\n\n\n\n<p>El antiguo hotel de <strong>Villavicencio<\/strong>, construido en 1940 y restaurado en 2017 por la empresa Danone, concesionaria y guardiana de la <strong>Reserva Natural Villavicencio<\/strong>, fue el escenario ideal para el comienzo del Festival que convoca a miles de mendocinos y turistas ante m\u00fasicos de calidad y escenarios de singular belleza. En esta edici\u00f3n 22 -la primera fue en 2000, con una interrupci\u00f3n en 2020 por la pandemia-, <strong>M\u00fasica Cl\u00e1sica por los Caminos del Vino<\/strong> incluye <strong>70 conciertos<\/strong>, 44 de ellos gratuitos, entre los d\u00edas 2\/4\/23 y el 9\/4\/22.<\/p>\n\n\n\n<p>El festival tiene como objetivo difundir la m\u00fasica de ra\u00edz cl\u00e1sica en escenarios de toda la provincia, combin\u00e1ndolo con vino y gastronom\u00eda. Es organizado por el <strong>Ministerio de Cultura y Turismo del Gobierno de Mendoza<\/strong>, en conjunto con todos los municipios y empresas privadas.<\/p>\n\n\n\n<p>Quienes deseen asistir a los distintos conciertos que se realizan pueden conseguir sus tickets en<a href=\"http:\/\/www.entradaweb.com\/\" target=\"_blank\" rel=\"noreferrer noopener\">&nbsp;<\/a><a href=\"http:\/\/www.entradaweb.com\/\" target=\"_blank\" rel=\"noreferrer noopener\">www.entradaweb.com<\/a>. Los conciertos tienen como escenarios espacios culturales, bodegas y vi\u00f1edos en los 18 departamentos departamentos de la provincia de Mendoza, en algunos casos acompa\u00f1ados por propuestas enogastron\u00f3micas.<\/p>\n\n\n\n<p>Al respecto, la ministra de Cultura y Turismo de Mendoza, <strong>Nora Vicario<\/strong> destac\u00f3: <em>\u201cCon mucho orgullo estamos iniciando la edici\u00f3n 22 de M\u00fasica Cl\u00e1sica por los Caminos del Vino, en este d\u00eda que recordamos a nuestros h\u00e9roes de Malvinas, por lo que hemos dedicado este concierto inaugural a su memoria y reconocimiento. Hoy se est\u00e1n realizando 7 conciertos en diferentes lugares de la provincia. Este festival de gran prestigio a nivel nacional e internacional&nbsp; ofrece m\u00e1s de 60 conciertos a lo largo de la semana, con un cierre espectacular el pr\u00f3ximo 9 de abril en la explanada de Casa de Gobierno\u00bb.<\/em><\/p>\n\n\n\n<div style=\"height:25px\" aria-hidden=\"true\" class=\"wp-block-spacer\"><\/div>\n\n\n<div class=\"wp-block-image\">\n<figure class=\"aligncenter size-full is-resized\"><a href=\"https:\/\/enolife.com.ar\/es\/wp-content\/uploads\/2023\/04\/IMG_9732-700x467-1.jpg\" data-rel=\"penci-gallery-image-content\" ><img loading=\"lazy\" decoding=\"async\" src=\"https:\/\/enolife.com.ar\/es\/wp-content\/uploads\/2023\/04\/IMG_9732-700x467-1.jpg\" alt=\"\" class=\"wp-image-89341\" width=\"597\" height=\"398\" srcset=\"https:\/\/enolife.com.ar\/es\/wp-content\/uploads\/2023\/04\/IMG_9732-700x467-1.jpg 700w, https:\/\/enolife.com.ar\/es\/wp-content\/uploads\/2023\/04\/IMG_9732-700x467-1-300x200.jpg 300w, https:\/\/enolife.com.ar\/es\/wp-content\/uploads\/2023\/04\/IMG_9732-700x467-1-585x390.jpg 585w\" sizes=\"auto, (max-width: 597px) 100vw, 597px\" \/><\/a><figcaption class=\"wp-element-caption\"><em><strong>Silvina Giudici; Nora Vicario; la Reina Nacional de la Vendimia, Ana Laura Verde; la Virreina, Gemina Navarro; el director de estrategias culturales de Mendoza Fabi\u00e1n Sama y la directora del auditorio \u00c1ngel Bustelo, Laura Ort\u00edz.<\/strong><\/em><\/figcaption><\/figure><\/div>\n\n\n<div style=\"height:25px\" aria-hidden=\"true\" class=\"wp-block-spacer\"><\/div>\n\n\n\n<p>\u201cEste tipo de eventos es posible gracias al trabajo colaborativo junto al sector tur\u00edstico. Este es el modo Mendoza que hace posible acercar nuestra cultura a mendocinos y turistas\u201d, agreg\u00f3 la titular de la cartera de Cultura y Turismo de la provincia.<\/p>\n\n\n\n<p>Por su parte, <strong>Silvina Giudici<\/strong>, responsable de la <strong>Reserva Natural Villavicencio<\/strong>, coment\u00f3: <em>\u201cEstamos felices de haber recibido en la Reserva al concierto de apertura de M\u00fasica Cl\u00e1sica por los Caminos del Vino; para nosotros seguir apoyando este festival es un compromiso que tomamos hace veinte a\u00f1os, recibiendo a los primeros conciertos de este prestigioso evento y ya prepar\u00e1ndonos para la edici\u00f3n 2024\u201d.<\/em><\/p>\n\n\n\n<p>El conjunto de int\u00e9rpretes que abri\u00f3 esta nueva edici\u00f3n fue el <strong>Ensamble Manantial<\/strong>, conformado por los reconocidos m\u00fasicos <strong>Miguel Pineda Z\u00e1ccara<\/strong> -maestro de origen venezolano y larga trayectoria internacional, afincado desde hace 5 a\u00f1os en Mendoza- en flauta y direcci\u00f3n;<strong> Juan Tom\u00e1s Salom\u00f3n<\/strong> en guitarra y composici\u00f3n; <strong>Hugo Larra\u00f1aga<\/strong> en contrabajo; <strong>Marcelo P\u00e1ez<\/strong> en bater\u00eda y por primera vez, se estar\u00e1n presentando en esta ocasi\u00f3n junto a la pianista invitada <strong>Andrea Hoz<\/strong>.<\/p>\n\n\n\n<div style=\"height:25px\" aria-hidden=\"true\" class=\"wp-block-spacer\"><\/div>\n\n\n<div class=\"wp-block-image\">\n<figure class=\"aligncenter size-full is-resized\"><a href=\"https:\/\/enolife.com.ar\/es\/wp-content\/uploads\/2023\/04\/IMG_9755-700x467-1.jpg\" data-rel=\"penci-gallery-image-content\" ><img loading=\"lazy\" decoding=\"async\" src=\"https:\/\/enolife.com.ar\/es\/wp-content\/uploads\/2023\/04\/IMG_9755-700x467-1.jpg\" alt=\"\" class=\"wp-image-89343\" width=\"657\" height=\"438\" srcset=\"https:\/\/enolife.com.ar\/es\/wp-content\/uploads\/2023\/04\/IMG_9755-700x467-1.jpg 700w, https:\/\/enolife.com.ar\/es\/wp-content\/uploads\/2023\/04\/IMG_9755-700x467-1-300x200.jpg 300w, https:\/\/enolife.com.ar\/es\/wp-content\/uploads\/2023\/04\/IMG_9755-700x467-1-585x390.jpg 585w\" sizes=\"auto, (max-width: 657px) 100vw, 657px\" \/><\/a><figcaption class=\"wp-element-caption\"><em><strong>Miguel Pineda Z\u00e1ccara, Andrea Hoz, Juan Tom\u00e1s Salom\u00f3n, Hugo Larra\u00f1aga, Nora Vicario y Marcelo P\u00e1ez<\/strong><\/em><\/figcaption><\/figure><\/div>\n\n\n<div style=\"height:25px\" aria-hidden=\"true\" class=\"wp-block-spacer\"><\/div>\n\n\n\n<p>El maestro <strong>Miguel Pineda Z\u00e1ccara <\/strong>puso en valor la importancia de este Festival: <em>\u201cVengo de Venezuela y he estado en distintas presentaciones en el mundo y ninguna se compara a la magnitud de este evento que tiene Mendoza, difundiendo la M\u00fasica Cl\u00e1sica\u201d.<\/em><\/p>\n\n\n\n<p>Adem\u00e1s, mendocinos y turistas pudieron disfrutar en la primera jornada de otros conciertos que se realizaron en la <strong>Bodega Piattelli Wineyards<\/strong> de Luj\u00e1n, con el concierto de<strong> Zeffiro Vientos Antiguos<\/strong>; <strong>Terrazas de los Andes<\/strong> tambi\u00e9n en Luj\u00e1n, con el <strong>D\u00fao Riolobo-Geredus<\/strong>; <strong>Bodegas y Vi\u00f1edos Figueroa Hnos<\/strong>. de Rivadavia con el <strong>Cuarteto de Cuerdas Eco<\/strong>s; la <strong>Iglesia Nuestra Se\u00f1ora del Carmen<\/strong> de Godoy Cruz, con el <strong>Coro de la Universidad Nacional de Cuyo<\/strong>; la <strong>Sala Elina Alba<\/strong>, con <strong>Nicol\u00e1s Mosca y Ornella Cutuli<\/strong>; y la <strong>Estancia Bodega El Retiro<\/strong> de Santa Rosa se present\u00f3 <strong>Violetta Club Barroco.<\/strong><\/p>\n\n\n\n<div style=\"height:49px\" aria-hidden=\"true\" class=\"wp-block-spacer\"><\/div>\n","protected":false},"excerpt":{"rendered":"<p>En el recuperado hotel del m\u00e1gico valle interior al norte de la precordillera de Mendoza,&hellip;<\/p>\n","protected":false},"author":3,"featured_media":89352,"comment_status":"open","ping_status":"open","sticky":false,"template":"","format":"standard","meta":{"footnotes":""},"categories":[11],"tags":[],"class_list":["post-89332","post","type-post","status-publish","format-standard","has-post-thumbnail","hentry","category-enoturismo"],"_links":{"self":[{"href":"https:\/\/enolife.com.ar\/es\/wp-json\/wp\/v2\/posts\/89332","targetHints":{"allow":["GET"]}}],"collection":[{"href":"https:\/\/enolife.com.ar\/es\/wp-json\/wp\/v2\/posts"}],"about":[{"href":"https:\/\/enolife.com.ar\/es\/wp-json\/wp\/v2\/types\/post"}],"author":[{"embeddable":true,"href":"https:\/\/enolife.com.ar\/es\/wp-json\/wp\/v2\/users\/3"}],"replies":[{"embeddable":true,"href":"https:\/\/enolife.com.ar\/es\/wp-json\/wp\/v2\/comments?post=89332"}],"version-history":[{"count":0,"href":"https:\/\/enolife.com.ar\/es\/wp-json\/wp\/v2\/posts\/89332\/revisions"}],"wp:featuredmedia":[{"embeddable":true,"href":"https:\/\/enolife.com.ar\/es\/wp-json\/wp\/v2\/media\/89352"}],"wp:attachment":[{"href":"https:\/\/enolife.com.ar\/es\/wp-json\/wp\/v2\/media?parent=89332"}],"wp:term":[{"taxonomy":"category","embeddable":true,"href":"https:\/\/enolife.com.ar\/es\/wp-json\/wp\/v2\/categories?post=89332"},{"taxonomy":"post_tag","embeddable":true,"href":"https:\/\/enolife.com.ar\/es\/wp-json\/wp\/v2\/tags?post=89332"}],"curies":[{"name":"wp","href":"https:\/\/api.w.org\/{rel}","templated":true}]}}