{"id":8932,"date":"2020-03-08T16:51:41","date_gmt":"2020-03-08T16:51:41","guid":{"rendered":"http:\/\/enolife.com.ar\/es\/?p=8932"},"modified":"2020-03-11T00:25:00","modified_gmt":"2020-03-11T00:25:00","slug":"el-desayuno-rebelde-de-los-productores-en-ruta-7","status":"publish","type":"post","link":"https:\/\/enolife.com.ar\/es\/el-desayuno-rebelde-de-los-productores-en-ruta-7\/","title":{"rendered":"El Desayuno rebelde de los productores en Ruta 7"},"content":{"rendered":"\n<h4 class=\"wp-block-heading\"><em><strong>Un d\u00eda despu\u00e9s de la Fiesta Central de la Vendimia, podemos analizar la escena de la pol\u00edtica vitivin\u00edcola con un panorama m\u00e1s amplio, enfocando detalles y planteando reflexiones. Este a\u00f1o, a los tradicionales actos de V\u00eda Blanca, Carrusel, Desayuno, Almuerzo, Fiesta Central y Coronaci\u00f3n de la nueva Reina se sum\u00f3 el \u00abContradesayuno\u00bb -en oposici\u00f3n al oficial de la Coviar- de productores y contratistas autoconvocados del Este de Mendoza -respaldados por colegas del Valle de Uco y San Juan-, en protesta por el bajo precio que se paga por la uva. <\/strong><\/em><\/h4>\n\n\n\n<div style=\"height:20px\" aria-hidden=\"true\" class=\"wp-block-spacer\"><\/div>\n\n\n\n<p>No es el primer a\u00f1o en que los productores se autoconvocan en la Ruta Nacional 7 durante los d\u00edas de la Fiesta de la Vendimia en reclamo de mejores precios para la uva&#8230; Pero este \u00faltimo a\u00f1o, con una inflaci\u00f3n acumulada del 50%, mayor presi\u00f3n tributaria  y un bajo precio de la uva, muchos productores alzaron su voz m\u00e1s fuertemente, porque, consideran, existe un \u00abestado de quebranto fruto de la falta de rentabilidad sostenida y el abandono de fincas, lo que genera pobreza y desocupaci\u00f3n en los oasis productivos\u00bb. As\u00ed lo declararon en un comunicado divulgado tras la llamativa protesta en San Mart\u00edn.<\/p>\n\n\n\n<p>La crisis institucional tambi\u00e9n form\u00f3 parte de las protestas. Se reclam\u00f3 \u00abla participaci\u00f3n real en la toma de decisiones respecto a la pol\u00edtica p\u00fablica vitivin\u00edcola&#8230; algo que err\u00f3neamente ha venido asumiendo la Corporaci\u00f3n Vitivin\u00edcola Argentina, creyendo tener un rol gremial que no le corresponde por ley, adem\u00e1s de fallar en la consecuci\u00f3n de todos los objetivos del plan 2020\u201d.<\/p>\n\n\n\n<p>El comunicado de los productores en \u00abpie de guerra\u00bb contin\u00faa expresando: \u201cdesde nuestra perspectiva de peque\u00f1os y medianos productores y elaboradores, reclamamos un rol protag\u00f3nico en el dise\u00f1o de futuros lineamientos, para lograr una justa distribuci\u00f3n en la cadena vitivin\u00edcola. Esperamos que todos est\u00e9n a la altura de las circunstancias y entendamos que perder hect\u00e1reas a\u00f1o tras a\u00f1o, s\u00f3lo trae pobreza y desocupaci\u00f3n a nuestra querida provincia\u201d<\/p>\n\n\n\n<p>\u201cEstamos sometidos a abusos de posici\u00f3n dominante -denuncian en el comunicado-, con abusos en los precios que se pagan y los plazos en los que se hacen dichos pagos y, considerando que el precio que se est\u00e1 pagando al productor est\u00e1 por debajo de los costos de producci\u00f3n, denunciamos que ni siquiera una cosecha escasa como la que se viene dando ha significado un recupero en los precios que nos permita generar al menos una m\u00ednima rentabilidad\u201d.<\/p>\n\n\n\n<p>Seg\u00fan Natalia Acre, del grupo de productores independientes de zonas Norte y Este, el precio de la uva se equipara al de 2016, lo que genera abandono de fincas y luego desempleo y pobreza. <\/p>\n\n\n\n<p>Otro de los reclamos tiene que ver con que los productores -argumentan- no tienen d\u00f3nde colocar la uva, ya que muchos establecimientos tienen su propio vi\u00f1edo, o no tienen espacio para guardar m\u00e1s uva o s\u00f3lo demandan un varietal a precio de tinto com\u00fan.<\/p>\n\n\n\n<div style=\"height:22px\" aria-hidden=\"true\" class=\"wp-block-spacer\"><\/div>\n\n\n\n<p class=\"has-medium-font-size\"><strong>\u00abEl verdadero pueblo productor no est\u00e1 en el Hyatt, est\u00e1 en la ruta\u00bb<\/strong><\/p>\n\n\n\n<p>La colocaci\u00f3n de la uva, el pago diferido hasta 9 meses, llevaron a que los productores manifestasen: \u201cRepudiamos a todos y cada uno de los representantes del pueblo que asistan al desayuno de la Corporaci\u00f3n, que el \u00fanico logro que tuvo en 10 a\u00f1os fue la quiebra de los productores vitivin\u00edcolas, elevando las econom\u00edas de 4 o 5 entidades y el bienestar de un pu\u00f1ado que forman el directorio&#8230; se\u00f1or gobernador, se\u00f1or vicegobernador, se\u00f1ores legisladores y autoridades nacionales, el verdadero pueblo productor vitivin\u00edcola, no est\u00e1 en el Hyatt, est\u00e1 en la ruta\u201d.<\/p>\n\n\n\n<p>El comunicado concluye alegando:  \u201cEs hora de reparar la democr\u00e1tica institucionalidad de nuestra amada industria y generar instancias de trabajo en donde todos los sectores tengan verdadera voz. Principalmente desde nuestra perspectiva de peque\u00f1os y medianos productores y elaboradores,&nbsp;reclamamos un rol protag\u00f3nico en el dise\u00f1o de futuros lineamientos , para lograr una justa distribuci\u00f3n en la cadena vitivin\u00edcola\u201d. <\/p>\n","protected":false},"excerpt":{"rendered":"<p>Un d\u00eda despu\u00e9s de la Fiesta Central de la Vendimia, podemos analizar la escena de&hellip;<\/p>\n","protected":false},"author":3,"featured_media":8951,"comment_status":"open","ping_status":"open","sticky":false,"template":"","format":"standard","meta":{"footnotes":""},"categories":[14],"tags":[],"class_list":["post-8932","post","type-post","status-publish","format-standard","has-post-thumbnail","hentry","category-news"],"_links":{"self":[{"href":"https:\/\/enolife.com.ar\/es\/wp-json\/wp\/v2\/posts\/8932","targetHints":{"allow":["GET"]}}],"collection":[{"href":"https:\/\/enolife.com.ar\/es\/wp-json\/wp\/v2\/posts"}],"about":[{"href":"https:\/\/enolife.com.ar\/es\/wp-json\/wp\/v2\/types\/post"}],"author":[{"embeddable":true,"href":"https:\/\/enolife.com.ar\/es\/wp-json\/wp\/v2\/users\/3"}],"replies":[{"embeddable":true,"href":"https:\/\/enolife.com.ar\/es\/wp-json\/wp\/v2\/comments?post=8932"}],"version-history":[{"count":0,"href":"https:\/\/enolife.com.ar\/es\/wp-json\/wp\/v2\/posts\/8932\/revisions"}],"wp:featuredmedia":[{"embeddable":true,"href":"https:\/\/enolife.com.ar\/es\/wp-json\/wp\/v2\/media\/8951"}],"wp:attachment":[{"href":"https:\/\/enolife.com.ar\/es\/wp-json\/wp\/v2\/media?parent=8932"}],"wp:term":[{"taxonomy":"category","embeddable":true,"href":"https:\/\/enolife.com.ar\/es\/wp-json\/wp\/v2\/categories?post=8932"},{"taxonomy":"post_tag","embeddable":true,"href":"https:\/\/enolife.com.ar\/es\/wp-json\/wp\/v2\/tags?post=8932"}],"curies":[{"name":"wp","href":"https:\/\/api.w.org\/{rel}","templated":true}]}}