{"id":89240,"date":"2023-04-01T19:34:59","date_gmt":"2023-04-01T19:34:59","guid":{"rendered":"https:\/\/enolife.com.ar\/es\/?p=89240"},"modified":"2023-04-04T02:34:39","modified_gmt":"2023-04-04T02:34:39","slug":"vinateros-apoyan-el-dolar-agro-pero-piden-que-sus-beneficios-lleguen-al-productor-primario","status":"publish","type":"post","link":"https:\/\/enolife.com.ar\/es\/vinateros-apoyan-el-dolar-agro-pero-piden-que-sus-beneficios-lleguen-al-productor-primario\/","title":{"rendered":"Vi\u00f1ateros apoyan el \u00abd\u00f3lar agro\u00bb pero piden que sus beneficios lleguen al productor primario"},"content":{"rendered":"\n<h4 class=\"wp-block-heading\"><em><strong>En el marco del desayuno de la Coviar, el s\u00e1bado 4\/3, d\u00eda de la Vendimia en Mendoza, el ministro de Econom\u00eda de Argentina, Sergio Massa, anunci\u00f3 que a partir del 1\/4 regir\u00eda un d\u00f3lar diferencial para la industria vitivin\u00edcola o \u00abd\u00f3lar vino\u00bb, similar al dispuesto para el sector sojero. Pero llegada esa \u00faltima fecha, el ministro anunci\u00f3 que el 3\/4 presentar\u00e1 un plan de estabilizaci\u00f3n cambiaria que comenzar\u00e1 con la puesta en marcha -en abril para la soja y en mayo para otros productos exportables- del \u201cd\u00f3lar agro\u201d, con el objetivo de simplificar los tipos de cambio para productos del sector agroexportador, incluyendo la vitivinicultura. Al respecto, el presidente de la Asociaci\u00f3n de Vi\u00f1ateros de Mendoza, Eduardo C\u00f3rdoba, aval\u00f3 la medida pero sostuvo que deber\u00eda existir alg\u00fan control o procedimiento para que esos valores lleguen proporcionalmente al productor.<\/strong><\/em><\/h4>\n\n\n\n<div style=\"height:35px\" aria-hidden=\"true\" class=\"wp-block-spacer\"><\/div>\n\n\n<a href=\"https:\/\/www.linkedin.com\/company\/agrinet-sa\/?originalSubdomain=ar\" aria-label=\"1700X500\"><img loading=\"lazy\" decoding=\"async\" src=\"https:\/\/enolife.com.ar\/es\/wp-content\/uploads\/2021\/11\/1700X500.gif\" alt=\"\"  width=\"1700\" height=\"500\"   \/><\/a>\n\n\n<div style=\"height:45px\" aria-hidden=\"true\" class=\"wp-block-spacer\"><\/div>\n\n\n\n<p>El viernes 30\/3, el ministro de Econom\u00eda de la Naci\u00f3n, Sergio Massa, anunci\u00f3 un \u201cd\u00f3lar agro\u201d unificado, con el objetivo de simplificar las cotizaciones para importar productos y servicios. Se comenzar\u00e1 con la soja, en una edici\u00f3n de lo que ser\u00eda el \u201cd\u00f3lar soja 3\u2033, que regir\u00e1 en abril con un tipo de cambio en el que a\u00fan se est\u00e1 trabajando; y luego impactar\u00e1 por 90 d\u00edas desde mayo en econom\u00edas regionales, como el man\u00ed, el arroz y el vitivinicultura, productos de exportaci\u00f3n que a diferencia de la soja s\u00ed tiene mercado interno y son consumidos por los argentinos. Ese esquema de d\u00f3lar diferencial para la exportaci\u00f3n de estos productos tambi\u00e9n se terminar\u00e1 de definir en las pr\u00f3ximas semanas.<\/p>\n\n\n<div class=\"wp-block-image\">\n<figure class=\"alignleft size-full is-resized\"><a href=\"https:\/\/enolife.com.ar\/es\/wp-content\/uploads\/2023\/04\/image.png\" data-rel=\"penci-gallery-image-content\" ><img loading=\"lazy\" decoding=\"async\" src=\"https:\/\/enolife.com.ar\/es\/wp-content\/uploads\/2023\/04\/image.png\" alt=\"\" class=\"wp-image-89309\" width=\"236\" height=\"236\" srcset=\"https:\/\/enolife.com.ar\/es\/wp-content\/uploads\/2023\/04\/image.png 500w, https:\/\/enolife.com.ar\/es\/wp-content\/uploads\/2023\/04\/image-300x300.png 300w, https:\/\/enolife.com.ar\/es\/wp-content\/uploads\/2023\/04\/image-150x150.png 150w\" sizes=\"auto, (max-width: 236px) 100vw, 236px\" \/><\/a><figcaption class=\"wp-element-caption\"><em><strong>Eduardo C\u00f3rdoba<\/strong><\/em><\/figcaption><\/figure><\/div>\n\n\n<p>Al respecto, la Asociaci\u00f3n Vi\u00f1ateros de Mendoza (AVM) sali\u00f3 a avalar el anuncio de este tipo de cambio, explicando que esta divisa es un nuevo mecanismo que tiene como objetivo mejorar la competitividad de las exportaciones y asistir a los productores afectados por las heladas y el granizo. <\/p>\n\n\n\n<p>Bajo este concepto, <strong>Eduardo C\u00f3rdoba, <\/strong>presidente de la entidad que nuclea a los productores vit\u00edcolas asegur\u00f3 que <em>\u201cEs muy importante para el sector porque devuelve la competitividad ante los mercados internacionales. Nos gustar\u00eda que exista alg\u00fan control o procedimiento para que esos valores lleguen proporcionalmente al productor, ya que nuestra actividad primaria es parte fundamental de toda la industria\u201d<\/em>.<\/p>\n\n\n\n<p>Tambi\u00e9n explic\u00f3 que el cierre de precio de las variedades generalmente se hace a principios de a\u00f1o; yue dijo que si a eso se le suma la merma -que fue significativa-, deber\u00eda reconocerse un mejor precio al productor, y que la entidad siempre solicita e insiste que en las pr\u00f3ximas campa\u00f1as se deber\u00eda tonificar el valor del vino antes de que muchos productores vendan su uva. <em>\u00abEn la Asociaci\u00f3n de Vi\u00f1ateros de Mendoza tenemos un grupo de Whatsapp en el que los colegas comentan que en fincas de donde sacaban cinco camiones llenos hoy sacan uno y medio por este asunto del clima\u00bb<\/em>, asegur\u00f3 C\u00f3rdoba.<\/p>\n\n\n\n<div style=\"height:35px\" aria-hidden=\"true\" class=\"wp-block-spacer\"><\/div>\n\n\n\n<p class=\"has-medium-font-size\"><strong>\u201cSe deber\u00eda revisar el sistema de lucha antigranizo\u201d<\/strong><\/p>\n\n\n\n<p>Desde AVM, explicaron que reciben a diario demandas de productores afectados por contingencias y manifiestan una necesidad urgente de conocer en detalles la efectividad y la relaci\u00f3n costo beneficio del actual sistema antigranizo que posee Mendoza y describen de \u201cimposible\u201d la adquisici\u00f3n de la malla antigranizo.<\/p>\n\n\n\n<p><em>\u201cNotamos que la siembra de nubes con aviones tiene un poder muy limitado, se deber\u00eda revisar el sistema de lucha antigranizo, a lo mejor hay otras alternativas\u201d<\/em>, menciona el presidente de la entidad. <em>\u201cEn su momento existieron otros mecanismos o podr\u00edan conocerse nuevos, pero la realidad marca que a los productores, con aviones combatiendo, tienen granizo en sus fincas y p\u00e9rdidas, en muchos casos, totales\u201d,<\/em> coment\u00f3 C\u00f3rdoba.<\/p>\n\n\n\n<p>Hasta el momento, seg\u00fan dicen desde AVM, la colocaci\u00f3n de mallas antigranizo es una utop\u00eda para los productores. <em>\u201cHablan de cifras que oscilan los U$S15.000 y 20.000  por hect\u00e1rea, una cifra dif\u00edcil de alcanzar\u201d<\/em>, manifiest\u00f3 el presidente de AVM.<\/p>\n\n\n\n<div style=\"height:30px\" aria-hidden=\"true\" class=\"wp-block-spacer\"><\/div>\n\n\n\n<p class=\"has-small-font-size\"><em><strong>Fuente: Asociaci\u00f3n vi\u00f1ateros de Mendoza e Infobae<\/strong><\/em><\/p>\n\n\n\n<div style=\"height:53px\" aria-hidden=\"true\" class=\"wp-block-spacer\"><\/div>\n\n\n\n<div style=\"height:50px\" aria-hidden=\"true\" class=\"wp-block-spacer\"><\/div>\n","protected":false},"excerpt":{"rendered":"<p>En el marco del desayuno de la Coviar, el s\u00e1bado 4\/3, d\u00eda de la Vendimia&hellip;<\/p>\n","protected":false},"author":3,"featured_media":89308,"comment_status":"open","ping_status":"open","sticky":false,"template":"","format":"standard","meta":{"footnotes":""},"categories":[14],"tags":[],"class_list":["post-89240","post","type-post","status-publish","format-standard","has-post-thumbnail","hentry","category-news"],"_links":{"self":[{"href":"https:\/\/enolife.com.ar\/es\/wp-json\/wp\/v2\/posts\/89240","targetHints":{"allow":["GET"]}}],"collection":[{"href":"https:\/\/enolife.com.ar\/es\/wp-json\/wp\/v2\/posts"}],"about":[{"href":"https:\/\/enolife.com.ar\/es\/wp-json\/wp\/v2\/types\/post"}],"author":[{"embeddable":true,"href":"https:\/\/enolife.com.ar\/es\/wp-json\/wp\/v2\/users\/3"}],"replies":[{"embeddable":true,"href":"https:\/\/enolife.com.ar\/es\/wp-json\/wp\/v2\/comments?post=89240"}],"version-history":[{"count":0,"href":"https:\/\/enolife.com.ar\/es\/wp-json\/wp\/v2\/posts\/89240\/revisions"}],"wp:featuredmedia":[{"embeddable":true,"href":"https:\/\/enolife.com.ar\/es\/wp-json\/wp\/v2\/media\/89308"}],"wp:attachment":[{"href":"https:\/\/enolife.com.ar\/es\/wp-json\/wp\/v2\/media?parent=89240"}],"wp:term":[{"taxonomy":"category","embeddable":true,"href":"https:\/\/enolife.com.ar\/es\/wp-json\/wp\/v2\/categories?post=89240"},{"taxonomy":"post_tag","embeddable":true,"href":"https:\/\/enolife.com.ar\/es\/wp-json\/wp\/v2\/tags?post=89240"}],"curies":[{"name":"wp","href":"https:\/\/api.w.org\/{rel}","templated":true}]}}