{"id":89179,"date":"2023-03-31T03:04:19","date_gmt":"2023-03-31T03:04:19","guid":{"rendered":"https:\/\/enolife.com.ar\/es\/?p=89179"},"modified":"2023-04-01T19:34:38","modified_gmt":"2023-04-01T19:34:38","slug":"inscriben-al-curso-actualizacion-en-periodismo-vitivinicola-del-inv-y-el-ies-valle-de-uco","status":"publish","type":"post","link":"https:\/\/enolife.com.ar\/es\/inscriben-al-curso-actualizacion-en-periodismo-vitivinicola-del-inv-y-el-ies-valle-de-uco\/","title":{"rendered":"Inscriben al curso \u00abActualizaci\u00f3n en periodismo vitivin\u00edcola\u00bb del INV y el IES Valle de Uco"},"content":{"rendered":"\n<h4 class=\"wp-block-heading\"><em><strong>El Instituto Nacional de Vitivinicultura (INV) y el Instituto de Educaci\u00f3n Superior (IES) 9015 \u201cValle de Uco\u201d ofrecen, por segundo a\u00f1o consecutivo, esta capacitaci\u00f3n profesional espec\u00edfica para los interesados en perfeccionar sus herramientas de comunicaci\u00f3n de la industria vitivin\u00edcola. El curso comenzar\u00e1 el 17 de abril y finalizar\u00e1 el 7 de julio de 2023. La modalidad de cursado es semipresencial, ya que habr\u00e1 clases en l\u00ednea a trav\u00e9s de una plataforma educativa, con actividades te\u00f3ricas y pr\u00e1cticas. La preinscripci\u00f3n est\u00e1 abierta y los cupos son limitados. El costo del curso es $4.000 de matr\u00edcula y 2 cuotas de $4.000 cada una.<\/strong><\/em><\/h4>\n\n\n\n<div style=\"height:44px\" aria-hidden=\"true\" class=\"wp-block-spacer\"><\/div>\n\n\n<a href=\"http:\/\/www.quiminsa.com.ar\/\" aria-label=\"banner quiminsa b 1700&#215;500\"><img loading=\"lazy\" decoding=\"async\" src=\"https:\/\/enolife.com.ar\/es\/wp-content\/uploads\/2022\/04\/banner-quiminsa-b-1700x500-1.jpg\" alt=\"\"  srcset=\"https:\/\/enolife.com.ar\/es\/wp-content\/uploads\/2022\/04\/banner-quiminsa-b-1700x500-1.jpg 1700w, https:\/\/enolife.com.ar\/es\/wp-content\/uploads\/2022\/04\/banner-quiminsa-b-1700x500-1-300x88.jpg 300w, https:\/\/enolife.com.ar\/es\/wp-content\/uploads\/2022\/04\/banner-quiminsa-b-1700x500-1-1024x301.jpg 1024w, https:\/\/enolife.com.ar\/es\/wp-content\/uploads\/2022\/04\/banner-quiminsa-b-1700x500-1-768x226.jpg 768w, https:\/\/enolife.com.ar\/es\/wp-content\/uploads\/2022\/04\/banner-quiminsa-b-1700x500-1-1536x452.jpg 1536w, https:\/\/enolife.com.ar\/es\/wp-content\/uploads\/2022\/04\/banner-quiminsa-b-1700x500-1-1170x344.jpg 1170w, https:\/\/enolife.com.ar\/es\/wp-content\/uploads\/2022\/04\/banner-quiminsa-b-1700x500-1-585x172.jpg 585w\" sizes=\"auto, (max-width: 1700px) 100vw, 1700px\" width=\"1700\" height=\"500\"   \/><\/a>\n\n\n<div style=\"height:45px\" aria-hidden=\"true\" class=\"wp-block-spacer\"><\/div>\n\n\n\n<p>Con el objetivo de atender la gran demanda de los interesados del \u00e1mbito del periodismo y la comunicaci\u00f3n orientada a la vitivinicultura, el <strong>Instituto Nacional de Vitivinicultura (INV)<\/strong> y el <strong>Instituto de Educaci\u00f3n Superior (IES)<\/strong> 9015 del Valle de Uco lanzan su segundo curso <strong>\u00abActualizaci\u00f3n en periodismo vitivin\u00edcola\u00bb<\/strong>, que tambi\u00e9n est\u00e1 destinado a quienes desean conocer o profundizar el manejo de las nuevas herramientas de la comunicaci\u00f3n digital.<\/p>\n\n\n\n<p>El <strong>presidente del INV, Mart\u00edn Hinojosa,<\/strong> destac\u00f3 la continuidad de la capacitaci\u00f3n y manifest\u00f3 que <em>\u201cpara el INV la educaci\u00f3n es un eje muy importante que siempre contar\u00e1 con nuestro apoyo. En este caso, estamos muy satisfechos de brindar nuevamente, junto al IES del Valle de Uco, esta formaci\u00f3n espec\u00edfica dirigida a quienes ejercen la profesi\u00f3n de la comunicaci\u00f3n en medios masivos tradicionales, digitales y en organizaciones p\u00fablicas o privadas. Sin dudas, que es un gran aporte para la difusi\u00f3n del vino argentino que es nuestra Bebida Nacional\u201d<\/em>.<\/p>\n\n\n<div class=\"wp-block-image\">\n<figure class=\"alignleft size-large is-resized\"><a href=\"https:\/\/enolife.com.ar\/es\/wp-content\/uploads\/2023\/03\/image-121.png\" data-rel=\"penci-gallery-image-content\" ><img loading=\"lazy\" decoding=\"async\" src=\"https:\/\/enolife.com.ar\/es\/wp-content\/uploads\/2023\/03\/image-121-891x1024.png\" alt=\"\" class=\"wp-image-89180\" width=\"353\" height=\"405\" srcset=\"https:\/\/enolife.com.ar\/es\/wp-content\/uploads\/2023\/03\/image-121-891x1024.png 891w, https:\/\/enolife.com.ar\/es\/wp-content\/uploads\/2023\/03\/image-121-261x300.png 261w, https:\/\/enolife.com.ar\/es\/wp-content\/uploads\/2023\/03\/image-121-768x882.png 768w, https:\/\/enolife.com.ar\/es\/wp-content\/uploads\/2023\/03\/image-121-585x672.png 585w, https:\/\/enolife.com.ar\/es\/wp-content\/uploads\/2023\/03\/image-121.png 940w\" sizes=\"auto, (max-width: 353px) 100vw, 353px\" \/><\/a><\/figure><\/div>\n\n\n<p>El curso comienza el 17 de abril y finaliza el 7 de julio. La carga horaria de la capacitaci\u00f3n es de 90 horas c\u00e1tedra y la modalidad de cursado es semipresencial, ya que tendr\u00e1 clases en l\u00ednea a trav\u00e9s de plataforma educativa. Esto le permite al estudiante llevar adelante su propio proceso de aprendizaje, organizar sus tiempo de estudio y conexi\u00f3n a la plataforma virtual que se encuentra disponible las 24 horas. Se destaca que los docentes se encuentran disponibles en la plataforma a trav\u00e9s de foros y del correo electr\u00f3nico. Adem\u00e1s, se contemplan tres encuentros presenciales, uno por m\u00f3dulo, que se dictar\u00e1n en la sede central del INV, Avenida San Mart\u00edn 430 de la Capital de Mendoza.<\/p>\n\n\n\n<p><strong>Requisitos para la preinscripci\u00f3n:<\/strong> Poseer t\u00edtulo de nivel superior universitario o no universitario y acreditar experiencia laboral en comunicaci\u00f3n y medios.<\/p>\n\n\n\n<p><strong>Aranceles<\/strong>: Matr\u00edcula&nbsp;$4.000 + 2 cuotas de $4.000, que se pagan una vez efectivizada la inscripci\u00f3n definitiva. El pago se hace a trav\u00e9s de la <a href=\"https:\/\/iesvu.edu.ar\/asociacion-cooperadora\/\">Cooperadora Institucional<\/a><\/p>\n\n\n\n<div style=\"height:25px\" aria-hidden=\"true\" class=\"wp-block-spacer\"><\/div>\n\n\n\n<p class=\"has-background\" style=\"background-color:#abb7c24f\"><strong>M\u00e1s informaci\u00f3n y acceso al formulario de inscripci\u00f3n<\/strong> <strong>en:&nbsp;<a href=\"https:\/\/iesvu.edu.ar\/estudio\/actualizacion-en-periodismo-vitivinicola\/\">IESVU 9015 Valle de Uco<\/a>,&nbsp;o enviando e mail a&nbsp;<a href=\"mailto:actualizaciones@iesvu.edu.ar\">actualizaciones@iesvu.edu.ar<\/a><\/strong><\/p>\n\n\n\n<div style=\"height:35px\" aria-hidden=\"true\" class=\"wp-block-spacer\"><\/div>\n\n\n\n<p class=\"has-medium-font-size\"><strong>Programa<\/strong><\/p>\n\n\n\n<p><strong>M\u00f3dulo 1- Periodismo Vitivin\u00edcola<\/strong><\/p>\n\n\n\n<ul class=\"wp-block-list\">\n<li><strong>Introducci\u00f3n al periodismo vitivin\u00edcola<\/strong>. Distinci\u00f3n entre cr\u00edtica y periodismo vitivin\u00edcola. \u00c9tica period\u00edstica. Historia del vino argentino. Enolog\u00eda: Conocimientos b\u00e1sicos acerca del vino, historia, cepajes, elaboraci\u00f3n. La Cr\u00edtica de Vinos. El poder de la cr\u00edtica de vinos. La funci\u00f3n del profesional del periodismo y la comunicaci\u00f3n especializado en el mundo del vino.<\/li>\n\n\n\n<li><strong>El periodismo vitivin\u00edcola en la era digital<\/strong>. Estructura de la Comunicaci\u00f3n period\u00edstica digital. Herramientas y estrategias period\u00edsticas para la redacci\u00f3n de notas y edici\u00f3n period\u00edstica digital y transmedia. Fotograf\u00eda vitivin\u00edcola. Textos de ficci\u00f3n y no ficci\u00f3n en los que se aborde el tema vitivin\u00edcola. Storytelling, el relato del vino. Las redes sociales como eje en la comunicaci\u00f3n period\u00edstica. Cobertura de eventos. Web. Investigaci\u00f3n en Internet. Redacci\u00f3n de p\u00e1ginas en Internet. Las redes sociales.<\/li>\n<\/ul>\n\n\n\n<p><strong>M\u00f3dulo 2- Lectura de datos e interpretaci\u00f3n en el mundo vitivin\u00edcola:<\/strong>&nbsp;<\/p>\n\n\n\n<ul class=\"wp-block-list\">\n<li><strong>El vino como bebida nacional<\/strong>. La Argentina y el vino como producto ic\u00f3nico. Los mercados, el acceso directo a los productos y sus productores. Panorama actual del vino. Las tendencias. La vuelta a lo natural: org\u00e1nicos, biodinamia o vinos naturales.<\/li>\n\n\n\n<li><strong>La cadena de comercializaci\u00f3n y distribuci\u00f3n<\/strong>. Las pr\u00e1cticas vitivin\u00edcolas saludables. El avance de la industria del vino . Relaci\u00f3n precio calidad. Estructura de los mercados mundiales en relaci\u00f3n a las nuevas formas de venta directa. Enfoques de la industria vitivin\u00edcola hacia los escenarios de comercio. Herramientas de comunicaci\u00f3n con orientaci\u00f3n al mercado.<\/li>\n\n\n\n<li><strong>La globalizaci\u00f3n de los mercados y el desarrollo de las tecnolog\u00edas.<\/strong> Procesos de marketing y venta. Uso de las redes sociales como herramienta para el logro de una relaci\u00f3n directa y cercana con el p\u00fablico final. Marketing digital de vinos, estrategias digitales y segmentaci\u00f3n de p\u00fablicos.<\/li>\n\n\n\n<li><strong>Trazabilidad en la bodega.<\/strong> Rol del en\u00f3logo. Las l\u00edneas de vinos para los diversos precios. El vino en el supermercado, en las vinotecas. Los vinos de Autor.<\/li>\n\n\n\n<li><strong>Interpretaci\u00f3n de datos de la industria vitivin\u00edcola.<\/strong> Instituciones generadoras de informes vitivin\u00edcolas, medios de publicaci\u00f3n de datos, etc.<\/li>\n\n\n\n<li><strong>Ejercitaci\u00f3n Pr\u00e1ctica: <\/strong>elaboraci\u00f3n de art\u00edculos a partir de datos vitivin\u00edcolas emitidos por Instituciones Gubernamentales.<\/li>\n<\/ul>\n\n\n\n<p><strong>M\u00f3dulo 3 &#8211; An\u00e1lisis sensorial<\/strong>:<\/p>\n\n\n\n<ul class=\"wp-block-list\">\n<li><strong>Regiones vitivin\u00edcolas<\/strong>. Variedades de uva. Terroir. Estilos. Grandes vinos del mundo. Tendencias vitivin\u00edcolas. Vino y acuerdos. Degustaci\u00f3n de vinos.<\/li>\n\n\n\n<li><strong>Apreciaci\u00f3n sensorial. <\/strong>cata de vinos. La degustaci\u00f3n. Aromas y sabores. El Maridaje: Nociones sobre armon\u00edas en vinos y comidas.<\/li>\n\n\n\n<li><strong>La etiqueta, los envases y la botella. <\/strong>Importancia de la etiqueta. La contraetiqueta. C\u00e1psula. Distintos envases del vino. Fichas t\u00e9cnicas. Su Interpretaci\u00f3n. El Champagne y los Espumosos. Historia y Elaboraci\u00f3n. Distintos tipos, cepajes cl\u00e1sicos. Los vinos especiales top en Argentina y el mundo. Vinos Premium. Teor\u00edas acerca de la madera- barricas, toneles, chips. Nombres del vino. Asesores externos. Los en\u00f3logos.<\/li>\n\n\n\n<li><strong>Redes sociales: <\/strong>webblog, enosocialmedia<\/li>\n\n\n\n<li><strong>Bodegas y arte. <\/strong>El turismo del vino. Periodismo, literatura, m\u00fasica y arte. Un nuevo lenguaje de comunicaci\u00f3n: El cine y el vino. La literatura y el vino. El vino a trav\u00e9s el arte.<\/li>\n\n\n\n<li><strong>Bases para la cr\u00edtica de vinos.<\/strong><\/li>\n\n\n\n<li><strong>Pr\u00e1ctica<\/strong>: participaci\u00f3n en cata de vino y maridaje.<\/li>\n\n\n\n<li><strong>Ejercitaci\u00f3n<\/strong>: Elaboraci\u00f3n de una rese\u00f1a para una red social sobre esta experiencia.<\/li>\n<\/ul>\n\n\n\n<div style=\"height:48px\" aria-hidden=\"true\" class=\"wp-block-spacer\"><\/div>\n","protected":false},"excerpt":{"rendered":"<p>El Instituto Nacional de Vitivinicultura (INV) y el Instituto de Educaci\u00f3n Superior (IES) 9015 \u201cValle&hellip;<\/p>\n","protected":false},"author":3,"featured_media":89200,"comment_status":"open","ping_status":"open","sticky":false,"template":"","format":"standard","meta":{"footnotes":""},"categories":[47],"tags":[],"class_list":["post-89179","post","type-post","status-publish","format-standard","has-post-thumbnail","hentry","category-agenda"],"_links":{"self":[{"href":"https:\/\/enolife.com.ar\/es\/wp-json\/wp\/v2\/posts\/89179","targetHints":{"allow":["GET"]}}],"collection":[{"href":"https:\/\/enolife.com.ar\/es\/wp-json\/wp\/v2\/posts"}],"about":[{"href":"https:\/\/enolife.com.ar\/es\/wp-json\/wp\/v2\/types\/post"}],"author":[{"embeddable":true,"href":"https:\/\/enolife.com.ar\/es\/wp-json\/wp\/v2\/users\/3"}],"replies":[{"embeddable":true,"href":"https:\/\/enolife.com.ar\/es\/wp-json\/wp\/v2\/comments?post=89179"}],"version-history":[{"count":0,"href":"https:\/\/enolife.com.ar\/es\/wp-json\/wp\/v2\/posts\/89179\/revisions"}],"wp:featuredmedia":[{"embeddable":true,"href":"https:\/\/enolife.com.ar\/es\/wp-json\/wp\/v2\/media\/89200"}],"wp:attachment":[{"href":"https:\/\/enolife.com.ar\/es\/wp-json\/wp\/v2\/media?parent=89179"}],"wp:term":[{"taxonomy":"category","embeddable":true,"href":"https:\/\/enolife.com.ar\/es\/wp-json\/wp\/v2\/categories?post=89179"},{"taxonomy":"post_tag","embeddable":true,"href":"https:\/\/enolife.com.ar\/es\/wp-json\/wp\/v2\/tags?post=89179"}],"curies":[{"name":"wp","href":"https:\/\/api.w.org\/{rel}","templated":true}]}}