{"id":8917,"date":"2020-03-07T13:49:54","date_gmt":"2020-03-07T13:49:54","guid":{"rendered":"http:\/\/enolife.com.ar\/es\/?p=8917"},"modified":"2020-03-11T01:52:25","modified_gmt":"2020-03-11T01:52:25","slug":"la-coviar-reconocio-la-crisis-vitivinicola-y-cosecho-fuerte-apoyo-del-gobierno-y-las-instituciones","status":"publish","type":"post","link":"https:\/\/enolife.com.ar\/es\/la-coviar-reconocio-la-crisis-vitivinicola-y-cosecho-fuerte-apoyo-del-gobierno-y-las-instituciones\/","title":{"rendered":"La Coviar reconoci\u00f3 la crisis vitivin\u00edcola y cosech\u00f3 fuerte apoyo del gobierno y las instituciones"},"content":{"rendered":"\n<h4 class=\"wp-block-heading\"><em><strong>El cl\u00e1sico Desayuno de la Coviar en el Hotel Hyatt de Mendoza sorprendi\u00f3 por su masiva convocatoria de protagonistas de la industria, funcionarios de los gobiernos nacional y provincial y prensa especializada. Es que pocos esperaban tan fuerte respaldo, tras el conflicto generado por la renuncia de Bodegas de Argentina y otras entidades del sector a la Corporaci\u00f3n Vitivin\u00edcola Argentina (Coviar), por considerar que el Plan Estrat\u00e9gico Vitivin\u00edcola 2020 fracas\u00f3 en sus objetivos.  <\/strong><\/em><\/h4>\n\n\n\n<hr class=\"wp-block-separator\"\/>\n\n\n\n<h4 class=\"wp-block-heading\"><em><strong>La novedad este a\u00f1o fue la asunci\u00f3n de Jos\u00e9 \u00abPepe\u00bb Zuccardi como presidente de la Coviar en reemplazo del sanjuanino \u00c1ngel Leotta. Zuccardi fue breve y contundente: \u00abAceptamos todas las cr\u00edticas\u00bb, comenz\u00f3, \u00abpero nuestro compromiso es proponer mesas abiertas para todos los actores reales de la cadena que quieran aportar\u00bb, sigui\u00f3, invitando a un renovado di\u00e1logo. Y, en clara alusi\u00f3n a Bodegas de Argentina, dijo: \u00abRechazamos los ataques arteros a la institucionalidad que promueven la concentraci\u00f3n y el traslado de las decisiones fuera de las zonas de producci\u00f3n\u00bb.<\/strong><\/em><\/h4>\n\n\n\n<div style=\"height:26px\" aria-hidden=\"true\" class=\"wp-block-spacer\"><\/div>\n\n\n\n<p><em><strong>Por Enolife. Fotos: Renzo Straniero<\/strong><\/em><\/p>\n\n\n\n<div style=\"height:22px\" aria-hidden=\"true\" class=\"wp-block-spacer\"><\/div>\n\n\n\n<p>Figuras del gobierno nacional como el ministro del Interior Eduardo de Pedro, gobernadores y vicegobernadores de 8 provincias vitivin\u00edcolas y personalidades de la pol\u00edtica mendocina fuertemente ligadas a la vitivinicultura, como los ex gobernadores Arturo Lafalla y Jos\u00e9 Octavio \u00abPilo\u00bb Bord\u00f3n, avalaron con su presencia el renovado mensaje de la Coviar, que tuvo como principal vocero al nuevo  presidente Jos\u00e9 \u00abPepe\u00bb Zuccardi.<\/p>\n\n\n\n<p>El breve discurso de Zuccardi tuvo dos ejes principales: comunicar una completa apertura de la instituci\u00f3n p\u00fablico-privada a todos los actores de la industria, y expresar la necesidad de lanzar, en el transcurso de este a\u00f1o, el nuevo Plan Estrat\u00e9gico Vitivin\u00edcola 2030, que dar\u00e1 sentido a la misi\u00f3n de la Coviar e intentar\u00e1 resolver los graves problemas de la industria, tales como la baja del consumo en el mercado interno y las dificultades para la exportaci\u00f3n, motivadas por la alta carga impositiva.<\/p>\n\n\n\n<p>En su esperado discurso, Zuccardi comenz\u00f3: \u00abTenemos un a\u00f1o para consensuar y dise\u00f1ar el nuevo plan, para lo cual contamos con el apoyo del INTA. La crisis del agua nos amenaza a todos. Estamos obligados a planificar, hoy m\u00e1s que nunca. Nuestro compromiso desde la Coviar es plantear mesas abiertas para todos los actores reales de la cadena que quieran aportar, como asi tambi\u00e9n a los legisladores provinciales que nos representan en la Naci\u00f3n&#8230; Aceptamos todas las criticas. Tenemos una responsabilidad en el futuro de la regi\u00f3n y de su gente. Rechazamos los ataques arteros a la institucionalidad que promeven la concentraci\u00f3n y el traslado de las decisiones fuera de las zonas de producci\u00f3n. Hay medidas necesarias en lo inmediato. Necesitamos competitvidad para exportar, y para ello es indispensable la disminuci\u00f3n de la carga impositiva. Los productos vitivin\u00edcolas no deben pagar impuestos&#8230; Cada botella de vino es un embajador de Argentina. La implementaci\u00f3n de la segunda etapa del plan Coviar es indispensable\u00bb.<\/p>\n\n\n\n<div style=\"height:20px\" aria-hidden=\"true\" class=\"wp-block-spacer\"><\/div>\n\n\n\n<div class=\"wp-block-image\"><figure class=\"aligncenter size-large\"><img loading=\"lazy\" decoding=\"async\" width=\"612\" height=\"407\" src=\"https:\/\/enolife.com.ar\/es\/wp-content\/uploads\/2020\/03\/image-3.png\" alt=\"\" class=\"wp-image-8919\" srcset=\"https:\/\/enolife.com.ar\/es\/wp-content\/uploads\/2020\/03\/image-3.png 612w, https:\/\/enolife.com.ar\/es\/wp-content\/uploads\/2020\/03\/image-3-300x200.png 300w, https:\/\/enolife.com.ar\/es\/wp-content\/uploads\/2020\/03\/image-3-585x389.png 585w\" sizes=\"auto, (max-width: 612px) 100vw, 612px\" \/><\/figure><\/div>\n\n\n\n<div style=\"height:20px\" aria-hidden=\"true\" class=\"wp-block-spacer\"><\/div>\n\n\n\n<blockquote class=\"wp-block-quote is-layout-flow wp-block-quote-is-layout-flow\"><p>Cada botella de vino es un embajador de Argentina. La implementaci\u00f3n de la segunda etapa del plan Coviar es indispensable\u00bb. <\/p><cite>Jos\u00e9 \u00abPepe\u00bb Zuccardi, presidente de la Coviar.<\/cite><\/blockquote>\n\n\n\n<div style=\"height:20px\" aria-hidden=\"true\" class=\"wp-block-spacer\"><\/div>\n\n\n\n<figure class=\"wp-block-image size-large\"><img loading=\"lazy\" decoding=\"async\" width=\"762\" height=\"327\" src=\"https:\/\/enolife.com.ar\/es\/wp-content\/uploads\/2020\/03\/image-4.png\" alt=\"\" class=\"wp-image-8921\" srcset=\"https:\/\/enolife.com.ar\/es\/wp-content\/uploads\/2020\/03\/image-4.png 762w, https:\/\/enolife.com.ar\/es\/wp-content\/uploads\/2020\/03\/image-4-300x129.png 300w, https:\/\/enolife.com.ar\/es\/wp-content\/uploads\/2020\/03\/image-4-585x251.png 585w\" sizes=\"auto, (max-width: 762px) 100vw, 762px\" \/><\/figure>\n","protected":false},"excerpt":{"rendered":"<p>El cl\u00e1sico Desayuno de la Coviar en el Hotel Hyatt de Mendoza sorprendi\u00f3 por su&hellip;<\/p>\n","protected":false},"author":3,"featured_media":8920,"comment_status":"open","ping_status":"open","sticky":false,"template":"","format":"standard","meta":{"footnotes":""},"categories":[14],"tags":[],"class_list":["post-8917","post","type-post","status-publish","format-standard","has-post-thumbnail","hentry","category-news"],"_links":{"self":[{"href":"https:\/\/enolife.com.ar\/es\/wp-json\/wp\/v2\/posts\/8917","targetHints":{"allow":["GET"]}}],"collection":[{"href":"https:\/\/enolife.com.ar\/es\/wp-json\/wp\/v2\/posts"}],"about":[{"href":"https:\/\/enolife.com.ar\/es\/wp-json\/wp\/v2\/types\/post"}],"author":[{"embeddable":true,"href":"https:\/\/enolife.com.ar\/es\/wp-json\/wp\/v2\/users\/3"}],"replies":[{"embeddable":true,"href":"https:\/\/enolife.com.ar\/es\/wp-json\/wp\/v2\/comments?post=8917"}],"version-history":[{"count":0,"href":"https:\/\/enolife.com.ar\/es\/wp-json\/wp\/v2\/posts\/8917\/revisions"}],"wp:featuredmedia":[{"embeddable":true,"href":"https:\/\/enolife.com.ar\/es\/wp-json\/wp\/v2\/media\/8920"}],"wp:attachment":[{"href":"https:\/\/enolife.com.ar\/es\/wp-json\/wp\/v2\/media?parent=8917"}],"wp:term":[{"taxonomy":"category","embeddable":true,"href":"https:\/\/enolife.com.ar\/es\/wp-json\/wp\/v2\/categories?post=8917"},{"taxonomy":"post_tag","embeddable":true,"href":"https:\/\/enolife.com.ar\/es\/wp-json\/wp\/v2\/tags?post=8917"}],"curies":[{"name":"wp","href":"https:\/\/api.w.org\/{rel}","templated":true}]}}