{"id":8914,"date":"2020-03-11T01:51:14","date_gmt":"2020-03-11T01:51:14","guid":{"rendered":"http:\/\/enolife.com.ar\/es\/?p=8914"},"modified":"2020-03-12T13:56:12","modified_gmt":"2020-03-12T13:56:12","slug":"diputados-del-pro-piden-derogar-la-contribucion-obligatoria-de-las-bodegas-a-la-coviar","status":"publish","type":"post","link":"https:\/\/enolife.com.ar\/es\/diputados-del-pro-piden-derogar-la-contribucion-obligatoria-de-las-bodegas-a-la-coviar\/","title":{"rendered":"Diputados del PRO piden derogar la contribuci\u00f3n obligatoria de las bodegas a la Coviar"},"content":{"rendered":"\n<h4 class=\"wp-block-heading\"><em><strong>En medio del conflicto de representaci\u00f3n y las acusaciones cruzadas entre los dirigentes de la Corporaci\u00f3n Vitivin\u00edcola Argentina (Coviar), por un lado, y los productores de Bodegas de Argentina junto al Centro de Vi\u00f1ateros y Bodegueros del Este y entidades vitivin\u00edcolas de varias provincias, por otro lado, los diputados provinciales mendocinos Hebe Casado y Gustavo Cairo, ambos del PRO, presentaron en la Legislatura provincial un \u00abproyecto de declaraci\u00f3n\u00bb que solicita modificar la ley 25.849 en cuanto a la obligatoriedad del aporte econ\u00f3mico de las bodegas a la entidad p\u00fablico-privada que pilotea el PEVI 2020.<\/strong><\/em><\/h4>\n\n\n\n<div style=\"height:20px\" aria-hidden=\"true\" class=\"wp-block-spacer\"><\/div>\n\n\n\n<p class=\"has-normal-font-size\"><em><strong>Por Pedro Straniero<\/strong><\/em><\/p>\n\n\n\n<div style=\"height:20px\" aria-hidden=\"true\" class=\"wp-block-spacer\"><\/div>\n\n\n\n<p>Se ve\u00eda venir. La reciente renuncia de Bodegas de Argentina, el Centro de Vi\u00f1ateros y Bodegueros del Este y otras entidades vitivin\u00edcolas de varias provincias productoras al directorio de la Coviar, hac\u00eda presagiar que, de parte del sector disidente, habr\u00eda alg\u00fan tipo de acci\u00f3n \u00ablegal\u00bb encaminada a solicitar la eliminaci\u00f3n de la obligatoriedad del aporte econ\u00f3mico de las bodegas a la Coviar, ya que este punto es uno de los centrales del conflicto. Y hace unos d\u00edas, dos legisladores provinciales del PRO, Hebe Casado y Gustavo Cairo, claramente alineados a la causa de los renunciantes, presentaron un \u00abproyecto de declaraci\u00f3n\u00bb para que, de ser aprobado, la C\u00e1mara de Diputados de Mendoza \u00ab<em>vea con agrado que el Congreso de la Naci\u00f3n modifique la Ley Nacional 25.849 a fin de que se elimine la obligatoriedad de la contribuci\u00f3n que realizan las empresas vitivin\u00edcolas a la Corporaci\u00f3n Vitivin\u00edcola Argentina<\/em>\u00ab. <\/p>\n\n\n\n<div style=\"height:20px\" aria-hidden=\"true\" class=\"wp-block-spacer\"><\/div>\n\n\n\n<div class=\"wp-block-image\"><figure class=\"alignleft size-large is-resized\"><img loading=\"lazy\" decoding=\"async\" src=\"https:\/\/enolife.com.ar\/es\/wp-content\/uploads\/2020\/03\/image-14.png\" alt=\"\" class=\"wp-image-9141\" width=\"225\" height=\"225\" srcset=\"https:\/\/enolife.com.ar\/es\/wp-content\/uploads\/2020\/03\/image-14.png 618w, https:\/\/enolife.com.ar\/es\/wp-content\/uploads\/2020\/03\/image-14-300x300.png 300w, https:\/\/enolife.com.ar\/es\/wp-content\/uploads\/2020\/03\/image-14-150x150.png 150w, https:\/\/enolife.com.ar\/es\/wp-content\/uploads\/2020\/03\/image-14-585x585.png 585w\" sizes=\"auto, (max-width: 225px) 100vw, 225px\" \/><\/figure><\/div>\n\n\n\n<p>Esta propuesta de los representantes del pueblo Casado y Cairo, no tiene, obviamente, la fuerza ni la formulaci\u00f3n legal de un proyecto de ley, ya que s\u00f3lo aspira a despertar simpat\u00eda entre sus pares mendocinos por la causa que ambos ya asumieron. Pero evidencia c\u00f3mo viene la mano y marca una tendencia sobre probables acciones futuras. <\/p>\n\n\n\n<p>A continuaci\u00f3n, transcribimos el texto del \u00abProyecto de Declaraci\u00f3n\u00bb de los diputados Casado y Cairo:<\/p>\n\n\n\n<p><em>\u201cPonemos a consideraci\u00f3n de la Honorable C\u00e1mara de Diputados de la Provincia de Mendoza el siguiente proyecto de Declaraci\u00f3n, a fin de expresar que se ver\u00eda con agrado que se derogue la obligatoriedad de la contribuci\u00f3n econ\u00f3mica por parte de las empresas vitivin\u00edcolas hacia la Coviar\u201d<\/em>.<\/p>\n\n\n\n<p>\u00ab<em>La industria vitivin\u00edcola atraviesa un momento complejo. Durante los \u00faltimos quince a\u00f1os, el consumo de vinos en Argentina se derrumb\u00f3 de 34 a 19 litros per c\u00e1pita; cada punto de ese volumen perdido equivale hoy a cuarenta millones de litros de vino que se traduce en 4.600 hect\u00e1reas de vi\u00f1edos que no tienen colocaci\u00f3n en el mercado. Una crisis que arrastra a bodegas pymes fraccionadoras, elaboradoras y productores primarios. Ese consumo se da precisamente en el per\u00edodo del Plan Estrat\u00e9gico, desde el a\u00f1o 2003 hasta hoy. Un Plan Estrat\u00e9gico cuya responsabilidad de llevar adelante corresponde a la Coviar.<\/em><\/p>\n\n\n\n<p><em>La Coviar es un organismo p\u00fablico-privado que debe gestionar y articular las acciones necesarias para cumplir con los objetivos del Plan Estrat\u00e9gico Argentina Vitivin\u00edcola 2020 (PEVI). Es una entidad con jurisdicci\u00f3n nacional, encargada de administrar los recursos que, mediante la contribuci\u00f3n establecida en la Ley 25.849, las empresas vitivin\u00edcolas financian las acciones necesarias para concretar los objetivos fijados en el PEVI 2020.<\/em><\/p>\n\n\n\n<p><em>Est\u00e1 conformada por diversas entidades vitivin\u00edcolas de las cuales su mayor\u00eda considera que las acciones y los manejos de los \u00faltimos a\u00f1os deben cambiar si se aspira a que la corporaci\u00f3n siga en funcionamiento de cara a un PEVI 2030. Una de las cuestiones a modificar son los elevados montos que se abonan en concepto de fraccionamiento y elaboraci\u00f3n, cuyo destino va a la caja de la Corporaci\u00f3n y est\u00e1n destinado a diversas acciones, cuya finalidad es la apertura de nuevos mercados y el desarrollo de la industria. Finalidades que, se expresa desde diversos sectores, no han sido cumplimentadas.<\/em><\/p>\n\n\n\n<p><em>Otro cap\u00edtulo aparte es la exigencia en el cumplimiento de la contribuci\u00f3n. En este sentido, en caso de incumplimiento el INV paraliza a los establecimientos hasta que se regularice la situaci\u00f3n. Esto va m\u00e1s all\u00e1 de lo coyuntural de la situaci\u00f3n del sector vitivin\u00edcola, los fondos se podr\u00edan aprovechar de una manera m\u00e1s eficiente y din\u00e1mica.<\/em><\/p>\n\n\n\n<p><em>Existe un hist\u00f3rico descontento por parte de los principales actores econ\u00f3micos de la vitivinicultura. Las empresas vitivin\u00edcolas, en su mayor\u00eda, plantean la ineficiencia de las pol\u00edticas p\u00fablicas llevadas adelante para fomentar la inserci\u00f3n de sus productos en el mercado.<\/em><\/p>\n\n\n\n<p><em>Por lo tanto, en resumen, la Coviar es un organismo que fue creado con el fin de potenciar al sector privado vitivin\u00edcola, y que a su vez es financiado por \u00e9ste. Si existe un reclamo generalizado de que el organismo no est\u00e1 cumpliendo su funci\u00f3n, se considera al menos innecesaria la imposici\u00f3n de un canon para el mantenimiento del mismo.<\/em><\/p>\n\n\n\n<p><em>Si el sector m\u00e1s representativo de la vitivinicultura no quiere que la Coviar desarrolle su pol\u00edtica de desarrollo y crecimiento, no existe necesidad y es en gran medida injusto que se le imponga la contribuci\u00f3n econ\u00f3mica.<\/em><\/p>\n\n\n\n<p><em>Por lo expuesto ponemos a consideraci\u00f3n el siguiente proyecto.<\/em><\/p>\n\n\n\n<p><strong><em>PROYECTO DE DECLARACI\u00d3N<\/em><\/strong><\/p>\n\n\n\n<p><em>LA HONORABLE CAMARA DE DIPUTADOS DE LA PROVINCIA DE MENDOZA, DECLARA:<\/em><\/p>\n\n\n\n<p class=\"has-background has-pale-pink-background-color\"><em>Art. 1\u00ba) Que ver\u00eda con agrado que el Congreso de la Naci\u00f3n modifique la Ley Nacional 25.849 a fin de que se elimine la obligatoriedad de la contribuci\u00f3n que realizan las empresas vitivin\u00edcolas a la Corporaci\u00f3n Vitivin\u00edcola Argentina.<\/em><br><br><em>Art. 2\u00ba) De forma.<\/em>\u00ab<\/p>\n\n\n\n<div style=\"height:31px\" aria-hidden=\"true\" class=\"wp-block-spacer\"><\/div>\n\n\n\n<p class=\"has-medium-font-size\"><strong>Los fundamentos de la renuncia de Bodegas y los Vi\u00f1ateros del Este a la Coviar <\/strong><\/p>\n\n\n\n<p>El comunicado emitido por Bodegas de Argentina y sus socios el 15 de febrero pasado, anunciando su desprendimiento de la Coviar dice, entre otras cosas: <\/p>\n\n\n\n<p><em>\u00abA este proyecto de hacer de la Coviar una c\u00e1mara de c\u00e1maras, que adem\u00e1s le cuesta millones a todos los que aportamos la contribuci\u00f3n obligatoria que pagamos por ley, se agrega la falta de apertura para permitir que sean las bodegas quienes lideren el programa de promoci\u00f3n del vino en el mercado interno, siendo desestimadas reiteradamente sus opiniones respecto al dise\u00f1o de las campa\u00f1as publicitarias o la contrataci\u00f3n de proveedores\u00bb.<\/em> <\/p>\n\n\n\n<p>Las entidades firmantes fueron:&nbsp;\u00ab<strong>Centro de Vi\u00f1ateros y Bodegueros del Este, Bodegas de Argentina. Dem\u00e1s provincias productoras. Sector privado. Neuqu\u00e9n\u00bb.<\/strong> <\/p>\n\n\n\n<p>La respuesta de la Coviar, hecha p\u00fablica el 18 de febrero, expresa:<\/p>\n\n\n\n<p><em>\u00abObjetan el destino y el manejo de los recursos, desconociendo que fueron las propias autoridades de Bodegas de Argentina las que hasta mediados de 2019, con su firma, avalaron cada uno de los presupuestos y partidas de gastos asignadas\u00bb.<\/em> <em>En este sentido, contrariamente a lo manifestado por la actual conducci\u00f3n de Bodegas de Argentina sobre la supuesta malversaci\u00f3n de recursos, dejamos en claro que el presupuesto de Coviar asigna un 30% de la totalidad de los recursos por contribuci\u00f3n obligatoria a la Promoci\u00f3n Externa, un 30% a la Promoci\u00f3n en el Mercado Interno, un 15% a la sustentabilidad de los productores y s\u00f3lo un 3% a costos de administraci\u00f3n\u00bb.<\/em><\/p>\n\n\n\n<p>En el caso de la Coviar, las firmas corresponden a entidades privadas, productores y bodegas:&nbsp;<strong>Asociaci\u00f3n de Cooperativas Vitivin\u00edcolas (ACOVI), Asociaci\u00f3n de Vi\u00f1ateros de Mendoza, C\u00e1mara Vitivin\u00edcola de San Juan, C\u00e1mara de Productores Vit\u00edcolas de San Juan, Federaci\u00f3n de C\u00e1maras Vit\u00edcolas de la Rep\u00fablica Argentina, Uni\u00f3n Vitivin\u00edcola Argentina (UVA), Consorcio de Productores y Bodegas de Catamarca<\/strong>.  <\/p>\n\n\n\n<div style=\"height:23px\" aria-hidden=\"true\" class=\"wp-block-spacer\"><\/div>\n","protected":false},"excerpt":{"rendered":"<p>En medio del conflicto de representaci\u00f3n y las acusaciones cruzadas entre los dirigentes de la&hellip;<\/p>\n","protected":false},"author":3,"featured_media":9132,"comment_status":"open","ping_status":"open","sticky":false,"template":"","format":"standard","meta":{"footnotes":""},"categories":[14],"tags":[],"class_list":["post-8914","post","type-post","status-publish","format-standard","has-post-thumbnail","hentry","category-news"],"_links":{"self":[{"href":"https:\/\/enolife.com.ar\/es\/wp-json\/wp\/v2\/posts\/8914","targetHints":{"allow":["GET"]}}],"collection":[{"href":"https:\/\/enolife.com.ar\/es\/wp-json\/wp\/v2\/posts"}],"about":[{"href":"https:\/\/enolife.com.ar\/es\/wp-json\/wp\/v2\/types\/post"}],"author":[{"embeddable":true,"href":"https:\/\/enolife.com.ar\/es\/wp-json\/wp\/v2\/users\/3"}],"replies":[{"embeddable":true,"href":"https:\/\/enolife.com.ar\/es\/wp-json\/wp\/v2\/comments?post=8914"}],"version-history":[{"count":0,"href":"https:\/\/enolife.com.ar\/es\/wp-json\/wp\/v2\/posts\/8914\/revisions"}],"wp:featuredmedia":[{"embeddable":true,"href":"https:\/\/enolife.com.ar\/es\/wp-json\/wp\/v2\/media\/9132"}],"wp:attachment":[{"href":"https:\/\/enolife.com.ar\/es\/wp-json\/wp\/v2\/media?parent=8914"}],"wp:term":[{"taxonomy":"category","embeddable":true,"href":"https:\/\/enolife.com.ar\/es\/wp-json\/wp\/v2\/categories?post=8914"},{"taxonomy":"post_tag","embeddable":true,"href":"https:\/\/enolife.com.ar\/es\/wp-json\/wp\/v2\/tags?post=8914"}],"curies":[{"name":"wp","href":"https:\/\/api.w.org\/{rel}","templated":true}]}}