{"id":8889,"date":"2020-03-06T19:39:21","date_gmt":"2020-03-06T19:39:21","guid":{"rendered":"http:\/\/enolife.com.ar\/es\/?p=8889"},"modified":"2020-03-09T02:07:17","modified_gmt":"2020-03-09T02:07:17","slug":"la-oiv-cancela-agenda-de-reuniones-hasta-el-3-de-abril-por-el-coronavirus","status":"publish","type":"post","link":"https:\/\/enolife.com.ar\/es\/la-oiv-cancela-agenda-de-reuniones-hasta-el-3-de-abril-por-el-coronavirus\/","title":{"rendered":"La OIV cancela agenda de reuniones hasta el 3 de abril por el coronavirus"},"content":{"rendered":"\n<h4 class=\"wp-block-heading\"><em><strong>El temor a la pandemia se generaliza, y  el mundo del vino no es la excepci\u00f3n. Como muchas otras organizaciones, la Organizaci\u00f3n Internacional de la Vi\u00f1a y el Vino suspendi\u00f3 actividades en su sede de Par\u00eds, Francia.<\/strong><\/em><\/h4>\n\n\n\n<div style=\"height:31px\" aria-hidden=\"true\" class=\"wp-block-spacer\"><\/div>\n\n\n\n<p> La Organizaci\u00f3n Internacional de la Vi\u00f1a y el Vino (OIV), en funci\u00f3n al n\u00famero de casos de coronavirus detectados en el mundo en general y en Francia en particular -donde tiene su sede- decidi\u00f3 cancelar y\/o posponer las reuniones previstas durante la primavera europea 2020. Por ahora, estas suspensiones ser\u00e1n hasta el 3 de abril y se seguir\u00e1 evaluando las posteriores en funci\u00f3n del avance de la enfermedad.<\/p>\n\n\n\n<p>La preocupaci\u00f3n se gener\u00f3 por el crecimiento de casos de infectados por el coronavirus (Covid-19), que incluye, entre otros pa\u00edses europeos, a Francia. La finalidad de la suspensi\u00f3n de las actividades es seguir las l\u00edneas directrices de la Organizaci\u00f3n de las Naciones Unidas (ONU) con objeto de minimizar su propagaci\u00f3n e impacto. <\/p>\n\n\n\n<div style=\"height:20px\" aria-hidden=\"true\" class=\"wp-block-spacer\"><\/div>\n\n\n\n<blockquote class=\"wp-block-quote is-layout-flow wp-block-quote-is-layout-flow\"><p>En las actuales circunstancias, despu\u00e9s de haber consultado a la comisi\u00f3n directiva, y siguiendo los principios de precauci\u00f3n aplicables en estas situaciones, lamentamos mucho informarles que las reuniones de primavera de la OIV previstas del 24 de marzo al 3 de abril en Par\u00eds, Francia, est\u00e1n canceladas y ser\u00e1n postpuestas a otras fechas\u00bb.<\/p><cite>Comunicado oficial de la OIV<\/cite><\/blockquote>\n\n\n\n<div style=\"height:20px\" aria-hidden=\"true\" class=\"wp-block-spacer\"><\/div>\n\n\n\n<p class=\"has-medium-font-size\"><strong>La nueva agenda: <\/strong><\/p>\n\n\n\n<ul class=\"wp-block-list\"><li>Reuni\u00f3n de la Subcomisi\u00f3n de M\u00e9todos de An\u00e1lisis, del 3 al 5 de junio.<\/li><li>Reuniones de la Comisi\u00f3n de Enolog\u00eda, del 6 al 11 de junio. <\/li><li>Las otras reuniones ser\u00e1n tambi\u00e9n en Par\u00eds, del 15 al 24 de julio de 2020.&nbsp;<\/li><\/ul>\n\n\n\n<div style=\"height:20px\" aria-hidden=\"true\" class=\"wp-block-spacer\"><\/div>\n\n\n\n<p class=\"has-small-font-size\"><em><strong>Fuente: OIV<\/strong><\/em><\/p>\n","protected":false},"excerpt":{"rendered":"<p>El temor a la pandemia se generaliza, y el mundo del vino no es la&hellip;<\/p>\n","protected":false},"author":3,"featured_media":8911,"comment_status":"open","ping_status":"open","sticky":false,"template":"","format":"standard","meta":{"footnotes":""},"categories":[14],"tags":[],"class_list":["post-8889","post","type-post","status-publish","format-standard","has-post-thumbnail","hentry","category-news"],"_links":{"self":[{"href":"https:\/\/enolife.com.ar\/es\/wp-json\/wp\/v2\/posts\/8889","targetHints":{"allow":["GET"]}}],"collection":[{"href":"https:\/\/enolife.com.ar\/es\/wp-json\/wp\/v2\/posts"}],"about":[{"href":"https:\/\/enolife.com.ar\/es\/wp-json\/wp\/v2\/types\/post"}],"author":[{"embeddable":true,"href":"https:\/\/enolife.com.ar\/es\/wp-json\/wp\/v2\/users\/3"}],"replies":[{"embeddable":true,"href":"https:\/\/enolife.com.ar\/es\/wp-json\/wp\/v2\/comments?post=8889"}],"version-history":[{"count":0,"href":"https:\/\/enolife.com.ar\/es\/wp-json\/wp\/v2\/posts\/8889\/revisions"}],"wp:featuredmedia":[{"embeddable":true,"href":"https:\/\/enolife.com.ar\/es\/wp-json\/wp\/v2\/media\/8911"}],"wp:attachment":[{"href":"https:\/\/enolife.com.ar\/es\/wp-json\/wp\/v2\/media?parent=8889"}],"wp:term":[{"taxonomy":"category","embeddable":true,"href":"https:\/\/enolife.com.ar\/es\/wp-json\/wp\/v2\/categories?post=8889"},{"taxonomy":"post_tag","embeddable":true,"href":"https:\/\/enolife.com.ar\/es\/wp-json\/wp\/v2\/tags?post=8889"}],"curies":[{"name":"wp","href":"https:\/\/api.w.org\/{rel}","templated":true}]}}