{"id":88727,"date":"2023-04-01T18:58:06","date_gmt":"2023-04-01T18:58:06","guid":{"rendered":"https:\/\/enolife.com.ar\/es\/?p=88727"},"modified":"2024-02-26T22:06:34","modified_gmt":"2024-02-26T22:06:34","slug":"la-bodega-quimera-de-achaval-ferrer-presento-su-resto-con-menu-de-4-tiempos-y-su-primer-blanco","status":"publish","type":"post","link":"https:\/\/enolife.com.ar\/es\/la-bodega-quimera-de-achaval-ferrer-presento-su-resto-con-menu-de-4-tiempos-y-su-primer-blanco\/","title":{"rendered":"La bodega Quimera de Achaval Ferrer present\u00f3 su rest\u00f3 con men\u00fa de 4 tiempos y su primer blanco"},"content":{"rendered":"\n<h4 class=\"wp-block-heading\"><em><strong>Achaval Ferrer, una bodega que lleva 25 a\u00f1os en el mercado argentino, adquiri\u00f3 a mediados de 2019 la bodega Melipal ubicada en Agrelo, Luj\u00e1n de Cuyo, a la que rebautiz\u00f3 Quimera, como aquel animal fabuloso de la mitolog\u00eda griega, \u00abblend\u00bb de  le\u00f3n, cabra y drag\u00f3n. De este modo, el nuevo nombre de la bodega y el restaurante est\u00e1n en sinton\u00eda -tal como explica su en\u00f3logo Gustavo Rearte- con su blend de tintas, elaborado con malbec, merlot, cabernet sauvignon, cabernet franc y petit verdot, las 5 variedades que la firma cultiva en sus 55 has. En su nueva etapa, los directivos de la bodega presentaron el 25\/3\/23 ante la prensa especializada la remodelaci\u00f3n del rest\u00f3, su primer blend de uvas blancas -Quimera Blanco- y la nueva carta con una fusi\u00f3n de comida asi\u00e1tica y latinoamericana en un men\u00fa de 4 tiempos, a cargo de la joven y talentosa chef internacional Constanza Cerezo.<\/strong><\/em><\/h4>\n\n\n\n<div style=\"height:35px\" aria-hidden=\"true\" class=\"wp-block-spacer\"><\/div>\n\n\n<a href=\"https:\/\/grupoaltasur.com\/\" aria-label=\"1700-500px\"><img loading=\"lazy\" decoding=\"async\" src=\"https:\/\/enolife.com.ar\/es\/wp-content\/uploads\/2021\/01\/1700-500px.jpg\" alt=\"\"  srcset=\"https:\/\/enolife.com.ar\/es\/wp-content\/uploads\/2021\/01\/1700-500px.jpg 1700w, https:\/\/enolife.com.ar\/es\/wp-content\/uploads\/2021\/01\/1700-500px-300x88.jpg 300w, https:\/\/enolife.com.ar\/es\/wp-content\/uploads\/2021\/01\/1700-500px-1024x301.jpg 1024w, https:\/\/enolife.com.ar\/es\/wp-content\/uploads\/2021\/01\/1700-500px-768x226.jpg 768w, https:\/\/enolife.com.ar\/es\/wp-content\/uploads\/2021\/01\/1700-500px-1536x452.jpg 1536w, https:\/\/enolife.com.ar\/es\/wp-content\/uploads\/2021\/01\/1700-500px-1170x344.jpg 1170w, https:\/\/enolife.com.ar\/es\/wp-content\/uploads\/2021\/01\/1700-500px-585x172.jpg 585w\" sizes=\"auto, (max-width: 1700px) 100vw, 1700px\" width=\"1700\" height=\"500\"   \/><\/a>\n\n\n<div style=\"height:45px\" aria-hidden=\"true\" class=\"wp-block-spacer\"><\/div>\n\n\n\n<p><strong>Por Lorena Mellone y Pedro Straniero<\/strong> <br>(<em>comunidad@enolife.com.ar<\/em>)<\/p>\n\n\n\n<div style=\"height:42px\" aria-hidden=\"true\" class=\"wp-block-spacer\"><\/div>\n\n\n\n<p>El  25\/3\/23 la bodega <strong>Achaval Ferrer<\/strong> realiz\u00f3 una presentaci\u00f3n a la prensa especializada en su bodega y nuevo rest\u00f3 <strong>Quimera<\/strong>, donde ofreci\u00f3 un men\u00fa de 4 tiempos de comida fusi\u00f3n asi\u00e1tica y latinoamericana, combinado con su blend de tintas, su nuevo blend de blancas -que a\u00fan no sale al mercado- y un malbec de su finca en el paraje Altamira, San Carlos. <\/p>\n\n\n\n<div style=\"height:25px\" aria-hidden=\"true\" class=\"wp-block-spacer\"><\/div>\n\n\n<div class=\"wp-block-image\">\n<figure class=\"aligncenter size-full is-resized\"><a href=\"https:\/\/enolife.com.ar\/es\/wp-content\/uploads\/2023\/04\/b890e0b1-173f-4704-8fdc-b3b8f8def15e.jpg\" data-rel=\"penci-gallery-image-content\" ><img decoding=\"async\" src=\"https:\/\/enolife.com.ar\/es\/wp-content\/uploads\/2023\/04\/b890e0b1-173f-4704-8fdc-b3b8f8def15e.jpg\" alt=\"\" class=\"wp-image-89315\" width=\"-59\" height=\"-40\" srcset=\"https:\/\/enolife.com.ar\/es\/wp-content\/uploads\/2023\/04\/b890e0b1-173f-4704-8fdc-b3b8f8def15e.jpg 665w, https:\/\/enolife.com.ar\/es\/wp-content\/uploads\/2023\/04\/b890e0b1-173f-4704-8fdc-b3b8f8def15e-300x205.jpg 300w, https:\/\/enolife.com.ar\/es\/wp-content\/uploads\/2023\/04\/b890e0b1-173f-4704-8fdc-b3b8f8def15e-585x400.jpg 585w\" sizes=\"(max-width: 665px) 100vw, 665px\" \/><\/a><figcaption class=\"wp-element-caption\"><em><strong>Mayra Maioli (Comunicaci\u00f3n de Achaval Ferrer) y los periodistas Federico Lancia, Lorena Mellone, Federico Croce, Pedro Straniero y Gustavo Flores Baz\u00e1n.<\/strong><\/em><\/figcaption><\/figure><\/div>\n\n\n<div style=\"height:25px\" aria-hidden=\"true\" class=\"wp-block-spacer\"><\/div>\n\n\n\n<p><strong>Patricia Lambert, <\/strong>responsable de<strong> Hospitalidad <\/strong>de la bodega, explic\u00f3 con respecto a la filosof\u00eda que inspira su gastronom\u00eda:<strong> <\/strong>\u201c<em>En Quimera Bistro invitamos al hu\u00e9sped a vivir un viaje de sentidos, les proponemos una variedad de cuatro tiempos, en donde cada uno representa una experiencia \u00fanica, acompa\u00f1ado de un vino excepcional que transmite un mensaje de la tierra\u00bb<\/em>. Y present\u00f3 a la creadora de los platos ofrecidos, la chef <strong>Constanza Cerezo, <\/strong>nacida en el barrio Recoleta (Buenos Aires), en el seno de una familia donde la comida, las carnes y el buen gusto marcaban un estilo de vida.<\/p>\n\n\n\n<div style=\"height:25px\" aria-hidden=\"true\" class=\"wp-block-spacer\"><\/div>\n\n\n<div class=\"wp-block-image\">\n<figure class=\"aligncenter size-full is-resized\"><a href=\"https:\/\/enolife.com.ar\/es\/wp-content\/uploads\/2023\/04\/patricia-2.jpg\" data-rel=\"penci-gallery-image-content\" ><img loading=\"lazy\" decoding=\"async\" src=\"https:\/\/enolife.com.ar\/es\/wp-content\/uploads\/2023\/04\/patricia-2.jpg\" alt=\"\" class=\"wp-image-89322\" width=\"543\" height=\"330\" srcset=\"https:\/\/enolife.com.ar\/es\/wp-content\/uploads\/2023\/04\/patricia-2.jpg 588w, https:\/\/enolife.com.ar\/es\/wp-content\/uploads\/2023\/04\/patricia-2-300x183.jpg 300w, https:\/\/enolife.com.ar\/es\/wp-content\/uploads\/2023\/04\/patricia-2-585x356.jpg 585w\" sizes=\"auto, (max-width: 543px) 100vw, 543px\" \/><\/a><figcaption class=\"wp-element-caption\"><em><strong>Patricia Lambert y Luciana De Rosa, de Hospitalidad de Achaval Ferrer.<\/strong><\/em><\/figcaption><\/figure><\/div>\n\n\n<div style=\"height:25px\" aria-hidden=\"true\" class=\"wp-block-spacer\"><\/div>\n\n\n\n<p class=\"has-medium-font-size\"><strong>Constanza Cerezo: \u00abCada tiempo que creamos es una obra de arte\u00bb<\/strong><\/p>\n\n\n<div class=\"wp-block-image\">\n<figure class=\"alignleft size-full is-resized\"><a href=\"https:\/\/enolife.com.ar\/es\/wp-content\/uploads\/2023\/04\/IMG_20230325_153852295.jpg\" data-rel=\"penci-gallery-image-content\" ><img loading=\"lazy\" decoding=\"async\" src=\"https:\/\/enolife.com.ar\/es\/wp-content\/uploads\/2023\/04\/IMG_20230325_153852295.jpg\" alt=\"\" class=\"wp-image-89255\" width=\"299\" height=\"297\" srcset=\"https:\/\/enolife.com.ar\/es\/wp-content\/uploads\/2023\/04\/IMG_20230325_153852295.jpg 604w, https:\/\/enolife.com.ar\/es\/wp-content\/uploads\/2023\/04\/IMG_20230325_153852295-300x298.jpg 300w, https:\/\/enolife.com.ar\/es\/wp-content\/uploads\/2023\/04\/IMG_20230325_153852295-150x150.jpg 150w, https:\/\/enolife.com.ar\/es\/wp-content\/uploads\/2023\/04\/IMG_20230325_153852295-585x581.jpg 585w\" sizes=\"auto, (max-width: 299px) 100vw, 299px\" \/><\/a><figcaption class=\"wp-element-caption\"><em><strong>Constanza Cerezo<\/strong><\/em><\/figcaption><\/figure><\/div>\n\n\n<p>Constanza (26) estudi\u00f3 licenciatura en Gastronom\u00eda en el Instituto Argentino de Gastronom\u00eda (IAG) y en la Universidad Argentina de la Empresa (UADE). Desde 2015 comenz\u00f3 a recorrer las cocinas de los m\u00e1s prestigiosos restaurantes de Argentina, tales como Tegui, Olsen, Sofitel y Salvaje Bakery. Tambi\u00e9n adquiri\u00f3 conocimientos en Australia, donde trabaj\u00f3 en Brae, restaurante que fue elegido como el mejor de su pa\u00eds. Fue marinera y cocinera en la gran Barrera de Coral. Durante la pandemia se especializ\u00f3 en el dise\u00f1o y cultivos de huertas, en Hawaii y Alaska (EEUU). A su regreso a Argentina desarroll\u00f3 eventos <em>pop up<\/em>, colabor\u00f3 con la reapertura de Lupa y finalmente se estableci\u00f3 como parrillera en Anafe. En febrero 2022, seducida por los fuegos y carnes cuyanas, viaj\u00f3 a Mendoza como jefa de cocina de Ruda y hoy es la responsable de la nueva propuesta de Achaval Ferrer, Quimera Bistr\u00f3, en donde se permite cultivar, crear, producir y asar todo lo que lleva a la mesa.<\/p>\n\n\n\n<p><em>\u201cLa cocina, para m\u00ed, es mi lenguaje, la forma de expresarme. Es creaci\u00f3n, armon\u00eda y belleza, es ir al encuentro del equilibrio perfecto entre naturaleza y la mano del hombre, por ello cada tiempo que creamos junto a Gustavo, el en\u00f3logo de la bodega en Quimera Bistr\u00f3, lo consideramos una obra de arte. Utilizamos quesos&nbsp;de productores locales, variedad de aceites de oliva de la casa, vinagre de rosas y especias como romero, lavanda y levaduras naturales extra\u00eddas de la huerta, que son algunos de los elementos que marcan una sutil y exquisita diferencia\u201d,<\/em> explic\u00f3 la joven chef.<\/p>\n\n\n\n<div style=\"height:25px\" aria-hidden=\"true\" class=\"wp-block-spacer\"><\/div>\n\n\n\n<p>Para conocer m\u00e1s acerca de los vinos y la filosof\u00eda de esta nueva propuesta de Achaval Ferrer, <strong>Enolife<\/strong> habl\u00f3 con su en\u00f3logo <strong>Gustavo Rearte<\/strong> (38).<\/p>\n\n\n\n<div style=\"height:30px\" aria-hidden=\"true\" class=\"wp-block-spacer\"><\/div>\n\n\n\n<p class=\"has-medium-font-size\"><strong>Gustavo Rearte: \u00abNuestro foco est\u00e1 en el vi\u00f1edo\u00bb<\/strong><\/p>\n\n\n\n<div style=\"height:18px\" aria-hidden=\"true\" class=\"wp-block-spacer\"><\/div>\n\n\n\n<p class=\"has-vivid-red-color has-text-color\" style=\"font-size:18px\">-\u00bf<strong>C\u00f3mo es tu historia como en\u00f3logo y con Achaval Ferrer?<\/strong><\/p>\n\n\n\n<p>-Empez\u00f3 hace 10 a\u00f1os, el 7\/2\/2013, cuando entr\u00e9 a trabajar como asistente de enolog\u00eda, y hoy tengo la suerte y el agradecimiento de ser director de viticultura y enolog\u00eda, y trabajar en estrecha relaci\u00f3n con nuestros agr\u00f3nomos.<\/p>\n\n\n\n<p>Previo a ello tuve la dicha de poder trabajar un tiempo en Napa Valley, en California, y un tiempo en Nueva Zelanda, y antes de esos viajes en bodegas locales, haciendo mis pasant\u00edas y mis trabajos de verano mientras era estudiante de la Universidad Juan Agust\u00edn Maza de Mendoza.<\/p>\n\n\n\n<div style=\"height:25px\" aria-hidden=\"true\" class=\"wp-block-spacer\"><\/div>\n\n\n<div class=\"wp-block-image\">\n<figure class=\"aligncenter size-full is-resized\"><a href=\"https:\/\/enolife.com.ar\/es\/wp-content\/uploads\/2023\/04\/305196506_2587605618037717_6756098667113116455_n-1.jpg\" data-rel=\"penci-gallery-image-content\" ><img loading=\"lazy\" decoding=\"async\" src=\"https:\/\/enolife.com.ar\/es\/wp-content\/uploads\/2023\/04\/305196506_2587605618037717_6756098667113116455_n-1.jpg\" alt=\"\" class=\"wp-image-89267\" width=\"419\" height=\"464\" srcset=\"https:\/\/enolife.com.ar\/es\/wp-content\/uploads\/2023\/04\/305196506_2587605618037717_6756098667113116455_n-1.jpg 557w, https:\/\/enolife.com.ar\/es\/wp-content\/uploads\/2023\/04\/305196506_2587605618037717_6756098667113116455_n-1-271x300.jpg 271w\" sizes=\"auto, (max-width: 419px) 100vw, 419px\" \/><\/a><figcaption class=\"wp-element-caption\"><em><strong>Gustavo Rearte, en\u00f3logo<\/strong><\/em><\/figcaption><\/figure><\/div>\n\n\n<div style=\"height:25px\" aria-hidden=\"true\" class=\"wp-block-spacer\"><\/div>\n\n\n\n<p class=\"has-vivid-red-color has-text-color\" style=\"font-size:18px\">-\u00bf<strong>C\u00f3mo incide la sinergia con el agr\u00f3nomo en el resultado final de los vinos?<\/strong><\/p>\n\n\n\n<p>-A nosotros nos gusta decir siempre que, m\u00e1s all\u00e1 de ser proveedores o productores de vino, somos proveedores o productores de uva. Nuestro foco est\u00e1 en el vi\u00f1edo, en producir la cantidad de kilos que necesitamos para cada uno de nuestros vinos, y eso lo tenemos ya estandarizado para las distintas l\u00edneas; de cada cuartel sabemos cu\u00e1ntos kilos de uva nos va a dar por hect\u00e1rea. Eso nos lleva a tener un manejo bastante claro en la parte vit\u00edcola de nuestros suelos, plantas y varietales, aunque obviamente hay inclemencias clim\u00e1ticas que eso nos pueden afectan en menos, pero nunca tenemos producciones de m\u00e1s.<\/p>\n\n\n\n<div style=\"height:25px\" aria-hidden=\"true\" class=\"wp-block-spacer\"><\/div>\n\n\n<div class=\"wp-block-image\">\n<figure class=\"aligncenter size-large is-resized\"><a href=\"https:\/\/enolife.com.ar\/es\/wp-content\/uploads\/2023\/04\/240591659_2291120567686225_5271117116280400617_n.jpg\" data-rel=\"penci-gallery-image-content\" ><img loading=\"lazy\" decoding=\"async\" src=\"https:\/\/enolife.com.ar\/es\/wp-content\/uploads\/2023\/04\/240591659_2291120567686225_5271117116280400617_n-1024x1024.jpg\" alt=\"\" class=\"wp-image-89269\" width=\"451\" height=\"451\" srcset=\"https:\/\/enolife.com.ar\/es\/wp-content\/uploads\/2023\/04\/240591659_2291120567686225_5271117116280400617_n-1024x1024.jpg 1024w, https:\/\/enolife.com.ar\/es\/wp-content\/uploads\/2023\/04\/240591659_2291120567686225_5271117116280400617_n-300x300.jpg 300w, https:\/\/enolife.com.ar\/es\/wp-content\/uploads\/2023\/04\/240591659_2291120567686225_5271117116280400617_n-150x150.jpg 150w, https:\/\/enolife.com.ar\/es\/wp-content\/uploads\/2023\/04\/240591659_2291120567686225_5271117116280400617_n-768x768.jpg 768w, https:\/\/enolife.com.ar\/es\/wp-content\/uploads\/2023\/04\/240591659_2291120567686225_5271117116280400617_n-585x585.jpg 585w, https:\/\/enolife.com.ar\/es\/wp-content\/uploads\/2023\/04\/240591659_2291120567686225_5271117116280400617_n.jpg 1087w\" sizes=\"auto, (max-width: 451px) 100vw, 451px\" \/><\/a><figcaption class=\"wp-element-caption\"><em><strong> Gustavo Rearte: \u00abNuestro foco est\u00e1 en el vi\u00f1edo\u00bb<\/strong><\/em>.<\/figcaption><\/figure><\/div>\n\n\n<div style=\"height:25px\" aria-hidden=\"true\" class=\"wp-block-spacer\"><\/div>\n\n\n\n<p>Trabajamos la planificaci\u00f3n desde la poda de junio y julio para saber cu\u00e1nta uva vamos a cosechar al a\u00f1o siguiente, y obviamente ese balance lo buscamos a trav\u00e9s del desbrote en la primavera, y al finalizar el a\u00f1o con el raleo en verde, y de esa manera estar cerca de los standares que tenemos para cada una de nuestras vi\u00f1as.<\/p>\n\n\n\n<div style=\"height:25px\" aria-hidden=\"true\" class=\"wp-block-spacer\"><\/div>\n\n\n\n<p class=\"has-vivid-red-color has-text-color\" style=\"font-size:18px\">&#8211;<strong>\u00bfCu\u00e1ntos vi\u00f1edos tienen y d\u00f3nde est\u00e1n ubicados?<\/strong><\/p>\n\n\n\n<p>-Tenemos 8 vi\u00f1edos, 4 en Luj\u00e1n de Cuyo de los cuales, dos est\u00e1n en Perdriel y 2 en Agrelo, tenemos un vi\u00f1edo en Medrano (zona Este); y 3 vi\u00f1edos en Valle de Uco, uno en Cord\u00f3n del Plata que se llama Finca Diamante (Tupungato), otro en Chacayes (Tunuy\u00e1n) y el tercero en Altamira (San Carlos).<\/p>\n\n\n\n<p>Tanto el vi\u00f1edo de Medrano, como el de Altamira y uno de los vi\u00f1edos que tenemos en Perdriel est\u00e1n 100% focalizados a nuestros vinos <em>single vineyards<\/em>, que ser\u00edan los 3 malbec de la l\u00ednea Fincas. Y el resto de los vi\u00f1edos son para la l\u00ednea <strong>Quimera<\/strong> y algo de la l\u00ednea <strong>Mendoza<\/strong>. <\/p>\n\n\n\n<div style=\"height:25px\" aria-hidden=\"true\" class=\"wp-block-spacer\"><\/div>\n\n\n\n<div class=\"wp-block-group is-content-justification-center is-nowrap is-layout-flex wp-container-core-group-is-layout-94bc23d7 wp-block-group-is-layout-flex\">\n<figure class=\"wp-block-image size-large is-resized\"><a href=\"https:\/\/enolife.com.ar\/es\/wp-content\/uploads\/2023\/04\/335618140_3446680408992423_5910224588272437036_n.jpg\" data-rel=\"penci-gallery-image-content\" ><img loading=\"lazy\" decoding=\"async\" src=\"https:\/\/enolife.com.ar\/es\/wp-content\/uploads\/2023\/04\/335618140_3446680408992423_5910224588272437036_n-819x1024.jpg\" alt=\"\" class=\"wp-image-89259\" width=\"339\" height=\"424\" srcset=\"https:\/\/enolife.com.ar\/es\/wp-content\/uploads\/2023\/04\/335618140_3446680408992423_5910224588272437036_n-819x1024.jpg 819w, https:\/\/enolife.com.ar\/es\/wp-content\/uploads\/2023\/04\/335618140_3446680408992423_5910224588272437036_n-240x300.jpg 240w, https:\/\/enolife.com.ar\/es\/wp-content\/uploads\/2023\/04\/335618140_3446680408992423_5910224588272437036_n-768x960.jpg 768w, https:\/\/enolife.com.ar\/es\/wp-content\/uploads\/2023\/04\/335618140_3446680408992423_5910224588272437036_n-585x731.jpg 585w, https:\/\/enolife.com.ar\/es\/wp-content\/uploads\/2023\/04\/335618140_3446680408992423_5910224588272437036_n.jpg 1080w\" sizes=\"auto, (max-width: 339px) 100vw, 339px\" \/><\/a><figcaption class=\"wp-element-caption\"><em><strong>Altamira, Valle de Uco<\/strong><\/em><\/figcaption><\/figure>\n\n\n\n<figure class=\"wp-block-image size-large is-resized\"><a href=\"https:\/\/enolife.com.ar\/es\/wp-content\/uploads\/2023\/04\/medrano.jpg\" data-rel=\"penci-gallery-image-content\" ><img loading=\"lazy\" decoding=\"async\" src=\"https:\/\/enolife.com.ar\/es\/wp-content\/uploads\/2023\/04\/medrano-819x1024.jpg\" alt=\"\" class=\"wp-image-89260\" width=\"341\" height=\"426\" srcset=\"https:\/\/enolife.com.ar\/es\/wp-content\/uploads\/2023\/04\/medrano-819x1024.jpg 819w, https:\/\/enolife.com.ar\/es\/wp-content\/uploads\/2023\/04\/medrano-240x300.jpg 240w, https:\/\/enolife.com.ar\/es\/wp-content\/uploads\/2023\/04\/medrano-768x960.jpg 768w, https:\/\/enolife.com.ar\/es\/wp-content\/uploads\/2023\/04\/medrano-585x731.jpg 585w, https:\/\/enolife.com.ar\/es\/wp-content\/uploads\/2023\/04\/medrano.jpg 1080w\" sizes=\"auto, (max-width: 341px) 100vw, 341px\" \/><\/a><figcaption class=\"wp-element-caption\"><em><strong>Medrano, Zona Este <\/strong><\/em><\/figcaption><\/figure>\n<\/div>\n\n\n\n<div style=\"height:25px\" aria-hidden=\"true\" class=\"wp-block-spacer\"><\/div>\n\n\n\n<p>Tenemos un total de 200 hect\u00e1reas de las que nos proveemos de un 65 o 70% de la uva que elaboramos por a\u00f1o, y luego el 30% restante la compramos a vi\u00f1ateros que tienen contratos con nosotros, algunos hace 5 a\u00f1os y otros hace 20, de quienes conocemos perfectamente su uva y ellos saben exactamente la forma de trabajar que tiene Achaval Ferrer. As\u00ed, logramos una sinergia con ellos para que la uva llegue en el momento justo, que nosotros decidimos, con la calidad que buscamos. Nosotros siempre les aportamos nuestros conocimientos vit\u00edcolas y ellos nos aportan toda su sabidur\u00eda y su propiedad como productores.<\/p>\n\n\n\n<div style=\"height:25px\" aria-hidden=\"true\" class=\"wp-block-spacer\"><\/div>\n\n\n<div class=\"wp-block-image\">\n<figure class=\"aligncenter size-large is-resized\"><a href=\"https:\/\/enolife.com.ar\/es\/wp-content\/uploads\/2023\/04\/bella-vista-1.jpg\" data-rel=\"penci-gallery-image-content\" ><img loading=\"lazy\" decoding=\"async\" src=\"https:\/\/enolife.com.ar\/es\/wp-content\/uploads\/2023\/04\/bella-vista-1-1024x638.jpg\" alt=\"\" class=\"wp-image-89262\" width=\"591\" height=\"368\" srcset=\"https:\/\/enolife.com.ar\/es\/wp-content\/uploads\/2023\/04\/bella-vista-1-1024x638.jpg 1024w, https:\/\/enolife.com.ar\/es\/wp-content\/uploads\/2023\/04\/bella-vista-1-300x187.jpg 300w, https:\/\/enolife.com.ar\/es\/wp-content\/uploads\/2023\/04\/bella-vista-1-768x478.jpg 768w, https:\/\/enolife.com.ar\/es\/wp-content\/uploads\/2023\/04\/bella-vista-1-585x364.jpg 585w, https:\/\/enolife.com.ar\/es\/wp-content\/uploads\/2023\/04\/bella-vista-1.jpg 1060w\" sizes=\"auto, (max-width: 591px) 100vw, 591px\" \/><\/a><figcaption class=\"wp-element-caption\"><em><strong>Finca Bella Vista, Luj\u00e1n de Cuyo<\/strong><\/em><\/figcaption><\/figure><\/div>\n\n\n<div style=\"height:25px\" aria-hidden=\"true\" class=\"wp-block-spacer\"><\/div>\n\n\n\n<p class=\"has-vivid-red-color has-text-color\" style=\"font-size:18px\">-\u00bf<strong>C\u00f3mo naci\u00f3 el proyecto de Quimera?<\/strong><\/p>\n\n\n\n<p>-El grupo Achaval Ferrer se est\u00e1 expandiendo. En 2015 compraron uno de los 19 pagos del Norte de Espa\u00f1a y luego decidieron hacer la inversi\u00f3n a mediados de 2019 adquiriendo la Bodega Melipal, atra\u00eddos por la infraestructura y los vi\u00f1edos que ten\u00eda la bodega en ese momento. Eran&nbsp;80 hect\u00e1reas, de las cuales 55 est\u00e1n en Agrelo y adem\u00e1s hay un vi\u00f1edo en la calle Cobos que es muy importante para nosotros, que son 25 hect\u00e1rea m\u00e1s. <\/p>\n\n\n\n<div style=\"height:30px\" aria-hidden=\"true\" class=\"wp-block-spacer\"><\/div>\n\n\n\n<blockquote class=\"wp-block-quote has-text-align-center is-layout-flow wp-block-quote-is-layout-flow\">\n<p>En la mitolog\u00eda griega, una Quimera era un ser formado por las partes de tres animales diferentes. Quimera es un ensamblaje \u00fanico cada a\u00f1o de distintos cepajes, distintos terroirs, distintas a\u00f1adas y distintos a\u00f1ejamientos.<br>Una Quimera es adem\u00e1s, una b\u00fasqueda imposible, la b\u00fasqueda de lo inalcanzable. Esta es la mentalidad que todo el equipo en los vi\u00f1edos y en la bodega cada a\u00f1o cuando producen este vino: sin seguir ninguna regla o tradici\u00f3n, el objetivo es producir el mejor blend posible cada a\u00f1o.<br>Quimera es dise\u00f1o y arquitectura, un descubrimiento \u00edntimo en la b\u00fasqueda de la perfecci\u00f3n.\u00bb<\/p>\n<cite><strong>Achaval Ferrer<\/strong><\/cite><\/blockquote>\n\n\n\n<div style=\"height:30px\" aria-hidden=\"true\" class=\"wp-block-spacer\"><\/div>\n\n\n\n<p>Aqu\u00ed en, esta bodega, la ex Melipal, a la que renombramos Quimera, quisimos aprovechar que en estas 55 has hay malbec, merlot, cabernet sauvignon, cabernat franc y petit verdot, que son las 5 variedades base para nuestro blend de tintas, en el mismo lugar donde conseguimos crear un lugar muy lindo y acogedor, al que hemos remodelado, para inaugurar nuestra propuesta gastron\u00f3mica, Quimera Bistr\u00f3, en donde tambi\u00e9n como el blend de variedades tintas, fusionamos la comida asi\u00e1tica con la comida latinoamericana.<\/p>\n\n\n\n<div style=\"height:25px\" aria-hidden=\"true\" class=\"wp-block-spacer\"><\/div>\n\n\n\n<div class=\"wp-block-group is-content-justification-center is-nowrap is-layout-flex wp-container-core-group-is-layout-94bc23d7 wp-block-group-is-layout-flex\"><div class=\"wp-block-image\">\n<figure class=\"aligncenter size-large is-resized\"><a href=\"https:\/\/enolife.com.ar\/es\/wp-content\/uploads\/2023\/04\/quimera-2.jpg\" data-rel=\"penci-gallery-image-content\" ><img loading=\"lazy\" decoding=\"async\" src=\"https:\/\/enolife.com.ar\/es\/wp-content\/uploads\/2023\/04\/quimera-2-819x1024.jpg\" alt=\"\" class=\"wp-image-89282\" width=\"340\" height=\"425\" srcset=\"https:\/\/enolife.com.ar\/es\/wp-content\/uploads\/2023\/04\/quimera-2-819x1024.jpg 819w, https:\/\/enolife.com.ar\/es\/wp-content\/uploads\/2023\/04\/quimera-2-240x300.jpg 240w, https:\/\/enolife.com.ar\/es\/wp-content\/uploads\/2023\/04\/quimera-2-768x960.jpg 768w, https:\/\/enolife.com.ar\/es\/wp-content\/uploads\/2023\/04\/quimera-2-585x731.jpg 585w, https:\/\/enolife.com.ar\/es\/wp-content\/uploads\/2023\/04\/quimera-2.jpg 1080w\" sizes=\"auto, (max-width: 340px) 100vw, 340px\" \/><\/a><figcaption class=\"wp-element-caption\"><em><strong>Quimera, blend de 5 uvas tintas.<\/strong><\/em><\/figcaption><\/figure><\/div>\n\n<div class=\"wp-block-image\">\n<figure class=\"aligncenter size-large is-resized\"><a href=\"https:\/\/enolife.com.ar\/es\/wp-content\/uploads\/2023\/04\/317482127_111671215110944_763476703631816361_n.jpg\" data-rel=\"penci-gallery-image-content\" ><img loading=\"lazy\" decoding=\"async\" src=\"https:\/\/enolife.com.ar\/es\/wp-content\/uploads\/2023\/04\/317482127_111671215110944_763476703631816361_n-819x1024.jpg\" alt=\"\" class=\"wp-image-89271\" width=\"344\" height=\"430\" srcset=\"https:\/\/enolife.com.ar\/es\/wp-content\/uploads\/2023\/04\/317482127_111671215110944_763476703631816361_n-819x1024.jpg 819w, https:\/\/enolife.com.ar\/es\/wp-content\/uploads\/2023\/04\/317482127_111671215110944_763476703631816361_n-240x300.jpg 240w, https:\/\/enolife.com.ar\/es\/wp-content\/uploads\/2023\/04\/317482127_111671215110944_763476703631816361_n-768x960.jpg 768w, https:\/\/enolife.com.ar\/es\/wp-content\/uploads\/2023\/04\/317482127_111671215110944_763476703631816361_n-585x731.jpg 585w, https:\/\/enolife.com.ar\/es\/wp-content\/uploads\/2023\/04\/317482127_111671215110944_763476703631816361_n.jpg 1080w\" sizes=\"auto, (max-width: 344px) 100vw, 344px\" \/><\/a><figcaption class=\"wp-element-caption\"><em><strong>Cocina fusi\u00f3n en Quimera Bistr\u00f3.<\/strong><\/em><\/figcaption><\/figure><\/div><\/div>\n\n\n\n<div style=\"height:25px\" aria-hidden=\"true\" class=\"wp-block-spacer\"><\/div>\n\n\n\n<p>Y como al nombre Quimera lo elegimos basados en el animal de la mitolog\u00eda griega creado con distintas partes de animales fuertes, para formar uno perfecto, hoy en d\u00eda este vi\u00f1edo y sobre todo el restaurante tienen ese mismo concepto, el de mezclar distintas individualidades para lograr el mejor conjunto posible.<\/p>\n\n\n\n<div style=\"height:25px\" aria-hidden=\"true\" class=\"wp-block-spacer\"><\/div>\n\n\n\n<p class=\"has-vivid-red-color has-text-color\" style=\"font-size:18px\">&#8211;<strong>\u00bfTienen vi\u00f1edos org\u00e1nicos?<\/strong><\/p>\n\n\n\n<p>-Nosotros tratamos de trabajar lo mas org\u00e1nico que podamos, hoy estamos en el proceso de certificaci\u00f3n, pero entendemos que los vi\u00f1edos son nuestro capital, con lo cual todo lleva su tiempo y an\u00e1lisis, hay que evaluar c\u00f3mo esa transici\u00f3n a lo org\u00e1nico va a potenciar a nuestros vinos. As\u00ed que en la actualidad estamos en esa fase de trabajos intensivos en lo org\u00e1nico en&nbsp;nuestros vi\u00f1edos, y dentro de la bodega en la evaluaci\u00f3n de c\u00f3mo son los resultados en los vinos&#8230; El proceso viene muy bien, y la mentalidad del grupo es trabajar de manera tal que podamos cuidar mucho m\u00e1s nuestro mundo. Hoy, con inversiones ya realizadas y riego por goteo para casi 200 hect\u00e1reas y, con tela antigranizo para un gran porcentaje de ellas, logramos cuidar el recurso h\u00eddrico. Y estamos orient\u00e1ndonos a la utilizaci\u00f3n de cero agroqu\u00edmicos, es el plan hasta el 2030.<\/p>\n\n\n\n<div style=\"height:25px\" aria-hidden=\"true\" class=\"wp-block-spacer\"><\/div>\n\n\n\n<p class=\"has-vivid-red-color has-text-color\" style=\"font-size:18px\">&#8211;<strong>\u00bfQu\u00e9 porcentaje de la producci\u00f3n exportan?<\/strong><\/p>\n\n\n\n<p>-Hasta hace tres a\u00f1os export\u00e1bamos el 90%, y un 10% quedaba en el mercado dom\u00e9stico, pero en los \u00faltimos dos a\u00f1os eso fue cambiando, el a\u00f1o pasado y \u00e9ste hemos crecido en el mercado dom\u00e9stico, as\u00ed que llegamos con un 25% al interno y el resto al externo. Ese crecimiento en el mercado interno lo entendemos como una aceptaci\u00f3n cada vez mayor de la marca, pero tambi\u00e9n por un crecimiento de los consumidores en general de vino, donde cada vez&nbsp;buscan aprender y conocer m\u00e1s de distintas bodegas, y afortunadamente Achaval Ferrer entra dentro de ese grupo de consumidores, y esperamos que se mantenga as\u00ed o crezca, porque para nosotros la aceptaci\u00f3n del mercado dom\u00e9stico despu\u00e9s repercute en el exterior.<\/p>\n\n\n\n<p>Hoy en d\u00eda estamos exportando casi a 50 pa\u00edses, principalmente&nbsp;a EEUU, Reino Unido, Brasil, que son los m\u00e1s importantes. Pero tambi\u00e9n vendemos en el Sudeste asi\u00e1tico (Indonesia, Malasia, Hong Kong, China), tambi\u00e9n en los pa\u00edses b\u00e1lticos, Letonia, Lituania, Estonia, Eslovaquia, Luxemburgo, tenemos un amplio mercado, algunos m\u00e1s fuertes que otros pero tratamos de cuidarlos a todos por igual y tratar de abrir nuevos mercados porque eso habla de la expansi\u00f3n de la marca.<\/p>\n\n\n\n<div style=\"height:25px\" aria-hidden=\"true\" class=\"wp-block-spacer\"><\/div>\n\n\n\n<p class=\"has-vivid-red-color has-text-color\" style=\"font-size:18px\">&#8211;<strong>\u00bfCu\u00e1les son las marcas de la bodega?<\/strong><\/p>\n\n\n\n<p>-Al portfolio lo tenemos separado en dos, tenemos una casa de los varietales y una casa de los blends. Dentro de la casa de los varietales est\u00e1 nuestra l\u00ednea de entrada que se llama <strong>Mendoza<\/strong>, con un malbec, un merlot, un cabernet sauvignon y un cabernet franc. Luego tenemos la l\u00ednea <strong>Appelation <\/strong>que son dos blends de terroir, con uvas de Lujan de Cuyo y del valle de Uco, y nuestra l\u00ednea <strong>Singular <\/strong>que son variedades que son singulares para nosotros donde tenemos un carmenere, un merlot y un sirah. Y despu\u00e9s la l\u00ednea mas conocida de Achaval Ferrer que se llama <strong>Fincas<\/strong>, de Medrano, de Perdriel y de Altamira.<\/p>\n\n\n\n<div style=\"height:25px\" aria-hidden=\"true\" class=\"wp-block-spacer\"><\/div>\n\n\n\n<div class=\"wp-block-group is-content-justification-center is-nowrap is-layout-flex wp-container-core-group-is-layout-94bc23d7 wp-block-group-is-layout-flex\">\n<figure class=\"wp-block-image size-large is-resized\"><a href=\"https:\/\/enolife.com.ar\/es\/wp-content\/uploads\/2023\/04\/linea-mendoza.jpg\" data-rel=\"penci-gallery-image-content\" ><img loading=\"lazy\" decoding=\"async\" src=\"https:\/\/enolife.com.ar\/es\/wp-content\/uploads\/2023\/04\/linea-mendoza-819x1024.jpg\" alt=\"\" class=\"wp-image-89276\" width=\"287\" height=\"359\" srcset=\"https:\/\/enolife.com.ar\/es\/wp-content\/uploads\/2023\/04\/linea-mendoza-819x1024.jpg 819w, https:\/\/enolife.com.ar\/es\/wp-content\/uploads\/2023\/04\/linea-mendoza-240x300.jpg 240w, https:\/\/enolife.com.ar\/es\/wp-content\/uploads\/2023\/04\/linea-mendoza-768x960.jpg 768w, https:\/\/enolife.com.ar\/es\/wp-content\/uploads\/2023\/04\/linea-mendoza-585x731.jpg 585w, https:\/\/enolife.com.ar\/es\/wp-content\/uploads\/2023\/04\/linea-mendoza.jpg 1080w\" sizes=\"auto, (max-width: 287px) 100vw, 287px\" \/><\/a><figcaption class=\"wp-element-caption\"><em><strong>L\u00ednea Mendoza<\/strong><\/em><\/figcaption><\/figure>\n\n\n\n<figure class=\"wp-block-image size-large is-resized\"><a href=\"https:\/\/enolife.com.ar\/es\/wp-content\/uploads\/2023\/04\/324017390_911523903536096_3186406848439709813_n.jpg\" data-rel=\"penci-gallery-image-content\" ><img loading=\"lazy\" decoding=\"async\" src=\"https:\/\/enolife.com.ar\/es\/wp-content\/uploads\/2023\/04\/324017390_911523903536096_3186406848439709813_n-819x1024.jpg\" alt=\"\" class=\"wp-image-89273\" width=\"281\" height=\"351\" srcset=\"https:\/\/enolife.com.ar\/es\/wp-content\/uploads\/2023\/04\/324017390_911523903536096_3186406848439709813_n-819x1024.jpg 819w, https:\/\/enolife.com.ar\/es\/wp-content\/uploads\/2023\/04\/324017390_911523903536096_3186406848439709813_n-240x300.jpg 240w, https:\/\/enolife.com.ar\/es\/wp-content\/uploads\/2023\/04\/324017390_911523903536096_3186406848439709813_n-768x960.jpg 768w, https:\/\/enolife.com.ar\/es\/wp-content\/uploads\/2023\/04\/324017390_911523903536096_3186406848439709813_n-585x731.jpg 585w, https:\/\/enolife.com.ar\/es\/wp-content\/uploads\/2023\/04\/324017390_911523903536096_3186406848439709813_n.jpg 1080w\" sizes=\"auto, (max-width: 281px) 100vw, 281px\" \/><\/a><figcaption class=\"wp-element-caption\"><em><strong>L\u00ednea Appelation<\/strong><\/em><\/figcaption><\/figure>\n<\/div>\n\n\n\n<div style=\"height:25px\" aria-hidden=\"true\" class=\"wp-block-spacer\"><\/div>\n\n\n\n<div class=\"wp-block-group is-content-justification-center is-nowrap is-layout-flex wp-container-core-group-is-layout-94bc23d7 wp-block-group-is-layout-flex\">\n<figure class=\"wp-block-image size-large is-resized\"><a href=\"https:\/\/enolife.com.ar\/es\/wp-content\/uploads\/2023\/04\/singulares.jpg\" data-rel=\"penci-gallery-image-content\" ><img loading=\"lazy\" decoding=\"async\" src=\"https:\/\/enolife.com.ar\/es\/wp-content\/uploads\/2023\/04\/singulares-1024x1024.jpg\" alt=\"\" class=\"wp-image-89275\" width=\"281\" height=\"281\" srcset=\"https:\/\/enolife.com.ar\/es\/wp-content\/uploads\/2023\/04\/singulares-1024x1024.jpg 1024w, https:\/\/enolife.com.ar\/es\/wp-content\/uploads\/2023\/04\/singulares-300x300.jpg 300w, https:\/\/enolife.com.ar\/es\/wp-content\/uploads\/2023\/04\/singulares-150x150.jpg 150w, https:\/\/enolife.com.ar\/es\/wp-content\/uploads\/2023\/04\/singulares-768x768.jpg 768w, https:\/\/enolife.com.ar\/es\/wp-content\/uploads\/2023\/04\/singulares-585x585.jpg 585w, https:\/\/enolife.com.ar\/es\/wp-content\/uploads\/2023\/04\/singulares.jpg 1080w\" sizes=\"auto, (max-width: 281px) 100vw, 281px\" \/><\/a><figcaption class=\"wp-element-caption\"><em><strong>L\u00ednea Singular<\/strong><\/em><\/figcaption><\/figure>\n\n\n\n<figure class=\"wp-block-image size-large is-resized\"><a href=\"https:\/\/enolife.com.ar\/es\/wp-content\/uploads\/2023\/04\/altamira-mirador.jpg\" data-rel=\"penci-gallery-image-content\" ><img loading=\"lazy\" decoding=\"async\" src=\"https:\/\/enolife.com.ar\/es\/wp-content\/uploads\/2023\/04\/altamira-mirador-1024x1024.jpg\" alt=\"\" class=\"wp-image-89274\" width=\"281\" height=\"281\" srcset=\"https:\/\/enolife.com.ar\/es\/wp-content\/uploads\/2023\/04\/altamira-mirador-1024x1024.jpg 1024w, https:\/\/enolife.com.ar\/es\/wp-content\/uploads\/2023\/04\/altamira-mirador-300x300.jpg 300w, https:\/\/enolife.com.ar\/es\/wp-content\/uploads\/2023\/04\/altamira-mirador-150x150.jpg 150w, https:\/\/enolife.com.ar\/es\/wp-content\/uploads\/2023\/04\/altamira-mirador-768x768.jpg 768w, https:\/\/enolife.com.ar\/es\/wp-content\/uploads\/2023\/04\/altamira-mirador-585x585.jpg 585w, https:\/\/enolife.com.ar\/es\/wp-content\/uploads\/2023\/04\/altamira-mirador.jpg 1080w\" sizes=\"auto, (max-width: 281px) 100vw, 281px\" \/><\/a><figcaption class=\"wp-element-caption\"><em><strong>L\u00ednea Fincas<\/strong><\/em><\/figcaption><\/figure>\n<\/div>\n\n\n\n<div style=\"height:25px\" aria-hidden=\"true\" class=\"wp-block-spacer\"><\/div>\n\n\n\n<p>En cuanto a la casa de los blends tenemos nuestro vino mas reconocido que es el <strong>Quimera<\/strong>, y hoy estamos lanzando el <strong>Quimera Blanco<\/strong>, y este a\u00f1o sale un blend que se llamar\u00eda <strong>Quimerino<\/strong>, que es un blend con un poco menos de complejidad de variedades tintas, La idea con este vino es atraer mucho al consumidor que busca algo de menos complejidad pero con toda la identidad de Achaval. Y saldr\u00edan dos singles vineyards de Quimera, uno que viene del Valle de Uco que se llama <strong>Diamante<\/strong>, de cabernet franc, merlot y carmenere; y otro blend que se llamara <strong>Memento, <\/strong>que es de malbec, cabernet sauvignon y cabernet franc. Y en la pir\u00e1mide, en el tope, saldr\u00eda el vino \u00edcono de Quimera que se llamara <strong>Quir\u00f3n <\/strong>que hace referencia al animal m\u00e1s sabio de la mitolog\u00eda griega, es un blend de 10 varietales que est\u00e1n plantados en Perdriel desde 1920, de ah\u00ed sale el blend directamente de la tierra.<\/p>\n\n\n\n<div style=\"height:35px\" aria-hidden=\"true\" class=\"wp-block-spacer\"><\/div>\n","protected":false},"excerpt":{"rendered":"<p>Achaval Ferrer, una bodega que lleva 25 a\u00f1os en el mercado argentino, adquiri\u00f3 a mediados&hellip;<\/p>\n","protected":false},"author":3,"featured_media":89284,"comment_status":"open","ping_status":"open","sticky":false,"template":"","format":"standard","meta":{"footnotes":""},"categories":[57,4],"tags":[],"class_list":["post-88727","post","type-post","status-publish","format-standard","has-post-thumbnail","hentry","category-empresas","category-protagonistas"],"_links":{"self":[{"href":"https:\/\/enolife.com.ar\/es\/wp-json\/wp\/v2\/posts\/88727","targetHints":{"allow":["GET"]}}],"collection":[{"href":"https:\/\/enolife.com.ar\/es\/wp-json\/wp\/v2\/posts"}],"about":[{"href":"https:\/\/enolife.com.ar\/es\/wp-json\/wp\/v2\/types\/post"}],"author":[{"embeddable":true,"href":"https:\/\/enolife.com.ar\/es\/wp-json\/wp\/v2\/users\/3"}],"replies":[{"embeddable":true,"href":"https:\/\/enolife.com.ar\/es\/wp-json\/wp\/v2\/comments?post=88727"}],"version-history":[{"count":0,"href":"https:\/\/enolife.com.ar\/es\/wp-json\/wp\/v2\/posts\/88727\/revisions"}],"wp:featuredmedia":[{"embeddable":true,"href":"https:\/\/enolife.com.ar\/es\/wp-json\/wp\/v2\/media\/89284"}],"wp:attachment":[{"href":"https:\/\/enolife.com.ar\/es\/wp-json\/wp\/v2\/media?parent=88727"}],"wp:term":[{"taxonomy":"category","embeddable":true,"href":"https:\/\/enolife.com.ar\/es\/wp-json\/wp\/v2\/categories?post=88727"},{"taxonomy":"post_tag","embeddable":true,"href":"https:\/\/enolife.com.ar\/es\/wp-json\/wp\/v2\/tags?post=88727"}],"curies":[{"name":"wp","href":"https:\/\/api.w.org\/{rel}","templated":true}]}}