{"id":88696,"date":"2023-03-28T22:48:24","date_gmt":"2023-03-28T22:48:24","guid":{"rendered":"https:\/\/enolife.com.ar\/es\/?p=88696"},"modified":"2023-03-31T03:03:57","modified_gmt":"2023-03-31T03:03:57","slug":"la-tradicional-cosecha-de-artistas-de-bodega-santa-julia-dara-como-fruto-obras-de-arte-en-2-meses","status":"publish","type":"post","link":"https:\/\/enolife.com.ar\/es\/la-tradicional-cosecha-de-artistas-de-bodega-santa-julia-dara-como-fruto-obras-de-arte-en-2-meses\/","title":{"rendered":"La tradicional Cosecha de Artistas de Bodega Santa Julia dar\u00e1 como fruto obras de arte en 2 meses"},"content":{"rendered":"\n<h4 class=\"wp-block-heading\"><em><strong>Como ocurre cada vendimia desde hace 18 a\u00f1os, el s\u00e1bado 18 de marzo pasado se realiz\u00f3 una actividad muy esperada en el ambiente de las Artes Visuales de Mendoza: la Cosecha de Artistas de Bodega Santa Julia. Se trata de una divertida \u00abceremonia\u00bb, de alto contenido simb\u00f3lico, creada por la mecenas Emma Zuccardi, consistente en convocar a maestros pintores, escultores, grabadores y de otras disciplinas visuales a cosechar entre las vi\u00f1as y olivares de la bodega, tras lo cual se sirve un asado de confraternidad. Inspirados en la tarea de esa jornada, los artistas crean obras que al cabo de dos meses son expuestas en una muestra colectiva en la Cava de Arte de Santa Julia.<\/strong><\/em><\/h4>\n\n\n\n<div style=\"height:54px\" aria-hidden=\"true\" class=\"wp-block-spacer\"><\/div>\n\n\n<a href=\"https:\/\/www.linkedin.com\/company\/agrinet-sa\/?originalSubdomain=ar\" aria-label=\"1700X500\"><img loading=\"lazy\" decoding=\"async\" src=\"https:\/\/enolife.com.ar\/es\/wp-content\/uploads\/2021\/11\/1700X500.gif\" alt=\"\"  width=\"1700\" height=\"500\"   \/><\/a>\n\n\n<div style=\"height:45px\" aria-hidden=\"true\" class=\"wp-block-spacer\"><\/div>\n\n\n\n<p>Una numerosa concurrencia de pintores, escultores, grabadores, vitralistas, ceramistas y dibujantes se internan entre los vi\u00f1edos de <strong>Bodega Santa Julia<\/strong> a cosechar con los elementos propios para la tarea. Lo hacen con entusiasmo y mucha alegr\u00eda. Despu\u00e9s, participan de un almuerzo criollo. Est\u00e1n presentes las famosas empanadas de la <strong>Chacha<\/strong> y un asado para el recuerdo, acompa\u00f1ado de coloridas ensaladas y con todo el despliegue de la variedad de los vinos de los anfitriones.<\/p>\n\n\n\n<div style=\"height:25px\" aria-hidden=\"true\" class=\"wp-block-spacer\"><\/div>\n\n\n<div class=\"wp-block-image\">\n<figure class=\"aligncenter size-full is-resized\"><a href=\"https:\/\/enolife.com.ar\/es\/wp-content\/uploads\/2023\/03\/7efe3feb-798a-4425-a657-23796b1d62bc.jpg\" data-rel=\"penci-gallery-image-content\" ><img loading=\"lazy\" decoding=\"async\" src=\"https:\/\/enolife.com.ar\/es\/wp-content\/uploads\/2023\/03\/7efe3feb-798a-4425-a657-23796b1d62bc.jpg\" alt=\"\" class=\"wp-image-88747\" width=\"641\" height=\"374\" srcset=\"https:\/\/enolife.com.ar\/es\/wp-content\/uploads\/2023\/03\/7efe3feb-798a-4425-a657-23796b1d62bc.jpg 855w, https:\/\/enolife.com.ar\/es\/wp-content\/uploads\/2023\/03\/7efe3feb-798a-4425-a657-23796b1d62bc-300x175.jpg 300w, https:\/\/enolife.com.ar\/es\/wp-content\/uploads\/2023\/03\/7efe3feb-798a-4425-a657-23796b1d62bc-768x449.jpg 768w, https:\/\/enolife.com.ar\/es\/wp-content\/uploads\/2023\/03\/7efe3feb-798a-4425-a657-23796b1d62bc-585x342.jpg 585w\" sizes=\"auto, (max-width: 641px) 100vw, 641px\" \/><\/a><figcaption class=\"wp-element-caption\"><em><strong>Tras la cosecha, los artistas visuales compartieron un almuerzo criollo en el restaurante de la Bodega, La Casa del Visitante, con vinos de la casa.<\/strong><\/em><\/figcaption><\/figure><\/div>\n\n\n<div style=\"height:25px\" aria-hidden=\"true\" class=\"wp-block-spacer\"><\/div>\n\n\n<div class=\"wp-block-image\">\n<figure class=\"aligncenter size-full is-resized\"><a href=\"https:\/\/enolife.com.ar\/es\/wp-content\/uploads\/2023\/03\/9e078290-32d5-4256-a201-e87b48e689d4.jpg\" data-rel=\"penci-gallery-image-content\" ><img loading=\"lazy\" decoding=\"async\" src=\"https:\/\/enolife.com.ar\/es\/wp-content\/uploads\/2023\/03\/9e078290-32d5-4256-a201-e87b48e689d4.jpg\" alt=\"\" class=\"wp-image-88748\" width=\"643\" height=\"345\" srcset=\"https:\/\/enolife.com.ar\/es\/wp-content\/uploads\/2023\/03\/9e078290-32d5-4256-a201-e87b48e689d4.jpg 931w, https:\/\/enolife.com.ar\/es\/wp-content\/uploads\/2023\/03\/9e078290-32d5-4256-a201-e87b48e689d4-300x161.jpg 300w, https:\/\/enolife.com.ar\/es\/wp-content\/uploads\/2023\/03\/9e078290-32d5-4256-a201-e87b48e689d4-768x412.jpg 768w, https:\/\/enolife.com.ar\/es\/wp-content\/uploads\/2023\/03\/9e078290-32d5-4256-a201-e87b48e689d4-585x314.jpg 585w\" sizes=\"auto, (max-width: 643px) 100vw, 643px\" \/><\/a><figcaption class=\"wp-element-caption\"><em><strong>Los artistas, atendiendo a la bienvenida de la anfitriona, Julia Zuccardi y al agradecimiento que pronunci\u00f3 el maestro Elio Ortiz.<\/strong><\/em><\/figcaption><\/figure><\/div>\n\n\n<div style=\"height:25px\" aria-hidden=\"true\" class=\"wp-block-spacer\"><\/div>\n\n\n\n<p>Este a\u00f1o, en esta animada y significativa \u00abceremonia\u00bb que se repite cada a\u00f1o, los participantes fueron maestros de arte con larga y reconocida trayectoria en Mendoza, Argentina y el mundo, as\u00ed como artistas emergentes, j\u00f3venes talentos con renovadas miradas que aportan al arte local.<\/p>\n\n\n\n<div style=\"height:25px\" aria-hidden=\"true\" class=\"wp-block-spacer\"><\/div>\n\n\n\n<div class=\"wp-block-group is-content-justification-center is-nowrap is-layout-flex wp-container-core-group-is-layout-94bc23d7 wp-block-group-is-layout-flex\"><div class=\"wp-block-image\">\n<figure class=\"aligncenter size-full is-resized\"><a href=\"https:\/\/enolife.com.ar\/es\/wp-content\/uploads\/2023\/03\/IMG-20230320-WA0003.jpg\" data-rel=\"penci-gallery-image-content\" ><img loading=\"lazy\" decoding=\"async\" src=\"https:\/\/enolife.com.ar\/es\/wp-content\/uploads\/2023\/03\/IMG-20230320-WA0003.jpg\" alt=\"\" class=\"wp-image-88741\" width=\"428\" height=\"535\" srcset=\"https:\/\/enolife.com.ar\/es\/wp-content\/uploads\/2023\/03\/IMG-20230320-WA0003.jpg 320w, https:\/\/enolife.com.ar\/es\/wp-content\/uploads\/2023\/03\/IMG-20230320-WA0003-240x300.jpg 240w\" sizes=\"auto, (max-width: 428px) 100vw, 428px\" \/><\/a><figcaption class=\"wp-element-caption\"><em><strong>Elio Ortiz midiendo qu\u00e9 racimo cortar.<\/strong><\/em><\/figcaption><\/figure><\/div>\n\n<div class=\"wp-block-image\">\n<figure class=\"aligncenter size-full is-resized\"><a href=\"https:\/\/enolife.com.ar\/es\/wp-content\/uploads\/2023\/03\/IMG-20230320-WA0006.jpg\" data-rel=\"penci-gallery-image-content\" ><img loading=\"lazy\" decoding=\"async\" src=\"https:\/\/enolife.com.ar\/es\/wp-content\/uploads\/2023\/03\/IMG-20230320-WA0006.jpg\" alt=\"\" class=\"wp-image-88778\" width=\"453\" height=\"539\" srcset=\"https:\/\/enolife.com.ar\/es\/wp-content\/uploads\/2023\/03\/IMG-20230320-WA0006.jpg 336w, https:\/\/enolife.com.ar\/es\/wp-content\/uploads\/2023\/03\/IMG-20230320-WA0006-252x300.jpg 252w\" sizes=\"auto, (max-width: 453px) 100vw, 453px\" \/><\/a><figcaption class=\"wp-element-caption\"><em><strong>El grupo, en plena tarea de recolecci\u00f3n.<\/strong><\/em><\/figcaption><\/figure><\/div><\/div>\n\n\n\n<div style=\"height:25px\" aria-hidden=\"true\" class=\"wp-block-spacer\"><\/div>\n\n\n\n<div class=\"wp-block-group is-content-justification-center is-nowrap is-layout-flex wp-container-core-group-is-layout-94bc23d7 wp-block-group-is-layout-flex\"><div class=\"wp-block-image\">\n<figure class=\"aligncenter size-full is-resized\"><a href=\"https:\/\/enolife.com.ar\/es\/wp-content\/uploads\/2023\/03\/IMG-20230320-WA0007.jpg\" data-rel=\"penci-gallery-image-content\" ><img loading=\"lazy\" decoding=\"async\" src=\"https:\/\/enolife.com.ar\/es\/wp-content\/uploads\/2023\/03\/IMG-20230320-WA0007.jpg\" alt=\"\" class=\"wp-image-88744\" width=\"407\" height=\"496\" srcset=\"https:\/\/enolife.com.ar\/es\/wp-content\/uploads\/2023\/03\/IMG-20230320-WA0007.jpg 328w, https:\/\/enolife.com.ar\/es\/wp-content\/uploads\/2023\/03\/IMG-20230320-WA0007-246x300.jpg 246w\" sizes=\"auto, (max-width: 407px) 100vw, 407px\" \/><\/a><figcaption class=\"wp-element-caption\"><em><strong>Una productiva labor bajo la sombra del parral.<\/strong><\/em><\/figcaption><\/figure><\/div>\n\n<div class=\"wp-block-image\">\n<figure class=\"aligncenter size-full is-resized\"><a href=\"https:\/\/enolife.com.ar\/es\/wp-content\/uploads\/2023\/03\/IMG-20230320-WA0002.jpg\" data-rel=\"penci-gallery-image-content\" ><img loading=\"lazy\" decoding=\"async\" src=\"https:\/\/enolife.com.ar\/es\/wp-content\/uploads\/2023\/03\/IMG-20230320-WA0002.jpg\" alt=\"\" class=\"wp-image-88740\" width=\"444\" height=\"501\" srcset=\"https:\/\/enolife.com.ar\/es\/wp-content\/uploads\/2023\/03\/IMG-20230320-WA0002.jpg 373w, https:\/\/enolife.com.ar\/es\/wp-content\/uploads\/2023\/03\/IMG-20230320-WA0002-266x300.jpg 266w\" sizes=\"auto, (max-width: 444px) 100vw, 444px\" \/><\/a><figcaption class=\"wp-element-caption\"><em><strong>En primer plano (der), el maestro Antonio Sarelli.<\/strong><\/em><\/figcaption><\/figure><\/div><\/div>\n\n\n\n<div style=\"height:25px\" aria-hidden=\"true\" class=\"wp-block-spacer\"><\/div>\n\n\n\n<div class=\"wp-block-group is-content-justification-center is-nowrap is-layout-flex wp-container-core-group-is-layout-94bc23d7 wp-block-group-is-layout-flex\">\n<figure class=\"wp-block-image size-full is-resized\"><a href=\"https:\/\/enolife.com.ar\/es\/wp-content\/uploads\/2023\/03\/IMG-20230320-WA0004.jpg\" data-rel=\"penci-gallery-image-content\" ><img loading=\"lazy\" decoding=\"async\" src=\"https:\/\/enolife.com.ar\/es\/wp-content\/uploads\/2023\/03\/IMG-20230320-WA0004.jpg\" alt=\"\" class=\"wp-image-88742\" width=\"382\" height=\"480\" srcset=\"https:\/\/enolife.com.ar\/es\/wp-content\/uploads\/2023\/03\/IMG-20230320-WA0004.jpg 318w, https:\/\/enolife.com.ar\/es\/wp-content\/uploads\/2023\/03\/IMG-20230320-WA0004-239x300.jpg 239w\" sizes=\"auto, (max-width: 382px) 100vw, 382px\" \/><\/a><figcaption class=\"wp-element-caption\"><em><strong>Satisfecha con la cosecha, lleva las uvas para la molienda.<\/strong><\/em><\/figcaption><\/figure>\n\n\n\n<figure class=\"wp-block-image size-full is-resized\"><a href=\"https:\/\/enolife.com.ar\/es\/wp-content\/uploads\/2023\/03\/IMG-20230320-WA0005.jpg\" data-rel=\"penci-gallery-image-content\" ><img loading=\"lazy\" decoding=\"async\" src=\"https:\/\/enolife.com.ar\/es\/wp-content\/uploads\/2023\/03\/IMG-20230320-WA0005.jpg\" alt=\"\" class=\"wp-image-88743\" width=\"469\" height=\"561\" srcset=\"https:\/\/enolife.com.ar\/es\/wp-content\/uploads\/2023\/03\/IMG-20230320-WA0005.jpg 334w, https:\/\/enolife.com.ar\/es\/wp-content\/uploads\/2023\/03\/IMG-20230320-WA0005-251x300.jpg 251w\" sizes=\"auto, (max-width: 469px) 100vw, 469px\" \/><\/a><figcaption class=\"wp-element-caption\"><em><strong>Las uvas camino a ser mosto.<\/strong><\/em><\/figcaption><\/figure>\n<\/div>\n\n\n\n<div style=\"height:38px\" aria-hidden=\"true\" class=\"wp-block-spacer\"><\/div>\n\n\n\n<p class=\"has-background\" style=\"background-color:#f78da87d\"><strong>Los 42 artistas visuales participantes<\/strong><br><br><strong>Antonio Sarelli, Rebeca Sarelli, Elio Ortiz, Egar Murillo, Ver\u00f3nica Ohanian, Mart\u00edn Villalonga, Laura Valdivieso, Miguel Gandolfo, Rub\u00e9n Fredes, Fernando Rosas, Sergio Rosas, Laura Hart, Magdalena Benegas, Laura Rudman, Leandro Pintos, Julio Melto, Ariel Toba, Daniel Bernal, Guille Rigattieri, Sof\u00eda Nogara, Enrique Manzano, Bel\u00e9n Aparicio, Miguel Soria, Marcelo Von der Heyde, Osvaldo Chiavazza, Fernando Sep\u00falveda, Fernando Jereb, Ofelia Santos, Paula Lavoisier, Juan Castillo, Alejandra Civit, Carlos Escoriza, Emiliano Pierro, Juan Pablo Santucci, Daniel Ciancio, Vivian Magis, Paula V\u00e1zquez, Elsa Leguizam\u00f3n, Marta Day, Esteban Grimi, Guille D&#8217;Anna y Mema Hanon.<\/strong><\/p>\n\n\n\n<div style=\"height:29px\" aria-hidden=\"true\" class=\"wp-block-spacer\"><\/div>\n\n\n\n<p>Y como si se tratara de la crianza de un vino compartido, al llegar cada uno a su taller, los artistas se ponen manos a la obra para crear un fruto visual que, tras dos meses, ser\u00e1 incluido en una muestra colectiva en la Cava de Arte de Bodega Santa Julia. Ese es el compromiso. <\/p>\n\n\n\n<div style=\"height:25px\" aria-hidden=\"true\" class=\"wp-block-spacer\"><\/div>\n\n\n<div class=\"wp-block-image\">\n<figure class=\"aligncenter size-large is-resized\"><a href=\"https:\/\/enolife.com.ar\/es\/wp-content\/uploads\/2023\/03\/fd78ea84-c517-46e3-8451-8839f596f41d.jpg\" data-rel=\"penci-gallery-image-content\" ><img loading=\"lazy\" decoding=\"async\" src=\"https:\/\/enolife.com.ar\/es\/wp-content\/uploads\/2023\/03\/fd78ea84-c517-46e3-8451-8839f596f41d-1024x607.jpg\" alt=\"\" class=\"wp-image-88746\" width=\"653\" height=\"386\" srcset=\"https:\/\/enolife.com.ar\/es\/wp-content\/uploads\/2023\/03\/fd78ea84-c517-46e3-8451-8839f596f41d-1024x607.jpg 1024w, https:\/\/enolife.com.ar\/es\/wp-content\/uploads\/2023\/03\/fd78ea84-c517-46e3-8451-8839f596f41d-300x178.jpg 300w, https:\/\/enolife.com.ar\/es\/wp-content\/uploads\/2023\/03\/fd78ea84-c517-46e3-8451-8839f596f41d-768x455.jpg 768w, https:\/\/enolife.com.ar\/es\/wp-content\/uploads\/2023\/03\/fd78ea84-c517-46e3-8451-8839f596f41d-1170x693.jpg 1170w, https:\/\/enolife.com.ar\/es\/wp-content\/uploads\/2023\/03\/fd78ea84-c517-46e3-8451-8839f596f41d-585x347.jpg 585w, https:\/\/enolife.com.ar\/es\/wp-content\/uploads\/2023\/03\/fd78ea84-c517-46e3-8451-8839f596f41d.jpg 1207w\" sizes=\"auto, (max-width: 653px) 100vw, 653px\" \/><\/a><figcaption class=\"wp-element-caption\"><em><strong>Julia Zuccardi y Pupi Ag\u00fcero<\/strong><\/em><\/figcaption><\/figure><\/div>\n\n\n<div style=\"height:25px\" aria-hidden=\"true\" class=\"wp-block-spacer\"><\/div>\n\n\n\n<p>La anfitriona del encuentro fue <strong>Julia Zuccardi<\/strong>, responsable de mantener este original proyecto creado por su abuela Emma. La organizaci\u00f3n y curator\u00eda de las obras est\u00e1 a cargo de <strong>Pupi Ag\u00fcero.<\/strong><\/p>\n\n\n\n<p>Sobre la iniciativa y su nacimiento, Julia Zuccardi manifest\u00f3: \u00abEs un orgullo poder seguir con este proyecto que cre\u00f3 mi abuela Emma; de alg\u00fan modo es seguir brindando homenaje a ella y a su gran trabajo. Pero por otro lado tambi\u00e9n es un espacio de encuentro para los artistas locales, que se re\u00fanen en un contexto festivo una vez al a\u00f1o, para luego ver reflejada la creatividad en sus obras\u00bb.<\/p>\n\n\n\n<div style=\"height:42px\" aria-hidden=\"true\" class=\"wp-block-spacer\"><\/div>\n","protected":false},"excerpt":{"rendered":"<p>Como ocurre cada vendimia desde hace 18 a\u00f1os, el s\u00e1bado 18 de marzo pasado se&hellip;<\/p>\n","protected":false},"author":3,"featured_media":88750,"comment_status":"open","ping_status":"open","sticky":false,"template":"","format":"standard","meta":{"footnotes":""},"categories":[11],"tags":[],"class_list":["post-88696","post","type-post","status-publish","format-standard","has-post-thumbnail","hentry","category-enoturismo"],"_links":{"self":[{"href":"https:\/\/enolife.com.ar\/es\/wp-json\/wp\/v2\/posts\/88696","targetHints":{"allow":["GET"]}}],"collection":[{"href":"https:\/\/enolife.com.ar\/es\/wp-json\/wp\/v2\/posts"}],"about":[{"href":"https:\/\/enolife.com.ar\/es\/wp-json\/wp\/v2\/types\/post"}],"author":[{"embeddable":true,"href":"https:\/\/enolife.com.ar\/es\/wp-json\/wp\/v2\/users\/3"}],"replies":[{"embeddable":true,"href":"https:\/\/enolife.com.ar\/es\/wp-json\/wp\/v2\/comments?post=88696"}],"version-history":[{"count":0,"href":"https:\/\/enolife.com.ar\/es\/wp-json\/wp\/v2\/posts\/88696\/revisions"}],"wp:featuredmedia":[{"embeddable":true,"href":"https:\/\/enolife.com.ar\/es\/wp-json\/wp\/v2\/media\/88750"}],"wp:attachment":[{"href":"https:\/\/enolife.com.ar\/es\/wp-json\/wp\/v2\/media?parent=88696"}],"wp:term":[{"taxonomy":"category","embeddable":true,"href":"https:\/\/enolife.com.ar\/es\/wp-json\/wp\/v2\/categories?post=88696"},{"taxonomy":"post_tag","embeddable":true,"href":"https:\/\/enolife.com.ar\/es\/wp-json\/wp\/v2\/tags?post=88696"}],"curies":[{"name":"wp","href":"https:\/\/api.w.org\/{rel}","templated":true}]}}