{"id":88595,"date":"2023-03-27T04:06:05","date_gmt":"2023-03-27T04:06:05","guid":{"rendered":"https:\/\/enolife.com.ar\/es\/?p=88595"},"modified":"2023-03-31T12:16:57","modified_gmt":"2023-03-31T12:16:57","slug":"con-una-batalla-a-baldazos-de-vino-tinto-un-pueblo-de-espana-festeja-san-pedro","status":"publish","type":"post","link":"https:\/\/enolife.com.ar\/es\/con-una-batalla-a-baldazos-de-vino-tinto-un-pueblo-de-espana-festeja-san-pedro\/","title":{"rendered":"Con una batalla a baldazos de vino tinto, un pueblo de Espa\u00f1a festeja San Pedro"},"content":{"rendered":"\n<h4 class=\"wp-block-heading\"><em><strong>Al noroeste de la comunidad espa\u00f1ola de La Rioja -que produce por a\u00f1o 270 millones de litros de vino-, en la ciudad de Haro, se realiza cada 29\/6, para San Pedro, la \u00abBatalla del Vino de Haro\u00bb. All\u00ed, entre 30 y 40 mil litros de vino son arrojados como agua de carnaval. Todo empieza en una peregrinaci\u00f3n de 6 kil\u00f3metros tras la cual se ofrece una misa, y luego se arma la romer\u00eda, con miles de personas vestidas de blanco lanz\u00e1ndose vino. Menos los envases de vidrio, todas las \u00abarmas\u00bb son v\u00e1lidas: baldes, la famosa bota espa\u00f1ola, bidones de pl\u00e1stico, pistolas de agua y hasta sulfatadoras, mientras, la banda del pueblo acompa\u00f1a con ritmos t\u00edpicos. La consigna es re\u00edrse, cantar y por supuesto, volver a casa con la ropa te\u00f1ida de morado y oliendo al t\u00edpico tempranillo de la regi\u00f3n.<\/strong><\/em><\/h4>\n\n\n\n<div style=\"height:45px\" aria-hidden=\"true\" class=\"wp-block-spacer\"><\/div>\n\n\n<a href=\"https:\/\/jmzeballos.com\/\" aria-label=\"PUBLICIDAD ENOLIFE 2023_\u00c1NFORAS 1700 x 500\"><img loading=\"lazy\" decoding=\"async\" src=\"https:\/\/enolife.com.ar\/es\/wp-content\/uploads\/2020\/12\/PUBLICIDAD-ENOLIFE-2023_ANFORAS-1700-x-500.jpg\" alt=\"\"  srcset=\"https:\/\/enolife.com.ar\/es\/wp-content\/uploads\/2020\/12\/PUBLICIDAD-ENOLIFE-2023_ANFORAS-1700-x-500.jpg 1700w, https:\/\/enolife.com.ar\/es\/wp-content\/uploads\/2020\/12\/PUBLICIDAD-ENOLIFE-2023_ANFORAS-1700-x-500-300x88.jpg 300w, https:\/\/enolife.com.ar\/es\/wp-content\/uploads\/2020\/12\/PUBLICIDAD-ENOLIFE-2023_ANFORAS-1700-x-500-1024x301.jpg 1024w, https:\/\/enolife.com.ar\/es\/wp-content\/uploads\/2020\/12\/PUBLICIDAD-ENOLIFE-2023_ANFORAS-1700-x-500-768x226.jpg 768w, https:\/\/enolife.com.ar\/es\/wp-content\/uploads\/2020\/12\/PUBLICIDAD-ENOLIFE-2023_ANFORAS-1700-x-500-1536x452.jpg 1536w, https:\/\/enolife.com.ar\/es\/wp-content\/uploads\/2020\/12\/PUBLICIDAD-ENOLIFE-2023_ANFORAS-1700-x-500-1170x344.jpg 1170w, https:\/\/enolife.com.ar\/es\/wp-content\/uploads\/2020\/12\/PUBLICIDAD-ENOLIFE-2023_ANFORAS-1700-x-500-585x172.jpg 585w\" sizes=\"auto, (max-width: 1700px) 100vw, 1700px\" width=\"1700\" height=\"500\"   \/><\/a>\n\n\n<div style=\"height:52px\" aria-hidden=\"true\" class=\"wp-block-spacer\"><\/div>\n\n\n\n<p><strong>Haro<\/strong> es una&nbsp;ciudad y municipio espa\u00f1ol, situada al noroeste de la comunidad aut\u00f3noma de La Rioja, cabecera de su comarca hom\u00f3nima. Su localidad m\u00e1s importante es Rioja Alta. Limita con la provincia de Burgos por los Montes Obarenes al norte y con \u00c1lava por el Ebro al este.<\/p>\n\n\n\n<div style=\"height:25px\" aria-hidden=\"true\" class=\"wp-block-spacer\"><\/div>\n\n\n<div class=\"wp-block-image\">\n<figure class=\"aligncenter size-large is-resized\"><a href=\"https:\/\/enolife.com.ar\/es\/wp-content\/uploads\/2023\/03\/image-61.png\" data-rel=\"penci-gallery-image-content\" ><img loading=\"lazy\" decoding=\"async\" src=\"https:\/\/enolife.com.ar\/es\/wp-content\/uploads\/2023\/03\/image-61-1024x577.png\" alt=\"\" class=\"wp-image-88647\" width=\"632\" height=\"356\" srcset=\"https:\/\/enolife.com.ar\/es\/wp-content\/uploads\/2023\/03\/image-61-1024x577.png 1024w, https:\/\/enolife.com.ar\/es\/wp-content\/uploads\/2023\/03\/image-61-300x169.png 300w, https:\/\/enolife.com.ar\/es\/wp-content\/uploads\/2023\/03\/image-61-768x433.png 768w, https:\/\/enolife.com.ar\/es\/wp-content\/uploads\/2023\/03\/image-61-1170x659.png 1170w, https:\/\/enolife.com.ar\/es\/wp-content\/uploads\/2023\/03\/image-61-585x330.png 585w, https:\/\/enolife.com.ar\/es\/wp-content\/uploads\/2023\/03\/image-61.png 1278w\" sizes=\"auto, (max-width: 632px) 100vw, 632px\" \/><\/a><figcaption class=\"wp-element-caption\"><em><strong>El ayuntamiento y la plaza de la ciudad de Haro.<\/strong><\/em><\/figcaption><\/figure><\/div>\n\n\n<div style=\"height:25px\" aria-hidden=\"true\" class=\"wp-block-spacer\"><\/div>\n\n\n\n<p><strong>Sus fiestas patronales comienzan el 23\/6 de cada a\u00f1o, con la noche de San Juan<\/strong>, en la que se encienden las&nbsp;famosas hogueras de San Juan. Y con las primeras luces del d\u00eda se inicia el&nbsp;\u201cAmanecer del Chocolate\u201d. Luego, sin respiro, a las 12 del mediod\u00eda se lanza el&nbsp;\u00abchupinazo\u00bb (fuegos artificiales)&nbsp;desde los balcones del Ayuntamiento, tras el cual un pregonero recorre las calles a caballo convocando a las fiestas.<\/p>\n\n\n\n<p><strong>La tradici\u00f3n sigue el 25 de junio, d\u00eda de San Felices de Bilibio<\/strong>, <strong>patr\u00f3n de Haro,<\/strong> <strong>celebr\u00e1ndose una procesi\u00f3n en su honor<\/strong>. La&nbsp;cofrad\u00eda de San Felices, fundada en 1655, es la encargada de sacar, en la procesi\u00f3n, las cajas que guardan las reliquias de este santo y de San Mill\u00e1n, otro venerado en la zona.<\/p>\n\n\n\n<p><strong>Finalmente, el 29 de junio, con la festividad de San Pedro,<\/strong> y tras la peregrinaci\u00f3n a los Riscos de Bilibio, lugar de oraci\u00f3n del patrono<strong> San Felices de Bilibio,<\/strong> comienza la gran \u00ab<strong>Batalla del Vino<\/strong>\u00ab.<\/p>\n\n\n\n<div style=\"height:25px\" aria-hidden=\"true\" class=\"wp-block-spacer\"><\/div>\n\n\n<div class=\"wp-block-image\">\n<figure class=\"aligncenter size-full is-resized\"><a href=\"https:\/\/enolife.com.ar\/es\/wp-content\/uploads\/2023\/03\/14889050.jpg\" data-rel=\"penci-gallery-image-content\" ><img loading=\"lazy\" decoding=\"async\" src=\"https:\/\/enolife.com.ar\/es\/wp-content\/uploads\/2023\/03\/14889050.jpg\" alt=\"\" class=\"wp-image-88642\" width=\"642\" height=\"428\" srcset=\"https:\/\/enolife.com.ar\/es\/wp-content\/uploads\/2023\/03\/14889050.jpg 575w, https:\/\/enolife.com.ar\/es\/wp-content\/uploads\/2023\/03\/14889050-300x200.jpg 300w\" sizes=\"auto, (max-width: 642px) 100vw, 642px\" \/><\/a><figcaption class=\"wp-element-caption\"><em><strong>Peregrinaci\u00f3n a los Riscos de Bilibio, donde se encuentra el monumento al patrono de Haro<\/strong><\/em>.<\/figcaption><\/figure><\/div>\n\n\n<div style=\"height:25px\" aria-hidden=\"true\" class=\"wp-block-spacer\"><\/div>\n\n\n<div class=\"wp-block-image\">\n<figure class=\"aligncenter size-full is-resized\"><a href=\"https:\/\/enolife.com.ar\/es\/wp-content\/uploads\/2023\/03\/batalla-del-vino-2018-haro-la-rioja-2969-3.jpg\" data-rel=\"penci-gallery-image-content\" ><img loading=\"lazy\" decoding=\"async\" src=\"https:\/\/enolife.com.ar\/es\/wp-content\/uploads\/2023\/03\/batalla-del-vino-2018-haro-la-rioja-2969-3.jpg\" alt=\"\" class=\"wp-image-88663\" width=\"626\" height=\"369\" srcset=\"https:\/\/enolife.com.ar\/es\/wp-content\/uploads\/2023\/03\/batalla-del-vino-2018-haro-la-rioja-2969-3.jpg 675w, https:\/\/enolife.com.ar\/es\/wp-content\/uploads\/2023\/03\/batalla-del-vino-2018-haro-la-rioja-2969-3-300x177.jpg 300w, https:\/\/enolife.com.ar\/es\/wp-content\/uploads\/2023\/03\/batalla-del-vino-2018-haro-la-rioja-2969-3-585x345.jpg 585w\" sizes=\"auto, (max-width: 626px) 100vw, 626px\" \/><\/a><figcaption class=\"wp-element-caption\"><em><strong>Llegando a lo m\u00e1s alto de los riscos y antes de la misa, a\u00fan no empieza la batalla, todos muy blanquitos<\/strong><\/em>.<\/figcaption><\/figure><\/div>\n\n\n<div style=\"height:35px\" aria-hidden=\"true\" class=\"wp-block-spacer\"><\/div>\n\n\n\n<p class=\"has-medium-font-size\"><strong>Reglas claras conservan la amistad&#8230;. y el tinto<\/strong><\/p>\n\n\n\n<p>Un poco antes de las 7 de la ma\u00f1ana del 29 de junio, miles personas vestidas de blanco y con el t\u00edpico pa\u00f1uelo rojo, preparan el vino para la contienda y se encaminan hacia los Riscos de Bilibio, a pie, en remolques arrastrados por tractores o en coches particulares, acompa\u00f1ando la tradicional peregrinaci\u00f3n de 6 kil\u00f3metros, a la que sigue una misa. <\/p>\n\n\n\n<div style=\"height:34px\" aria-hidden=\"true\" class=\"wp-block-spacer\"><\/div>\n\n\n\n<div style=\"height:25px\" aria-hidden=\"true\" class=\"wp-block-spacer\"><\/div>\n\n\n<div class=\"wp-block-image\">\n<figure class=\"aligncenter size-full is-resized\"><a href=\"https:\/\/enolife.com.ar\/es\/wp-content\/uploads\/2023\/03\/La-batalla-del-vino-de-Haro-2-1800x1013-696x464-1.jpg\" data-rel=\"penci-gallery-image-content\" ><img loading=\"lazy\" decoding=\"async\" src=\"https:\/\/enolife.com.ar\/es\/wp-content\/uploads\/2023\/03\/La-batalla-del-vino-de-Haro-2-1800x1013-696x464-1.jpg\" alt=\"\" class=\"wp-image-88659\" width=\"607\" height=\"405\" srcset=\"https:\/\/enolife.com.ar\/es\/wp-content\/uploads\/2023\/03\/La-batalla-del-vino-de-Haro-2-1800x1013-696x464-1.jpg 696w, https:\/\/enolife.com.ar\/es\/wp-content\/uploads\/2023\/03\/La-batalla-del-vino-de-Haro-2-1800x1013-696x464-1-300x200.jpg 300w, https:\/\/enolife.com.ar\/es\/wp-content\/uploads\/2023\/03\/La-batalla-del-vino-de-Haro-2-1800x1013-696x464-1-585x390.jpg 585w\" sizes=\"auto, (max-width: 607px) 100vw, 607px\" \/><\/a><figcaption class=\"wp-element-caption\"><em><strong>Y comienza la batalla<\/strong><\/em>.<\/figcaption><\/figure><\/div>\n\n\n<div style=\"height:24px\" aria-hidden=\"true\" class=\"wp-block-spacer\"><\/div>\n\n\n<div class=\"wp-block-image\">\n<figure class=\"aligncenter size-full is-resized\"><a href=\"https:\/\/enolife.com.ar\/es\/wp-content\/uploads\/2023\/03\/haro.jpg\" data-rel=\"penci-gallery-image-content\" ><img loading=\"lazy\" decoding=\"async\" src=\"https:\/\/enolife.com.ar\/es\/wp-content\/uploads\/2023\/03\/haro.jpg\" alt=\"\" class=\"wp-image-88656\" width=\"633\" height=\"422\" srcset=\"https:\/\/enolife.com.ar\/es\/wp-content\/uploads\/2023\/03\/haro.jpg 958w, https:\/\/enolife.com.ar\/es\/wp-content\/uploads\/2023\/03\/haro-300x200.jpg 300w, https:\/\/enolife.com.ar\/es\/wp-content\/uploads\/2023\/03\/haro-768x512.jpg 768w, https:\/\/enolife.com.ar\/es\/wp-content\/uploads\/2023\/03\/haro-585x390.jpg 585w\" sizes=\"auto, (max-width: 633px) 100vw, 633px\" \/><\/a><figcaption class=\"wp-element-caption\"><em><strong>Subiendo los Riscos de Bilibio<\/strong><\/em>.<\/figcaption><\/figure><\/div>\n\n\n<div style=\"height:25px\" aria-hidden=\"true\" class=\"wp-block-spacer\"><\/div>\n\n\n\n<p>Una vez arriba, y al finalizar la misa, se empieza a arrojar el vino usando botas, botellas de pl\u00e1stico, sulfatadoras, baldes, pistolas de agua y todo lo imaginable que pueda albergar un l\u00edquido. Alrededor de las 10.30 horas, cuando se acaban las \u201cmuniciones\u201d, los asistentes se van retirando hacia los alrededores para secar sus empapadas ropas y almorzar los t\u00edpicos caracoles. <\/p>\n\n\n\n<div style=\"height:25px\" aria-hidden=\"true\" class=\"wp-block-spacer\"><\/div>\n\n\n<div class=\"wp-block-image\">\n<figure class=\"aligncenter size-large is-resized\"><a href=\"https:\/\/enolife.com.ar\/es\/wp-content\/uploads\/2023\/03\/Batalla-del-Vino-2022_42.jpg\" data-rel=\"penci-gallery-image-content\" ><img loading=\"lazy\" decoding=\"async\" src=\"https:\/\/enolife.com.ar\/es\/wp-content\/uploads\/2023\/03\/Batalla-del-Vino-2022_42-1024x683.jpg\" alt=\"\" class=\"wp-image-88648\" width=\"603\" height=\"402\" srcset=\"https:\/\/enolife.com.ar\/es\/wp-content\/uploads\/2023\/03\/Batalla-del-Vino-2022_42-1024x683.jpg 1024w, https:\/\/enolife.com.ar\/es\/wp-content\/uploads\/2023\/03\/Batalla-del-Vino-2022_42-300x200.jpg 300w, https:\/\/enolife.com.ar\/es\/wp-content\/uploads\/2023\/03\/Batalla-del-Vino-2022_42-768x512.jpg 768w, https:\/\/enolife.com.ar\/es\/wp-content\/uploads\/2023\/03\/Batalla-del-Vino-2022_42-1170x780.jpg 1170w, https:\/\/enolife.com.ar\/es\/wp-content\/uploads\/2023\/03\/Batalla-del-Vino-2022_42-585x390.jpg 585w, https:\/\/enolife.com.ar\/es\/wp-content\/uploads\/2023\/03\/Batalla-del-Vino-2022_42.jpg 1374w\" sizes=\"auto, (max-width: 603px) 100vw, 603px\" \/><\/a><figcaption class=\"wp-element-caption\"><em><strong>Las t\u00edpicas botas de vino, una de las \u00abarmas\u00bb elegidas por estos pobladores de Haro<\/strong><\/em>.<\/figcaption><\/figure><\/div>\n\n\n<div style=\"height:20px\" aria-hidden=\"true\" class=\"wp-block-spacer\"><\/div>\n\n\n<div class=\"wp-block-image\">\n<figure class=\"aligncenter size-full is-resized\"><a href=\"https:\/\/enolife.com.ar\/es\/wp-content\/uploads\/2023\/03\/Batalla_del_Vino_-_Haro_-_La_Rioja.jpg\" data-rel=\"penci-gallery-image-content\" ><img loading=\"lazy\" decoding=\"async\" src=\"https:\/\/enolife.com.ar\/es\/wp-content\/uploads\/2023\/03\/Batalla_del_Vino_-_Haro_-_La_Rioja.jpg\" alt=\"\" class=\"wp-image-88649\" width=\"610\" height=\"458\" srcset=\"https:\/\/enolife.com.ar\/es\/wp-content\/uploads\/2023\/03\/Batalla_del_Vino_-_Haro_-_La_Rioja.jpg 666w, https:\/\/enolife.com.ar\/es\/wp-content\/uploads\/2023\/03\/Batalla_del_Vino_-_Haro_-_La_Rioja-300x225.jpg 300w, https:\/\/enolife.com.ar\/es\/wp-content\/uploads\/2023\/03\/Batalla_del_Vino_-_Haro_-_La_Rioja-585x439.jpg 585w\" sizes=\"auto, (max-width: 610px) 100vw, 610px\" \/><\/a><figcaption class=\"wp-element-caption\"><em><strong>Y se larg\u00f3 la batalla entre las multitudes.<\/strong><\/em><\/figcaption><\/figure><\/div>\n\n\n<div style=\"height:24px\" aria-hidden=\"true\" class=\"wp-block-spacer\"><\/div>\n\n\n<div class=\"wp-block-image\">\n<figure class=\"aligncenter size-full is-resized\"><a href=\"https:\/\/enolife.com.ar\/es\/wp-content\/uploads\/2023\/03\/batalla-vino-galeria3.jpg_1476000910.jpg\" data-rel=\"penci-gallery-image-content\" ><img loading=\"lazy\" decoding=\"async\" src=\"https:\/\/enolife.com.ar\/es\/wp-content\/uploads\/2023\/03\/batalla-vino-galeria3.jpg_1476000910.jpg\" alt=\"\" class=\"wp-image-88651\" width=\"637\" height=\"423\" srcset=\"https:\/\/enolife.com.ar\/es\/wp-content\/uploads\/2023\/03\/batalla-vino-galeria3.jpg_1476000910.jpg 730w, https:\/\/enolife.com.ar\/es\/wp-content\/uploads\/2023\/03\/batalla-vino-galeria3.jpg_1476000910-300x199.jpg 300w, https:\/\/enolife.com.ar\/es\/wp-content\/uploads\/2023\/03\/batalla-vino-galeria3.jpg_1476000910-585x389.jpg 585w\" sizes=\"auto, (max-width: 637px) 100vw, 637px\" \/><\/a><figcaption class=\"wp-element-caption\"><em><strong>Infaltable: los m\u00fasicos acompa\u00f1ando el festejo.<\/strong><\/em><\/figcaption><\/figure><\/div>\n\n\n<div style=\"height:25px\" aria-hidden=\"true\" class=\"wp-block-spacer\"><\/div>\n\n\n\n<p>Luego del almuerzo, se vuelve de nuevo en peregrinaci\u00f3n hacia Haro hasta el puente sobre el r\u00edo Tir\u00f3n. A las 12 del mediod\u00eda se empieza a entrar en la ciudad, en un acto conocido como \u201clas vueltas\u201d. Una vez all\u00ed, en la plaza de toros se sueltan varias reses bravas.<\/p>\n\n\n\n<div style=\"height:25px\" aria-hidden=\"true\" class=\"wp-block-spacer\"><\/div>\n\n\n<div class=\"wp-block-image\">\n<figure class=\"aligncenter size-full is-resized\"><a href=\"https:\/\/enolife.com.ar\/es\/wp-content\/uploads\/2023\/03\/635711850792808596w_foto960.jpg\" data-rel=\"penci-gallery-image-content\" ><img loading=\"lazy\" decoding=\"async\" src=\"https:\/\/enolife.com.ar\/es\/wp-content\/uploads\/2023\/03\/635711850792808596w_foto960.jpg\" alt=\"\" class=\"wp-image-88654\" width=\"639\" height=\"421\" srcset=\"https:\/\/enolife.com.ar\/es\/wp-content\/uploads\/2023\/03\/635711850792808596w_foto960.jpg 960w, https:\/\/enolife.com.ar\/es\/wp-content\/uploads\/2023\/03\/635711850792808596w_foto960-300x198.jpg 300w, https:\/\/enolife.com.ar\/es\/wp-content\/uploads\/2023\/03\/635711850792808596w_foto960-768x506.jpg 768w, https:\/\/enolife.com.ar\/es\/wp-content\/uploads\/2023\/03\/635711850792808596w_foto960-585x385.jpg 585w\" sizes=\"auto, (max-width: 639px) 100vw, 639px\" \/><\/a><figcaption class=\"wp-element-caption\"><em><strong>\u00bfQu\u00e9 tal una refrescadita de tintillo?<\/strong><\/em><\/figcaption><\/figure><\/div>\n\n\n<div style=\"height:25px\" aria-hidden=\"true\" class=\"wp-block-spacer\"><\/div>\n\n\n\n<p><strong>Esta batalla, que no es cruenta sino divertida y bastante alocada, tiene como objetivo \u201cmanchar de vino al pr\u00f3jimo\u201d, pero debe cumplir con ciertas reglas:<\/strong><\/p>\n\n\n\n<p class=\"has-background\" style=\"background-color:#8c475982\">1- Hay que vestir de blanco y llevar pa\u00f1uelo rojo.<br>2- Manchar de vino cuanto m\u00e1s puedas y cuanto m\u00e1s r\u00e1pido mejor.<br>3- Las armas pueden ser cualquier recipiente -que no sea de vidrio- que pueda portar liquido, valen las botellas de pl\u00e1stico, las pistolas de agua, las sulfatadoras, los valdes o lo que haya disponible para mojar m\u00e1s y mejor!<br>4 &#8211; Es obligatorio, mientras dure la batalla, no dejar de re\u00edr y cantar.<br>5 &#8211; Si ves que alguna persona conserva su ropa en blanco, \u00e9se pasara a ser tu objetivo preferente.<br>6 &#8211; Es mejor no fiarse de nadie, los familiares y amigos son los principales enemigos.<br>7 &#8211; Los m\u00fasicos que animan la fiesta, con varias charangas no dejaran de tocar mientras quede vino que tirar.<br>8 &#8211; Cuando la gente se empieza a marchar o se empieza a sentar para comer, significa que la batalla se ha terminado.<\/p>\n\n\n\n<div style=\"height:25px\" aria-hidden=\"true\" class=\"wp-block-spacer\"><\/div>\n\n\n<div class=\"wp-block-image\">\n<figure class=\"aligncenter size-full is-resized\"><a href=\"https:\/\/enolife.com.ar\/es\/wp-content\/uploads\/2023\/03\/batalla.jpg\" data-rel=\"penci-gallery-image-content\" ><img loading=\"lazy\" decoding=\"async\" src=\"https:\/\/enolife.com.ar\/es\/wp-content\/uploads\/2023\/03\/batalla.jpg\" alt=\"\" class=\"wp-image-88655\" width=\"652\" height=\"391\" srcset=\"https:\/\/enolife.com.ar\/es\/wp-content\/uploads\/2023\/03\/batalla.jpg 900w, https:\/\/enolife.com.ar\/es\/wp-content\/uploads\/2023\/03\/batalla-300x180.jpg 300w, https:\/\/enolife.com.ar\/es\/wp-content\/uploads\/2023\/03\/batalla-768x461.jpg 768w, https:\/\/enolife.com.ar\/es\/wp-content\/uploads\/2023\/03\/batalla-585x351.jpg 585w\" sizes=\"auto, (max-width: 652px) 100vw, 652px\" \/><\/a><figcaption class=\"wp-element-caption\"><em><strong>Re\u00edrse es una de las consignas, aunque el \u00abdisparo\u00bb sea intenso<\/strong><\/em>.<\/figcaption><\/figure><\/div>\n\n\n<div style=\"height:24px\" aria-hidden=\"true\" class=\"wp-block-spacer\"><\/div>\n\n\n<div class=\"wp-block-image\">\n<figure class=\"aligncenter size-full is-resized\"><a href=\"https:\/\/enolife.com.ar\/es\/wp-content\/uploads\/2023\/03\/58.jpg\" data-rel=\"penci-gallery-image-content\" ><img loading=\"lazy\" decoding=\"async\" src=\"https:\/\/enolife.com.ar\/es\/wp-content\/uploads\/2023\/03\/58.jpg\" alt=\"\" class=\"wp-image-88653\" width=\"663\" height=\"376\" srcset=\"https:\/\/enolife.com.ar\/es\/wp-content\/uploads\/2023\/03\/58.jpg 1000w, https:\/\/enolife.com.ar\/es\/wp-content\/uploads\/2023\/03\/58-300x170.jpg 300w, https:\/\/enolife.com.ar\/es\/wp-content\/uploads\/2023\/03\/58-768x435.jpg 768w, https:\/\/enolife.com.ar\/es\/wp-content\/uploads\/2023\/03\/58-585x332.jpg 585w\" sizes=\"auto, (max-width: 663px) 100vw, 663px\" \/><\/a><figcaption class=\"wp-element-caption\"><em><strong>Empapados de vino tinto, en pleno verano, la batalla llega a su fin, pero los festejos contin\u00faan.<\/strong><\/em><\/figcaption><\/figure><\/div>\n\n\n<div style=\"height:35px\" aria-hidden=\"true\" class=\"wp-block-spacer\"><\/div>\n\n\n\n<p class=\"has-medium-font-size\"><strong>Para los ni\u00f1os, mosto <\/strong><\/p>\n\n\n\n<p>Los ni\u00f1os tambi\u00e9n tienen derecho de disfrutar de esta fiesta, Por eso, desde hace ya unos a\u00f1os se organiza la <strong>\u00abBatalla del Vino Infantil\u00bb<\/strong>, el d\u00eda 27 de junio, para que los m\u00e1s peque\u00f1os puedan empezar a entrenarse en la fiesta mas importante de la ciudad, por supuesto, batallando con jugo de uva en vez de vino.<\/p>\n\n\n\n<div style=\"height:25px\" aria-hidden=\"true\" class=\"wp-block-spacer\"><\/div>\n\n\n<div class=\"wp-block-image\">\n<figure class=\"aligncenter size-full is-resized\"><a href=\"https:\/\/enolife.com.ar\/es\/wp-content\/uploads\/2023\/03\/batalla-del-vino-haro-rioja.jpg\" data-rel=\"penci-gallery-image-content\" ><img loading=\"lazy\" decoding=\"async\" src=\"https:\/\/enolife.com.ar\/es\/wp-content\/uploads\/2023\/03\/batalla-del-vino-haro-rioja.jpg\" alt=\"\" class=\"wp-image-88657\" width=\"587\" height=\"425\" srcset=\"https:\/\/enolife.com.ar\/es\/wp-content\/uploads\/2023\/03\/batalla-del-vino-haro-rioja.jpg 510w, https:\/\/enolife.com.ar\/es\/wp-content\/uploads\/2023\/03\/batalla-del-vino-haro-rioja-300x217.jpg 300w\" sizes=\"auto, (max-width: 587px) 100vw, 587px\" \/><\/a><figcaption class=\"wp-element-caption\"><em><strong>Desde peque\u00f1os, se suman a la celebraci\u00f3n, pero su batalla es de jugo de uva, no de vino<\/strong><\/em><\/figcaption><\/figure><\/div>\n\n\n<div style=\"height:35px\" aria-hidden=\"true\" class=\"wp-block-spacer\"><\/div>\n\n\n\n<p class=\"has-medium-font-size\"><strong>C\u00f3mo naci\u00f3 la batalla <\/strong><\/p>\n\n\n\n<p><strong>Su origen est\u00e1 ligado a la muerte del patr\u00f3n de la ciudad, San Felices de Bilibio; en el siglo VI<\/strong>, cuando los lugare\u00f1os comenzaron a visitar la cueva donde se encontraban sus restos, recorrida que al cabo de los siglos, con el paso del tiempo, se convirti\u00f3 en peregrinaci\u00f3n y dar\u00eda paso a lo que hoy conocemos como Batalla del Vino.<\/p>\n\n\n\n<p>Seg\u00fan cuenta la leyenda y lo expresan en el sitio web de turismo de La Rioja,<em> \u00abUn d\u00eda como cualquier otro 29 de junio, con el sol en sus espaldas, los jarreros estaban almorzando tras la misa en honor del Santo, despu\u00e9s de andar en romer\u00eda el trayecto que hay del pueblo a la ermita y, en un momento dado, realizando un gesto que luego se tornar\u00eda crucial para la vida de los habitantes de Haro, a alg\u00fan parroquiano se le ocurri\u00f3 la feliz idea de refrescar con el vino de su bota a su vecino de mesa<\/em> <em>y ese&nbsp;fue el desencadenante. Comenzaron los bautizos de vino, como los llamaban entonces.&nbsp;As\u00ed <strong>La batalla del vino hab\u00eda nacido\u00bb.<\/strong> <\/em><\/p>\n\n\n\n<div style=\"height:25px\" aria-hidden=\"true\" class=\"wp-block-spacer\"><\/div>\n\n\n<div class=\"wp-block-image\">\n<figure class=\"aligncenter size-full is-resized\"><a href=\"https:\/\/enolife.com.ar\/es\/wp-content\/uploads\/2023\/03\/fc3e80e9-c89e-6af0-885d-0f6962a1fcb6.jpg\" data-rel=\"penci-gallery-image-content\" ><img loading=\"lazy\" decoding=\"async\" src=\"https:\/\/enolife.com.ar\/es\/wp-content\/uploads\/2023\/03\/fc3e80e9-c89e-6af0-885d-0f6962a1fcb6.jpg\" alt=\"\" class=\"wp-image-88662\" width=\"633\" height=\"422\" srcset=\"https:\/\/enolife.com.ar\/es\/wp-content\/uploads\/2023\/03\/fc3e80e9-c89e-6af0-885d-0f6962a1fcb6.jpg 900w, https:\/\/enolife.com.ar\/es\/wp-content\/uploads\/2023\/03\/fc3e80e9-c89e-6af0-885d-0f6962a1fcb6-300x200.jpg 300w, https:\/\/enolife.com.ar\/es\/wp-content\/uploads\/2023\/03\/fc3e80e9-c89e-6af0-885d-0f6962a1fcb6-768x512.jpg 768w, https:\/\/enolife.com.ar\/es\/wp-content\/uploads\/2023\/03\/fc3e80e9-c89e-6af0-885d-0f6962a1fcb6-585x390.jpg 585w\" sizes=\"auto, (max-width: 633px) 100vw, 633px\" \/><\/a><figcaption class=\"wp-element-caption\"><em><strong>Una batalla digna de disfrutar<\/strong><\/em>.<\/figcaption><\/figure><\/div>\n\n\n<div style=\"height:25px\" aria-hidden=\"true\" class=\"wp-block-spacer\"><\/div>\n\n\n\n<p>Existe tambi\u00e9n una versi\u00f3n popular sobre el origen de la Batalla del Vino, que relata&nbsp;<strong>un conflicto entre las localidades vecinas de Miranda de Ebro y Haro por poseer el territorio de Los Riscos de Bilibio<\/strong>. Para ello, Haro deber\u00eda pasear a sus \u201cjarreros\u201d o habitantes con un recipiente lleno de vino. De lo contrario, el municipio perder\u00eda el dominio de Los Riscos de Bilibio y ser\u00eda Miranda de Ebro quien pasar\u00eda a poseer esta zona.<\/p>\n\n\n\n<p>En 1965 se concedi\u00f3 a esta celebraci\u00f3n el t\u00edtulo honor\u00edfico de \u201cFiesta de Inter\u00e9s Tur\u00edstico\u201d; en noviembre de 1998 el gobierno de La Rioja le concedi\u00f3 el t\u00edtulo de \u201cFiesta de Inter\u00e9s tur\u00edstico en La Rioja\u201d y el 22 de marzo de 2011 fue declarada&nbsp;<strong>\u201cFiesta de Inter\u00e9s Tur\u00edstico Nacional\u201d<\/strong>. As\u00ed que si te quer\u00e9s divertir, prepar\u00e1 tus valijas porque el 29\/6 pr\u00f3ximo la celebraci\u00f3n de San Pedro se hace a baldazos de tintos de La Rioja. <a href=\"https:\/\/es.wikipedia.org\/wiki\/Archivo:San_Felices_(Haro).jpg\"><\/a><\/p>\n\n\n\n<div style=\"height:39px\" aria-hidden=\"true\" class=\"wp-block-spacer\"><\/div>\n\n\n\n<p class=\"has-small-font-size\"><em><strong>Fuentes: Haro Turismo, Lariojasinbarreras.org, wikipedia, tradicionesyfiestas.com, spaininfo.com<\/strong><\/em><a href=\"https:\/\/es.wikipedia.org\/wiki\/Archivo:San_Felices_(Haro).jpg\"><\/a><\/p>\n\n\n\n<p class=\"has-small-font-size\"><\/p>\n\n\n\n<div style=\"height:35px\" aria-hidden=\"true\" class=\"wp-block-spacer\"><\/div>\n","protected":false},"excerpt":{"rendered":"<p>Al noroeste de la comunidad espa\u00f1ola de La Rioja -que produce por a\u00f1o 270 millones&hellip;<\/p>\n","protected":false},"author":3,"featured_media":88668,"comment_status":"open","ping_status":"open","sticky":false,"template":"","format":"standard","meta":{"footnotes":""},"categories":[11],"tags":[],"class_list":["post-88595","post","type-post","status-publish","format-standard","has-post-thumbnail","hentry","category-enoturismo"],"_links":{"self":[{"href":"https:\/\/enolife.com.ar\/es\/wp-json\/wp\/v2\/posts\/88595","targetHints":{"allow":["GET"]}}],"collection":[{"href":"https:\/\/enolife.com.ar\/es\/wp-json\/wp\/v2\/posts"}],"about":[{"href":"https:\/\/enolife.com.ar\/es\/wp-json\/wp\/v2\/types\/post"}],"author":[{"embeddable":true,"href":"https:\/\/enolife.com.ar\/es\/wp-json\/wp\/v2\/users\/3"}],"replies":[{"embeddable":true,"href":"https:\/\/enolife.com.ar\/es\/wp-json\/wp\/v2\/comments?post=88595"}],"version-history":[{"count":0,"href":"https:\/\/enolife.com.ar\/es\/wp-json\/wp\/v2\/posts\/88595\/revisions"}],"wp:featuredmedia":[{"embeddable":true,"href":"https:\/\/enolife.com.ar\/es\/wp-json\/wp\/v2\/media\/88668"}],"wp:attachment":[{"href":"https:\/\/enolife.com.ar\/es\/wp-json\/wp\/v2\/media?parent=88595"}],"wp:term":[{"taxonomy":"category","embeddable":true,"href":"https:\/\/enolife.com.ar\/es\/wp-json\/wp\/v2\/categories?post=88595"},{"taxonomy":"post_tag","embeddable":true,"href":"https:\/\/enolife.com.ar\/es\/wp-json\/wp\/v2\/tags?post=88595"}],"curies":[{"name":"wp","href":"https:\/\/api.w.org\/{rel}","templated":true}]}}