{"id":8850,"date":"2020-03-06T00:54:11","date_gmt":"2020-03-06T00:54:11","guid":{"rendered":"http:\/\/enolife.com.ar\/es\/?p=8850"},"modified":"2020-03-09T16:04:36","modified_gmt":"2020-03-09T16:04:36","slug":"la-fiesta-que-cosecho-22-000-donaciones","status":"publish","type":"post","link":"https:\/\/enolife.com.ar\/es\/la-fiesta-que-cosecho-22-000-donaciones\/","title":{"rendered":"La fiesta que cosech\u00f3 22.000 donaciones"},"content":{"rendered":"\n<h4 class=\"wp-block-heading\"><em><strong>La Fiesta de la Cosecha, celebrada ayer 4\/3 en el Aeropuerto de Mendoza, tuvo una convocatoria de 22.000 personas, cada una de ellas colaborando con un alimento no perecedero. Organizada por el Fondo Vitivin\u00edcola de Mendoza y la Municipalidad de Las Heras, en conjunto con el Gobierno de Mendoza y Aeropuertos Argentina 2000, pasaron por su escenario  Ciro, la Filarm\u00f3nica de Mendoza y la Orquesta Municipal de Las Heras entre otros prestigiosos artistas mendocinos<\/strong><\/em>.<\/h4>\n\n\n\n<div style=\"height:20px\" aria-hidden=\"true\" class=\"wp-block-spacer\"><\/div>\n\n\n\n<p>Unas 22.000 personas asistieron a este festejo, atra\u00eddos por la presencia de Andr\u00e9s Ciro Mart\u00ednez, ex cantante de Los Piojos y actual l\u00edder de Ciro y Los Persas, quien brind\u00f3 durante una hora un gran show junto a la Orquesta Filarm\u00f3nica de Mendoza.<\/p>\n\n\n\n<p>La celebraci\u00f3n comenz\u00f3 antes de que llegara la noche, con la actuaci\u00f3n de artistas locales en el Patio Malbec. La Orquesta Estable Municipal de Las Heras, dirigida por Alicia Pouzo, subi\u00f3 primera al escenario interpretando la \u201cZamba del riego\u201d. Luego llegaron temas como \u201cLa Refalosa\u201d y la zamba \u201cLa nochera\u201d, para continuar con todo el repertorio preparado especialmente para esta Fiesta de la Cosecha.<\/p>\n\n\n\n<p>El cantante y compositor Lisandro Bert\u00edn fue otro de los artistas locales que deleitaron con su m\u00fasica a los mendocinos y turistas, en una zona donde hab\u00edan stands de degustaciones de vinos y food trucks, lo que le permiti\u00f3 al p\u00fablico comer y beber mientras escuchaba buena m\u00fasica.<\/p>\n\n\n\n<p>As\u00ed iba transcurriendo una tarde calurosa por el clima y por el calor popular, ya que de a poco se fueron completando los lugares disponibles para el p\u00fablico. El r\u00e9cord de canje de entradas y donaciones hac\u00eda prever que ser\u00eda una noche especial.<\/p>\n\n\n\n<p>Los festejos se fueron desarrollando con la actuaci\u00f3n de la Filarm\u00f3nica de Mendoza y el repertorio cuyano interpretado por Melisa Budini, Andrea Leguizam\u00f3n y Mariv\u00e1, con las guitarras cuyanas de Exequiel Sandoval, Sebasti\u00e1n Narv\u00e1ez, Mart\u00edn Barros y Ram\u00f3n \u00c1lvarez.<\/p>\n\n\n\n<p>Mientras, en los vi\u00f1edos se realizaba la tradicional cosecha a cargo de los intendentes, las soberanas departamentales y el gobernador Rodolfo Suarez. La Reina Nacional de la Vendimia 2019, Mar\u00eda Laura Micames; y la Virreina, Luz Martina Mercol, eran las encargadas de entregarles las fichas a cada uno de los cosechadores, un simbolismo de lo que sucede en cada uno de los vi\u00f1edos de la provincia en esta \u00e9poca de vendimia.<\/p>\n\n\n\n<p>Las 22.000 personas vibraron y bailaron durante una hora con la m\u00fasica del artista, que cerr\u00f3 su show con \u201cVerano del \u201892\u201d, uno sus cl\u00e1sicos.<\/p>\n\n\n\n<p>El brindis con el vino nuevo fue el punto culmine para esta parte del festejo, abri\u00e9ndole paso sobre el escenario a Ciro, que comenz\u00f3 a desplegar su talento con la arm\u00f3nica entonando el Himno Nacional Argentino, para dar paso a un repertorio que incluy\u00f3 temas de su actual banda Ciro y Los Persas y de Los Piojos, infaltables en cada uno de sus shows.<\/p>\n\n\n\n<div style=\"height:20px\" aria-hidden=\"true\" class=\"wp-block-spacer\"><\/div>\n\n\n\n<p class=\"has-medium-font-size\"><strong>Tweet de Ciro en agradecimiento a Mendoza<\/strong><\/p>\n\n\n\n<div style=\"height:20px\" aria-hidden=\"true\" class=\"wp-block-spacer\"><\/div>\n\n\n\n<figure class=\"wp-block-embed-twitter aligncenter wp-block-embed is-type-rich is-provider-twitter\"><div class=\"wp-block-embed__wrapper\">\n<blockquote class=\"twitter-tweet\" data-width=\"550\" data-dnt=\"true\"><p lang=\"es\" dir=\"ltr\">\u00a1\u00a1\u00a1Muchas gracias Mendoza!!! Fiesta de la Cosecha, junto a la Orq. Filarm\u00f3nica de Mendoza. <a href=\"https:\/\/t.co\/WLSfL4NEHx\">pic.twitter.com\/WLSfL4NEHx<\/a><\/p>&mdash; Andres Ciro Martinez (@ciroylospersas) <a href=\"https:\/\/twitter.com\/ciroylospersas\/status\/1235422190771859456?ref_src=twsrc%5Etfw\">March 5, 2020<\/a><\/blockquote><script async src=\"https:\/\/platform.twitter.com\/widgets.js\" charset=\"utf-8\"><\/script>\n<\/div><\/figure>\n\n\n\n<div style=\"height:20px\" aria-hidden=\"true\" class=\"wp-block-spacer\"><\/div>\n\n\n\n<p>El presidente de Acovi, Eduardo Sancho dijo presente en este evento. <em>\u201cEsta actividad es muy importante ya que representa el apoyo a toda la vitinicultura. Que los turistas cuando llegan a la provincia y pueden ver un vi\u00f1edo es algo muy significativo. Lo hemos apoyado desde que se inici\u00f3 este lugar&nbsp; y fuimos parte en la construcci\u00f3n del mismo. 2020 va ser el armado del Plan Estrat\u00e9gico, creo que va ser muy positivo. Tenemos que trabajar todos hacia una vitinicultura que tiene que seguir creciendo\u201d<\/em>, expres\u00f3. <\/p>\n\n\n\n<p>Nicol\u00e1s Vicchi,  subgerente de la misma instituci\u00f3n enfatiz\u00f3 la presencia de los peque\u00f1os y medianos productores en esta actividad. <em>\u201cEste es un motivo de festejo, sabemos que cada cosecha es fruto de un a\u00f1o de trabajo donde el productor ha puesto todo su empe\u00f1o, junto con toda su familia para poder llegar a esta temporada con esperanzas. Siempre la cosecha trae esperanza de que va ser un a\u00f1o mejor, sabemos que estamos pasando una situaci\u00f3n compleja, pero todo esto nos anima para seguir adelante\u201d,<\/em> dijo.<\/p>\n\n\n\n<p>Vicchi resalt\u00f3 que desde Acovi representan a 5.000 productores que son 25.000 familias que est\u00e1n todos los a\u00f1os poniendo su empe\u00f1o para crezca Mendoza y para que la vitinicultura puede generar un valor agregado. <\/p>\n\n\n\n<div style=\"height:20px\" aria-hidden=\"true\" class=\"wp-block-spacer\"><\/div>\n\n\n\n<p class=\"has-medium-font-size\"><strong>Disfrut\u00e1 la Fiesta completa:<\/strong><\/p>\n\n\n\n<div style=\"height:20px\" aria-hidden=\"true\" class=\"wp-block-spacer\"><\/div>\n\n\n\n<figure class=\"wp-block-embed-youtube wp-block-embed is-type-video is-provider-youtube wp-embed-aspect-16-9 wp-has-aspect-ratio\"><div class=\"wp-block-embed__wrapper\">\n<iframe loading=\"lazy\" title=\"Fiesta de la Cosecha 2020\" width=\"1170\" height=\"658\" src=\"https:\/\/www.youtube.com\/embed\/-OOIu0jeLpI?feature=oembed\" frameborder=\"0\" allow=\"accelerometer; autoplay; encrypted-media; gyroscope; picture-in-picture\" allowfullscreen><\/iframe>\n<\/div><\/figure>\n\n\n\n<div style=\"height:20px\" aria-hidden=\"true\" class=\"wp-block-spacer\"><\/div>\n\n\n\n<p class=\"has-small-font-size\"><strong><em>Fuente: Acovi<br><\/em><\/strong><\/p>\n","protected":false},"excerpt":{"rendered":"<p>La Fiesta de la Cosecha, celebrada ayer 4\/3 en el Aeropuerto de Mendoza, tuvo una&hellip;<\/p>\n","protected":false},"author":3,"featured_media":8857,"comment_status":"open","ping_status":"open","sticky":false,"template":"","format":"standard","meta":{"footnotes":""},"categories":[34],"tags":[],"class_list":["post-8850","post","type-post","status-publish","format-standard","has-post-thumbnail","hentry","category-cultura1"],"_links":{"self":[{"href":"https:\/\/enolife.com.ar\/es\/wp-json\/wp\/v2\/posts\/8850","targetHints":{"allow":["GET"]}}],"collection":[{"href":"https:\/\/enolife.com.ar\/es\/wp-json\/wp\/v2\/posts"}],"about":[{"href":"https:\/\/enolife.com.ar\/es\/wp-json\/wp\/v2\/types\/post"}],"author":[{"embeddable":true,"href":"https:\/\/enolife.com.ar\/es\/wp-json\/wp\/v2\/users\/3"}],"replies":[{"embeddable":true,"href":"https:\/\/enolife.com.ar\/es\/wp-json\/wp\/v2\/comments?post=8850"}],"version-history":[{"count":0,"href":"https:\/\/enolife.com.ar\/es\/wp-json\/wp\/v2\/posts\/8850\/revisions"}],"wp:featuredmedia":[{"embeddable":true,"href":"https:\/\/enolife.com.ar\/es\/wp-json\/wp\/v2\/media\/8857"}],"wp:attachment":[{"href":"https:\/\/enolife.com.ar\/es\/wp-json\/wp\/v2\/media?parent=8850"}],"wp:term":[{"taxonomy":"category","embeddable":true,"href":"https:\/\/enolife.com.ar\/es\/wp-json\/wp\/v2\/categories?post=8850"},{"taxonomy":"post_tag","embeddable":true,"href":"https:\/\/enolife.com.ar\/es\/wp-json\/wp\/v2\/tags?post=8850"}],"curies":[{"name":"wp","href":"https:\/\/api.w.org\/{rel}","templated":true}]}}