{"id":88420,"date":"2023-03-22T16:10:02","date_gmt":"2023-03-22T16:10:02","guid":{"rendered":"https:\/\/enolife.com.ar\/es\/?p=88420"},"modified":"2023-03-26T15:21:30","modified_gmt":"2023-03-26T15:21:30","slug":"las-bodegas-neuquinas-celebran-su-fiesta-de-la-vendimia-el-25-y-26-3-con-actividades-gratuitas","status":"publish","type":"post","link":"https:\/\/enolife.com.ar\/es\/las-bodegas-neuquinas-celebran-su-fiesta-de-la-vendimia-el-25-y-26-3-con-actividades-gratuitas\/","title":{"rendered":"Las bodegas neuquinas celebran su Fiesta de la Vendimia el 25 y 26\/3 con actividades gratuitas"},"content":{"rendered":"\n<h4 class=\"wp-block-heading\"><em><strong>La provincia de Neuqu\u00e9n celebra su 3ra. edici\u00f3n de la Fiesta de la Vendimia, los d\u00edas 25 y 26\/3 en la localidad de San Patricio del Cha\u00f1ar. All\u00ed est\u00e1n emplazadas las bodegas Malma, Familia Schroeder, Secreto Patag\u00f3nico&nbsp;y Fin del Mundo, y todas ellas abrir\u00e1n sus puertas a la comunidad local y a los visitantes&nbsp;con actividades recreativas, musicales y gastron\u00f3micas. Con entrada libre y gratuita, la grilla incluir\u00e1 visitas guiadas, catas, propuestas culinarias con chefs invitados y residentes, shows musicales y sets de DJ que acompa\u00f1ar\u00e1n el atardecer durante las jornadas.<\/strong><\/em><\/h4>\n\n\n\n<div style=\"height:35px\" aria-hidden=\"true\" class=\"wp-block-spacer\"><\/div>\n\n\n<a href=\"https:\/\/ar.verallia.com\/\" aria-label=\"VERALLIA 1700 x 500\"><img loading=\"lazy\" decoding=\"async\" src=\"https:\/\/enolife.com.ar\/es\/wp-content\/uploads\/2021\/04\/VERALLIA-1700-x-500.jpg\" alt=\"\"  srcset=\"https:\/\/enolife.com.ar\/es\/wp-content\/uploads\/2021\/04\/VERALLIA-1700-x-500.jpg 1700w, https:\/\/enolife.com.ar\/es\/wp-content\/uploads\/2021\/04\/VERALLIA-1700-x-500-300x88.jpg 300w, https:\/\/enolife.com.ar\/es\/wp-content\/uploads\/2021\/04\/VERALLIA-1700-x-500-1024x301.jpg 1024w, https:\/\/enolife.com.ar\/es\/wp-content\/uploads\/2021\/04\/VERALLIA-1700-x-500-768x226.jpg 768w, https:\/\/enolife.com.ar\/es\/wp-content\/uploads\/2021\/04\/VERALLIA-1700-x-500-1536x452.jpg 1536w, https:\/\/enolife.com.ar\/es\/wp-content\/uploads\/2021\/04\/VERALLIA-1700-x-500-1170x344.jpg 1170w, https:\/\/enolife.com.ar\/es\/wp-content\/uploads\/2021\/04\/VERALLIA-1700-x-500-585x172.jpg 585w\" sizes=\"auto, (max-width: 1700px) 100vw, 1700px\" width=\"1700\" height=\"500\"   \/><\/a>\n\n\n<div style=\"height:57px\" aria-hidden=\"true\" class=\"wp-block-spacer\"><\/div>\n\n\n\n<p><span style=\"font-size: revert; color: initial;\">La provincia de <strong>Neuqu\u00e9n<\/strong> cuenta con 1.750 hect\u00e1reas de vides en producci\u00f3n&nbsp;distribuidas en 10 bodegas, 8 de las cuales son exportadoras. Los principales destinos&nbsp;de exportaci\u00f3n de vino neuquino son E<strong>stados Unidos, Brasil, Gran Breta\u00f1a, Alemania y&nbsp;Dinamarca<\/strong>. Las variedades que se encuentran en <strong>San Patricio del Cha\u00f1ar<\/strong> incluyen principalmente&nbsp;malbec, merlot, pinot noir, cabernet franc, cabernet sauvignon, syrah, chardonnay,&nbsp;sauvignon blanc y semill\u00f3n.<\/span>   <\/p>\n\n\n\n<p>En esta tercera edici\u00f3n de la fiesta neuquina, las bodegas <strong>Malma, Familia Schroeder, Secreto Patag\u00f3nico&nbsp;y Bodega del Fin del Mundo<\/strong> abrir\u00e1n sus puertas a la comunidad y a los visitantes&nbsp;con actividades recreativas, musicales y gastron\u00f3micas. Con entrada libre y gratuita, la grilla incluir\u00e1 visitas guiadas, catas, propuestas culinarias con chefs invitados y residentes, shows musicales y sets de DJ que acompa\u00f1ar\u00e1n el atardecer durante las jornadas.<\/p>\n\n\n\n<div style=\"height:35px\" aria-hidden=\"true\" class=\"wp-block-spacer\"><\/div>\n\n\n\n<p class=\"has-medium-font-size\"><strong>Cronograma<\/strong><\/p>\n\n\n\n<p class=\"has-background\" style=\"background-color:#abb7c23d\"><strong>S\u00e1bado 25\/3<\/strong><\/p>\n\n\n\n<p>Desde las 12 hs en <strong>Bodega Familia Schroede<\/strong>r habr\u00e1 visitas guiadas a los olivares y a la bodega cada una hora. En lo musical, se presentan el set de Kaala DJ de 13.30 a 16.30 hs y set de Dj Virgina da Cunha de 17 a 19 hs. Luego llegar\u00e1 el show de Benjam\u00edn Amadeo de 19 a 20.30 hs. La cocina estar\u00e1 a cargo del restaurante La Toscana con Willy Kuk y el Chef Ejecutivo de Familia Schroeder, Ezequiel Gonz\u00e1les, junto al Chef Ejecutivo del Hilton Garden Neuqu\u00e9n, Elian Chauvie.<\/p>\n\n\n\n<p>Tambi\u00e9n desde las 12 hs, en la <strong>Bodega Secreto Patag\u00f3nico<\/strong> habr\u00e1n visitas guiadas cada una hora y de 14 a 17 hs se realizar\u00e1 un recorrido en&nbsp;<em>mountain bike<\/em>&nbsp;por los vi\u00f1edos. Adem\u00e1s, se podr\u00e1n escuchar los sets de los Djs Fede Ortega de 12 a 15 hs y TAV de 15 a 17 hs con el arte en vivo de Nico Mendoza. Por su parte, Moscato restaurante elaborar\u00e1 pizzas y carnes a las brasas.<\/p>\n\n\n\n<div style=\"height:25px\" aria-hidden=\"true\" class=\"wp-block-spacer\"><\/div>\n\n\n<div class=\"wp-block-image\">\n<figure class=\"aligncenter size-large is-resized\"><a href=\"https:\/\/enolife.com.ar\/es\/wp-content\/uploads\/2023\/03\/image-54.png\" data-rel=\"penci-gallery-image-content\" ><img loading=\"lazy\" decoding=\"async\" src=\"https:\/\/enolife.com.ar\/es\/wp-content\/uploads\/2023\/03\/image-54-1024x678.png\" alt=\"\" class=\"wp-image-88432\" width=\"560\" height=\"371\" srcset=\"https:\/\/enolife.com.ar\/es\/wp-content\/uploads\/2023\/03\/image-54-1024x678.png 1024w, https:\/\/enolife.com.ar\/es\/wp-content\/uploads\/2023\/03\/image-54-300x199.png 300w, https:\/\/enolife.com.ar\/es\/wp-content\/uploads\/2023\/03\/image-54-768x509.png 768w, https:\/\/enolife.com.ar\/es\/wp-content\/uploads\/2023\/03\/image-54-1170x775.png 1170w, https:\/\/enolife.com.ar\/es\/wp-content\/uploads\/2023\/03\/image-54-780x516.png 780w, https:\/\/enolife.com.ar\/es\/wp-content\/uploads\/2023\/03\/image-54-585x387.png 585w, https:\/\/enolife.com.ar\/es\/wp-content\/uploads\/2023\/03\/image-54.png 1400w\" sizes=\"auto, (max-width: 560px) 100vw, 560px\" \/><\/a><figcaption class=\"wp-element-caption\"><strong><em>Bodega Secreto Patag\u00f3nico invita a recorrer sus vi\u00f1edos en mountain bike<\/em><\/strong><\/figcaption><\/figure><\/div>\n\n\n<div style=\"height:25px\" aria-hidden=\"true\" class=\"wp-block-spacer\"><\/div>\n\n\n\n<p>Por la noche, en <strong>Bodega del Fin del Mundo<\/strong> se ofrecer\u00e1 una cena para la prensa especializada e invitados, y a las 23 hs Benjam\u00edn Amadeo compartir\u00e1 sus canciones a los presentes. La cocina estar\u00e1 en las manos de La Toscana.<\/p>\n\n\n\n<div style=\"height:25px\" aria-hidden=\"true\" class=\"wp-block-spacer\"><\/div>\n\n\n\n<p class=\"has-background\" style=\"background-color:#abb7c23d\"><strong>Domingo 26\/3<\/strong><\/p>\n\n\n\n<p>Nuevamente , desde las 12 hs, la<strong> Bodega Familia Schroeder <\/strong>ofrecer\u00e1 visitas guiadas a sus olivares y al interior de la bodega cada una hora. Tocar\u00e1n el Dj Fabio G de 13.30 a 16 hs y la Dj Catarina Spinetta de 16 a 18 hs. La Toscana estar\u00e1 en la cocina con Willy Kuk y Ezequiel Gonz\u00e1lez.<\/p>\n\n\n\n<div style=\"height:25px\" aria-hidden=\"true\" class=\"wp-block-spacer\"><\/div>\n\n\n<div class=\"wp-block-image\">\n<figure class=\"aligncenter size-full is-resized\"><a href=\"https:\/\/enolife.com.ar\/es\/wp-content\/uploads\/2023\/03\/image-51.png\" data-rel=\"penci-gallery-image-content\" ><img loading=\"lazy\" decoding=\"async\" src=\"https:\/\/enolife.com.ar\/es\/wp-content\/uploads\/2023\/03\/image-51.png\" alt=\"\" class=\"wp-image-88427\" width=\"604\" height=\"338\" srcset=\"https:\/\/enolife.com.ar\/es\/wp-content\/uploads\/2023\/03\/image-51.png 770w, https:\/\/enolife.com.ar\/es\/wp-content\/uploads\/2023\/03\/image-51-300x168.png 300w, https:\/\/enolife.com.ar\/es\/wp-content\/uploads\/2023\/03\/image-51-768x430.png 768w, https:\/\/enolife.com.ar\/es\/wp-content\/uploads\/2023\/03\/image-51-585x327.png 585w\" sizes=\"auto, (max-width: 604px) 100vw, 604px\" \/><\/a><figcaption class=\"wp-element-caption\"><strong><em>Catarina Spinetta<\/em><\/strong><\/figcaption><\/figure><\/div>\n\n\n<div style=\"height:25px\" aria-hidden=\"true\" class=\"wp-block-spacer\"><\/div>\n\n\n\n<p>Asimismo, en <strong>Secreto Patag\u00f3nico<\/strong> desde las 12 habr\u00e1 visitas guiadas en bodega cada una hora y el Dj Fede Ortega pondr\u00e1 su sonido de 13 a 16 hs. El p\u00fablico podr\u00e1 disfrutar de pizzas y carnes a las brasas con la cocina de Moscato.<\/p>\n\n\n\n<p>Por \u00faltimo, en <strong>Bodega Malma<\/strong> desde las 12 hs se har\u00e1n visitas guiadas cada una hora y los sets musicales con el ritmo de Dj Maxi Cajon&nbsp;13 a 16 hs y Dj Kaala de 16 a 18 hs. En la cocina estar\u00e1 su chef ejecutivo  Pancho Fern\u00e1ndez y el del Hotel Comahue, Cristian Dietrich. El cierre ser\u00e1 a las 18.30 hs con Sofi Casta\u00f1\u00f3n y Carlos Alfons\u00edn.<\/p>\n\n\n\n<div style=\"height:26px\" aria-hidden=\"true\" class=\"wp-block-spacer\"><\/div>\n\n\n\n<p class=\"has-small-font-size\"><em><strong>Fuente: Gobierno de Neuqu\u00e9n<\/strong><\/em><\/p>\n\n\n\n<div style=\"height:35px\" aria-hidden=\"true\" class=\"wp-block-spacer\"><\/div>\n\n\n\n<p><\/p>\n\n\n\n<p><\/p>\n","protected":false},"excerpt":{"rendered":"<p>La provincia de Neuqu\u00e9n celebra su 3ra. edici\u00f3n de la Fiesta de la Vendimia, los&hellip;<\/p>\n","protected":false},"author":3,"featured_media":88438,"comment_status":"open","ping_status":"open","sticky":false,"template":"","format":"standard","meta":{"footnotes":""},"categories":[11],"tags":[],"class_list":["post-88420","post","type-post","status-publish","format-standard","has-post-thumbnail","hentry","category-enoturismo"],"_links":{"self":[{"href":"https:\/\/enolife.com.ar\/es\/wp-json\/wp\/v2\/posts\/88420","targetHints":{"allow":["GET"]}}],"collection":[{"href":"https:\/\/enolife.com.ar\/es\/wp-json\/wp\/v2\/posts"}],"about":[{"href":"https:\/\/enolife.com.ar\/es\/wp-json\/wp\/v2\/types\/post"}],"author":[{"embeddable":true,"href":"https:\/\/enolife.com.ar\/es\/wp-json\/wp\/v2\/users\/3"}],"replies":[{"embeddable":true,"href":"https:\/\/enolife.com.ar\/es\/wp-json\/wp\/v2\/comments?post=88420"}],"version-history":[{"count":0,"href":"https:\/\/enolife.com.ar\/es\/wp-json\/wp\/v2\/posts\/88420\/revisions"}],"wp:featuredmedia":[{"embeddable":true,"href":"https:\/\/enolife.com.ar\/es\/wp-json\/wp\/v2\/media\/88438"}],"wp:attachment":[{"href":"https:\/\/enolife.com.ar\/es\/wp-json\/wp\/v2\/media?parent=88420"}],"wp:term":[{"taxonomy":"category","embeddable":true,"href":"https:\/\/enolife.com.ar\/es\/wp-json\/wp\/v2\/categories?post=88420"},{"taxonomy":"post_tag","embeddable":true,"href":"https:\/\/enolife.com.ar\/es\/wp-json\/wp\/v2\/tags?post=88420"}],"curies":[{"name":"wp","href":"https:\/\/api.w.org\/{rel}","templated":true}]}}