{"id":88410,"date":"2023-03-23T16:42:25","date_gmt":"2023-03-23T16:42:25","guid":{"rendered":"https:\/\/enolife.com.ar\/es\/?p=88410"},"modified":"2023-03-24T18:20:35","modified_gmt":"2023-03-24T18:20:35","slug":"bodega-arizu-recupera-su-historia-con-el-rescate-y-puesta-en-valor-de-documentos-de-1906-a-1944","status":"publish","type":"post","link":"https:\/\/enolife.com.ar\/es\/bodega-arizu-recupera-su-historia-con-el-rescate-y-puesta-en-valor-de-documentos-de-1906-a-1944\/","title":{"rendered":"Bodega Arizu recupera su historia con el rescate y puesta en valor de documentos de 1906 a 1944"},"content":{"rendered":"\n<h4 class=\"wp-block-heading\"><em><strong>El viernes 17\/3, en el Archivo General de la Provincia, la ministra de Cultura y Turismo de Mendoza, Nora Vicario, y el intendente de Godoy Cruz, Tadeo Garc\u00eda Zalazar, entregaron para su resguardo y archivo documentos hist\u00f3ricos pertenecientes a la ex Bodega Arizu. Se trata de 65 libros en total, de los cuales los m\u00e1s antiguos datan de 1906. Entre ellos, 11 tomos que registran jornales de obreros, toneleros, carteros y personal de bodega entre 1915 y 1930. Adem\u00e1s, hay 7 libros de planillas de los a\u00f1os 1910 a 1944 y 17 libros de registros de personal de las fincas La Perla, Chachingo, Barrancas y Las Palmas entre 1908 y 1932.<\/strong><\/em><\/h4>\n\n\n\n<div style=\"height:36px\" aria-hidden=\"true\" class=\"wp-block-spacer\"><\/div>\n\n\n<a href=\"https:\/\/www.instagram.com\/vinventions.sudamerica\/\" aria-label=\"Banner_Subr_1700x500\"><img loading=\"lazy\" decoding=\"async\" src=\"https:\/\/enolife.com.ar\/es\/wp-content\/uploads\/2019\/07\/Banner_Subr_1700x500.gif\" alt=\"\"  width=\"1700\" height=\"501\"   \/><\/a>\n\n\n<div style=\"height:45px\" aria-hidden=\"true\" class=\"wp-block-spacer\"><\/div>\n\n\n\n<p>El Ministerio de Cultura y Turismo, a trav\u00e9s del Archivo General de la Provincia, hizo entrega del reservorio documental de la ex Bodega Arizu, para guarda y administraci\u00f3n de la Municipalidad de Godoy Cruz y gesti\u00f3n de la filial de ese departamento de la Junta de Estudios Hist\u00f3ricos de Mendoza.<\/p>\n\n\n\n<p>Se entregaron <strong>65 piezas documentales<\/strong> que ingresaron al Archivo General, en el contexto de las investigaciones que realiz\u00f3 la especialista<strong> Ana Mar\u00eda Mateu <\/strong>sobre <strong>Balbino Arizu<\/strong> y la etapa fundacional de la bodega, material volcado en su tesis doctoral y en la posterior publicaci\u00f3n de un libro, en 2020, por la <strong>Editorial de la Universidad Nacional de Cuyo (Ediunc)<\/strong>.<\/p>\n\n\n\n<div style=\"height:25px\" aria-hidden=\"true\" class=\"wp-block-spacer\"><\/div>\n\n\n<div class=\"wp-block-image\">\n<figure class=\"aligncenter size-full is-resized\"><a href=\"https:\/\/enolife.com.ar\/es\/wp-content\/uploads\/2023\/03\/WhatsApp-Image-2023-03-17-at-17.38.05.jpeg\" data-rel=\"penci-gallery-image-content\" ><img loading=\"lazy\" decoding=\"async\" src=\"https:\/\/enolife.com.ar\/es\/wp-content\/uploads\/2023\/03\/WhatsApp-Image-2023-03-17-at-17.38.05.jpeg\" alt=\"\" class=\"wp-image-88415\" width=\"559\" height=\"373\" srcset=\"https:\/\/enolife.com.ar\/es\/wp-content\/uploads\/2023\/03\/WhatsApp-Image-2023-03-17-at-17.38.05.jpeg 599w, https:\/\/enolife.com.ar\/es\/wp-content\/uploads\/2023\/03\/WhatsApp-Image-2023-03-17-at-17.38.05-300x200.jpeg 300w, https:\/\/enolife.com.ar\/es\/wp-content\/uploads\/2023\/03\/WhatsApp-Image-2023-03-17-at-17.38.05-585x391.jpeg 585w\" sizes=\"auto, (max-width: 559px) 100vw, 559px\" \/><\/a><figcaption class=\"wp-element-caption\"><em><strong>Una de las piezas documentales del Archivo Hist\u00f3rico. <\/strong><\/em><\/figcaption><\/figure><\/div>\n\n\n<div style=\"height:25px\" aria-hidden=\"true\" class=\"wp-block-spacer\"><\/div>\n\n\n\n<p>En ese contexto, Mateu dej\u00f3 en guarda este importante reservorio documental al <strong>Archivo General de la Provincia<\/strong> y fue entregado a la <strong>Municipalidad de Godoy Cruz<\/strong>, con el fin de acrecentar los valores patrimoniales de la obra de restauraci\u00f3n y puesta en valor de los edificios de la antigua bodega, Patrimonio Cultural de la Municipalidad, la Provincia y <strong>Monumento Hist\u00f3rico Nacional.<\/strong><\/p>\n\n\n\n<div style=\"height:25px\" aria-hidden=\"true\" class=\"wp-block-spacer\"><\/div>\n\n\n<div class=\"wp-block-image\">\n<figure class=\"aligncenter size-full\"><a href=\"https:\/\/enolife.com.ar\/es\/wp-content\/uploads\/2023\/03\/WhatsApp-Image-2023-03-17-at-17.43.36-1.jpeg\" data-rel=\"penci-gallery-image-content\" ><img loading=\"lazy\" decoding=\"async\" width=\"618\" height=\"400\" src=\"https:\/\/enolife.com.ar\/es\/wp-content\/uploads\/2023\/03\/WhatsApp-Image-2023-03-17-at-17.43.36-1.jpeg\" alt=\"\" class=\"wp-image-88414\" srcset=\"https:\/\/enolife.com.ar\/es\/wp-content\/uploads\/2023\/03\/WhatsApp-Image-2023-03-17-at-17.43.36-1.jpeg 618w, https:\/\/enolife.com.ar\/es\/wp-content\/uploads\/2023\/03\/WhatsApp-Image-2023-03-17-at-17.43.36-1-300x194.jpeg 300w, https:\/\/enolife.com.ar\/es\/wp-content\/uploads\/2023\/03\/WhatsApp-Image-2023-03-17-at-17.43.36-1-585x379.jpeg 585w\" sizes=\"auto, (max-width: 618px) 100vw, 618px\" \/><\/a><figcaption class=\"wp-element-caption\"><em><strong>Horacio Chiavazza, Tadeo Garc\u00eda Salazar, Nora Vicario y  Ana Mar\u00eda Mateu<\/strong><\/em>.<\/figcaption><\/figure><\/div>\n\n\n<div style=\"height:25px\" aria-hidden=\"true\" class=\"wp-block-spacer\"><\/div>\n\n\n\n<p>Al respecto, la ministra de <strong>Cultura y Turismo de Mendoza, Nora Vicario<\/strong>, destac\u00f3: <em>\u201cEl Archivo General de la Provincia cumple una importante labor de resguardo y conservaci\u00f3n de bienes documentales y patrimoniales, como una forma de proteger la historia de la provincia y su estudio. En particular, estos archivos de la ex bodega Arizu documentan la historia de la vitivinicultura y la vida industrial y laboral del pasado de Mendoza. Por eso, es muy valioso que este material se incorpore al archivo de la antigua bodega como parte del rescate patrimonial del futuro Museo Cultural y del Vino\u201d<\/em>.<\/p>\n\n\n\n<p>Luego de la firma del acta protocolar, los funcionarios se trasladaron a la ex Bodega Arizu y realizaron un recorrido por las instalaciones con el fin de mostrar los trabajos de restauraci\u00f3n que se llevan adelante y el sitio donde se instalar\u00e1 el reservorio documental.<\/p>\n\n\n\n<p>Por su parte, el <strong>intendente de Godoy Cruz, Tadeo Garc\u00eda Zalazar,<\/strong> expres\u00f3: <em>\u201cEs un momento hist\u00f3rico dentro del proceso de recuperaci\u00f3n patrimonial de Bodega Arizu. Estos son libros y archivos de distintos tipos de documentaci\u00f3n que exist\u00edan en la bodega y que una investigadora de la UNCuyo y el Archivo General de la Provincia han custodiado todos estos a\u00f1os en que la bodega estuvo en estado de abandono, desde que se declar\u00f3 Patrimonio, a fines de los noventa, hasta que comenz\u00f3 su expropiaci\u00f3n en 2018\u201d.<\/em><\/p>\n\n\n\n<div style=\"height:25px\" aria-hidden=\"true\" class=\"wp-block-spacer\"><\/div>\n\n\n<div class=\"wp-block-image\">\n<figure class=\"aligncenter size-full\"><a href=\"https:\/\/enolife.com.ar\/es\/wp-content\/uploads\/2023\/03\/WhatsApp-Image-2023-03-17-at-17.38.05-2.jpeg\" data-rel=\"penci-gallery-image-content\" ><img loading=\"lazy\" decoding=\"async\" width=\"524\" height=\"494\" src=\"https:\/\/enolife.com.ar\/es\/wp-content\/uploads\/2023\/03\/WhatsApp-Image-2023-03-17-at-17.38.05-2.jpeg\" alt=\"\" class=\"wp-image-88417\" srcset=\"https:\/\/enolife.com.ar\/es\/wp-content\/uploads\/2023\/03\/WhatsApp-Image-2023-03-17-at-17.38.05-2.jpeg 524w, https:\/\/enolife.com.ar\/es\/wp-content\/uploads\/2023\/03\/WhatsApp-Image-2023-03-17-at-17.38.05-2-300x283.jpeg 300w\" sizes=\"auto, (max-width: 524px) 100vw, 524px\" \/><\/a><figcaption class=\"wp-element-caption\"><em><strong>Firma del acta de entrega de los documentos al Archivo Hist\u00f3rico.<\/strong><\/em><\/figcaption><\/figure><\/div>\n\n\n<div style=\"height:25px\" aria-hidden=\"true\" class=\"wp-block-spacer\"><\/div>\n\n\n\n<p><strong>Horacio Chiavazza,<\/strong> director de<strong> Patrimonio Cultural y Museos de la Provincia<\/strong>, destac\u00f3 cada una de las colaboraciones, particulares, acad\u00e9micas y estatales, que hicieron posible la cristalizaci\u00f3n de esta iniciativa, que tiene como objetivo garantizar la preservaci\u00f3n para uso p\u00fablico de la memoria documental de Mendoza. Remarc\u00f3, adem\u00e1s, que estas acciones contribuyen al acrecentamiento de los bienes patrimoniales, lo que defini\u00f3 como un c\u00edrculo virtuoso a partir del cual la acci\u00f3n de particulares se amalgama con el inter\u00e9s de las instituciones, en pos de garantizar a la sociedad en general la preservaci\u00f3n de su memoria.<\/p>\n\n\n\n<div style=\"height:35px\" aria-hidden=\"true\" class=\"wp-block-spacer\"><\/div>\n\n\n\n<p class=\"has-medium-font-size\"><strong>Los documentos hist\u00f3ricos<\/strong><\/p>\n\n\n\n<p>Son 65 libros en total, de los cuales los m\u00e1s antiguos datan de 1906. Entre ellos, adem\u00e1s, se encuentran 11 tomos que registran jornales de obreros -toneleros, carteros, personal de bodega- y que abarcan el per\u00edodo de 1915 a 1930.<\/p>\n\n\n\n<p>Se suman tambi\u00e9n 7 libros de planillas de peones, carreros, jornaleros y personal de bodega, entre 1910 y 1913, 1920 y 1922, 1924 y 1929 y, por \u00faltimo, 1940 y 1944.<\/p>\n\n\n\n<div style=\"height:25px\" aria-hidden=\"true\" class=\"wp-block-spacer\"><\/div>\n\n\n<div class=\"wp-block-image\">\n<figure class=\"aligncenter size-large is-resized\"><a href=\"https:\/\/enolife.com.ar\/es\/wp-content\/uploads\/2023\/03\/image-56.png\" data-rel=\"penci-gallery-image-content\" ><img loading=\"lazy\" decoding=\"async\" src=\"https:\/\/enolife.com.ar\/es\/wp-content\/uploads\/2023\/03\/image-56-1024x634.png\" alt=\"\" class=\"wp-image-88496\" width=\"644\" height=\"398\" srcset=\"https:\/\/enolife.com.ar\/es\/wp-content\/uploads\/2023\/03\/image-56-1024x634.png 1024w, https:\/\/enolife.com.ar\/es\/wp-content\/uploads\/2023\/03\/image-56-300x186.png 300w, https:\/\/enolife.com.ar\/es\/wp-content\/uploads\/2023\/03\/image-56-768x476.png 768w, https:\/\/enolife.com.ar\/es\/wp-content\/uploads\/2023\/03\/image-56-1536x951.png 1536w, https:\/\/enolife.com.ar\/es\/wp-content\/uploads\/2023\/03\/image-56-1170x725.png 1170w, https:\/\/enolife.com.ar\/es\/wp-content\/uploads\/2023\/03\/image-56-585x362.png 585w, https:\/\/enolife.com.ar\/es\/wp-content\/uploads\/2023\/03\/image-56.png 1600w\" sizes=\"auto, (max-width: 644px) 100vw, 644px\" \/><\/a><figcaption class=\"wp-element-caption\"><em><strong>Rescate patrimonial de documentos hist\u00f3ricos de la ex Bodega Arizu<\/strong><\/em><\/figcaption><\/figure><\/div>\n\n\n<div style=\"height:25px\" aria-hidden=\"true\" class=\"wp-block-spacer\"><\/div>\n\n\n\n<p>Por otro lado, se entregaron 17 libros de Registro de personal de las fincas La Perla, Chachingo, Barrancas y Las Palmas, entre 1908 y 1932.<\/p>\n\n\n\n<p>Particularmente de la Bodega Barrancas, el material existente refiere a 17 libros sobre la evoluci\u00f3n de la empresa -libros diarios, comprobantes de caja, salidas de caja, libro mayor, letras a pagar, cuentas corrientes, y estad\u00edstico.-, entre 1906 y 1943.<\/p>\n\n\n\n<p>Por \u00faltimo, se cedieron 13 libros sobre mercado de vinos -expediciones, embotellamiento, salidas de vino- entre 1909 y 1932, y 1976 y 1978.<\/p>\n\n\n\n<div style=\"height:35px\" aria-hidden=\"true\" class=\"wp-block-spacer\"><\/div>\n\n\n\n<p class=\"has-medium-font-size\"><strong>Recorrido por el Espacio Arizu<\/strong><\/p>\n\n\n<div class=\"wp-block-image\">\n<figure class=\"alignleft size-full\"><a href=\"https:\/\/enolife.com.ar\/es\/wp-content\/uploads\/2023\/03\/Ex-Bodega.jpg\" data-rel=\"penci-gallery-image-content\" ><img loading=\"lazy\" decoding=\"async\" width=\"360\" height=\"288\" src=\"https:\/\/enolife.com.ar\/es\/wp-content\/uploads\/2023\/03\/Ex-Bodega.jpg\" alt=\"\" class=\"wp-image-88483\" srcset=\"https:\/\/enolife.com.ar\/es\/wp-content\/uploads\/2023\/03\/Ex-Bodega.jpg 360w, https:\/\/enolife.com.ar\/es\/wp-content\/uploads\/2023\/03\/Ex-Bodega-300x240.jpg 300w\" sizes=\"auto, (max-width: 360px) 100vw, 360px\" \/><\/a><figcaption class=\"wp-element-caption\"><em><strong>Frente del edificio patrimonial<\/strong><\/em><\/figcaption><\/figure><\/div>\n\n\n<p>El recorrido por la ex Bodega Arizu se realiz\u00f3 en tres etapas. La primera de ellas, a cargo de <strong>\u00c9rica Pulido, secretaria de Ambiente y Desarrollo Sustentable del Municipio<\/strong>, quien detall\u00f3 el proceso de obra en la refuncionalizaci\u00f3n del edificio.&nbsp;<\/p>\n\n\n\n<p>De esta manera, se brindaron detalles de las obras en el Espacio Arizu, que est\u00e1n cada vez m\u00e1s avanzadas y contemplan lo que ser\u00e1 el Museo Cultural, del Vino y el sal\u00f3n de exposiciones y congresos.<\/p>\n\n\n\n<p>Este <strong>espacio patrimonial consta de 3.000 metros cuadrados<\/strong>, compuesto por seis naves sobre las cuales se est\u00e1n realizando trabajos de refuerzos estructurales, techos, cableado y canaletas. Se est\u00e1n interviniendo en una primera etapa las primeras tres naves, particularmente en colocaci\u00f3n e instalaci\u00f3n de aire acondicionado, refrigeraci\u00f3n e iluminaci\u00f3n. Estos trabajos se realizan de acuerdo con un estudio previo con el fin de preservar su configuraci\u00f3n patrimonial.<\/p>\n\n\n\n<p>El segundo espacio visitado fue el Archivo Hist\u00f3rico de la ex bodega, donde funciona la Junta Hist\u00f3rica Municipal, a cargo de un grupo de historiadoras que tiene como misi\u00f3n preservar los documentos hist\u00f3ricos y el an\u00e1lisis de todo el material encontrado en el marco de la adquisici\u00f3n por parte del Municipio. Archivos que, mayoritariamente, refer\u00edan a registros econ\u00f3micos, financieros y datos de obreros. Desde hoy, ese patrimonio cultural se acrecentar\u00e1 con los documentos hist\u00f3ricos cedidos desde el Ministerio de Cultura y Turismo de la provincia.<\/p>\n\n\n\n<div style=\"height:25px\" aria-hidden=\"true\" class=\"wp-block-spacer\"><\/div>\n\n\n<div class=\"wp-block-image\">\n<figure class=\"aligncenter size-full is-resized\"><a href=\"https:\/\/enolife.com.ar\/es\/wp-content\/uploads\/2023\/03\/image-55.png\" data-rel=\"penci-gallery-image-content\" ><img loading=\"lazy\" decoding=\"async\" src=\"https:\/\/enolife.com.ar\/es\/wp-content\/uploads\/2023\/03\/image-55.png\" alt=\"\" class=\"wp-image-88493\" width=\"553\" height=\"447\" srcset=\"https:\/\/enolife.com.ar\/es\/wp-content\/uploads\/2023\/03\/image-55.png 772w, https:\/\/enolife.com.ar\/es\/wp-content\/uploads\/2023\/03\/image-55-300x242.png 300w, https:\/\/enolife.com.ar\/es\/wp-content\/uploads\/2023\/03\/image-55-768x621.png 768w, https:\/\/enolife.com.ar\/es\/wp-content\/uploads\/2023\/03\/image-55-585x473.png 585w\" sizes=\"auto, (max-width: 553px) 100vw, 553px\" \/><\/a><figcaption class=\"wp-element-caption\"><em><strong>Interior de la ex Bodega Arizu<\/strong><\/em><\/figcaption><\/figure><\/div>\n\n\n<div style=\"height:25px\" aria-hidden=\"true\" class=\"wp-block-spacer\"><\/div>\n\n\n\n<p>Por \u00faltimo, los funcionarios visitaron las instalaciones de lo que fue la antigua casona de la familia Arizu, ubicada en calles San Mart\u00edn y Minuzzi, un punto estrat\u00e9gico del departamento de Godoy Cruz y que guarda la historia de una de las familias que contribuyeron a la transformaci\u00f3n de la industria vitivin\u00edcola de nuestra provincia.<\/p>\n\n\n\n<div style=\"height:35px\" aria-hidden=\"true\" class=\"wp-block-spacer\"><\/div>\n","protected":false},"excerpt":{"rendered":"<p>El viernes 17\/3, en el Archivo General de la Provincia, la ministra de Cultura y&hellip;<\/p>\n","protected":false},"author":3,"featured_media":88495,"comment_status":"open","ping_status":"open","sticky":false,"template":"","format":"standard","meta":{"footnotes":""},"categories":[14],"tags":[],"class_list":["post-88410","post","type-post","status-publish","format-standard","has-post-thumbnail","hentry","category-news"],"_links":{"self":[{"href":"https:\/\/enolife.com.ar\/es\/wp-json\/wp\/v2\/posts\/88410","targetHints":{"allow":["GET"]}}],"collection":[{"href":"https:\/\/enolife.com.ar\/es\/wp-json\/wp\/v2\/posts"}],"about":[{"href":"https:\/\/enolife.com.ar\/es\/wp-json\/wp\/v2\/types\/post"}],"author":[{"embeddable":true,"href":"https:\/\/enolife.com.ar\/es\/wp-json\/wp\/v2\/users\/3"}],"replies":[{"embeddable":true,"href":"https:\/\/enolife.com.ar\/es\/wp-json\/wp\/v2\/comments?post=88410"}],"version-history":[{"count":0,"href":"https:\/\/enolife.com.ar\/es\/wp-json\/wp\/v2\/posts\/88410\/revisions"}],"wp:featuredmedia":[{"embeddable":true,"href":"https:\/\/enolife.com.ar\/es\/wp-json\/wp\/v2\/media\/88495"}],"wp:attachment":[{"href":"https:\/\/enolife.com.ar\/es\/wp-json\/wp\/v2\/media?parent=88410"}],"wp:term":[{"taxonomy":"category","embeddable":true,"href":"https:\/\/enolife.com.ar\/es\/wp-json\/wp\/v2\/categories?post=88410"},{"taxonomy":"post_tag","embeddable":true,"href":"https:\/\/enolife.com.ar\/es\/wp-json\/wp\/v2\/tags?post=88410"}],"curies":[{"name":"wp","href":"https:\/\/api.w.org\/{rel}","templated":true}]}}