{"id":88347,"date":"2023-03-22T01:38:16","date_gmt":"2023-03-22T01:38:16","guid":{"rendered":"https:\/\/enolife.com.ar\/es\/?p=88347"},"modified":"2023-03-22T22:26:05","modified_gmt":"2023-03-22T22:26:05","slug":"bodegas-bianchi-presento-en-la-feria-prowein-de-alemania-su-nueva-linea-de-vinos-organicos","status":"publish","type":"post","link":"https:\/\/enolife.com.ar\/es\/bodegas-bianchi-presento-en-la-feria-prowein-de-alemania-su-nueva-linea-de-vinos-organicos\/","title":{"rendered":"Bodegas Bianchi present\u00f3 en la Feria ProWein de Alemania su nueva l\u00ednea de vinos org\u00e1nicos"},"content":{"rendered":"\n<h4 class=\"wp-block-heading\"><em><strong>La 28\u00b0 edici\u00f3n de la Feria internacional de vinos y espirituosas Prowein D\u00fcsseldorf, desarrollada del 19 al 21 de marzo en Alemania, recibi\u00f3 a 132 bodegas argentinas, entre ellas la tradicional bodega nacida en San Rafael, Mendoza. Adem\u00e1s de los nuevos \u00abBianchi Organic\u00bb, los mendocinos pusieron en escena sus marcas \u00edcono como Enzo Bianchi, Mar\u00eda Carmen, IV Generaci\u00f3n y Bianchi Particular y sus vinos premium, entre ellos Gran Famiglia Bianchi y Famiglia Bianchi.<\/strong><\/em><\/h4>\n\n\n\n<div style=\"height:37px\" aria-hidden=\"true\" class=\"wp-block-spacer\"><\/div>\n\n\n\n\n\n<div style=\"height:45px\" aria-hidden=\"true\" class=\"wp-block-spacer\"><\/div>\n\n\n\n<p><strong>Bodegas Bianchi<\/strong> particip\u00f3 de la feria <strong>ProWein<\/strong> <strong>D\u00fcsseldorf<\/strong> con un stand propio. All\u00ed, entre 6.000 expositores de 61 pa\u00edses, la bodega mendocina mont\u00f3 su propio stand, en el Hall 13 F67. En ese lugar privilegiado, la comitiva de Bianchi recibi\u00f3 a profesionales del vino de todo el mundo, ofreci\u00f3 catas y comunic\u00f3 la calidad y tipicidad de sus vinos.&nbsp;<\/p>\n\n\n\n<p>El stand, plazado en una esquina de 39 m2, permiti\u00f3 el ingreso por ambos pasillos laterales y cont\u00f3 con espacios dise\u00f1ados para reuniones y recepci\u00f3n de visitas, incluyendo una barra donde la bodega ofreci\u00f3 todos los vinos, sumando los del segmento joven como <strong>Finca Los Primos, Don Valent\u00edn Lacrado, Elsa Bianchi y New Age<\/strong>.&nbsp;&nbsp;<\/p>\n\n\n\n<div style=\"height:35px\" aria-hidden=\"true\" class=\"wp-block-spacer\"><\/div>\n\n\n\n<div class=\"wp-block-group is-content-justification-center is-nowrap is-layout-flex wp-container-core-group-is-layout-94bc23d7 wp-block-group-is-layout-flex\">\n<figure class=\"wp-block-image size-full is-resized\"><a href=\"https:\/\/enolife.com.ar\/es\/wp-content\/uploads\/2023\/03\/Imagen2-16.jpg\" data-rel=\"penci-gallery-image-content\" ><img loading=\"lazy\" decoding=\"async\" src=\"https:\/\/enolife.com.ar\/es\/wp-content\/uploads\/2023\/03\/Imagen2-16.jpg\" alt=\"\" class=\"wp-image-88386\" width=\"335\" height=\"472\" srcset=\"https:\/\/enolife.com.ar\/es\/wp-content\/uploads\/2023\/03\/Imagen2-16.jpg 407w, https:\/\/enolife.com.ar\/es\/wp-content\/uploads\/2023\/03\/Imagen2-16-213x300.jpg 213w\" sizes=\"auto, (max-width: 335px) 100vw, 335px\" \/><\/a><\/figure>\n\n\n\n<figure class=\"wp-block-image size-full is-resized\"><a href=\"https:\/\/enolife.com.ar\/es\/wp-content\/uploads\/2023\/03\/Imagen4-9.jpg\" data-rel=\"penci-gallery-image-content\" ><img loading=\"lazy\" decoding=\"async\" src=\"https:\/\/enolife.com.ar\/es\/wp-content\/uploads\/2023\/03\/Imagen4-9.jpg\" alt=\"\" class=\"wp-image-88387\" width=\"425\" height=\"466\" srcset=\"https:\/\/enolife.com.ar\/es\/wp-content\/uploads\/2023\/03\/Imagen4-9.jpg 407w, https:\/\/enolife.com.ar\/es\/wp-content\/uploads\/2023\/03\/Imagen4-9-274x300.jpg 274w\" sizes=\"auto, (max-width: 425px) 100vw, 425px\" \/><\/a><\/figure>\n<\/div>\n\n\n\n<div style=\"height:35px\" aria-hidden=\"true\" class=\"wp-block-spacer\"><\/div>\n\n\n\n<p>La novedad de este a\u00f1o fue la presentaci\u00f3n de la nueva l\u00ednea de vinos org\u00e1nicos:<strong> \u00abBianchi Organic\u00bb<\/strong>, un set de vinos que se ubica en un segmento premium, con precios muy competitivos entre los vinos argentinos exportados al mundo. <\/p>\n\n\n\n<div style=\"height:25px\" aria-hidden=\"true\" class=\"wp-block-spacer\"><\/div>\n\n\n<div class=\"wp-block-image\">\n<figure class=\"aligncenter size-full is-resized\"><a href=\"https:\/\/enolife.com.ar\/es\/wp-content\/uploads\/2023\/03\/image-50.png\" data-rel=\"penci-gallery-image-content\" ><img loading=\"lazy\" decoding=\"async\" src=\"https:\/\/enolife.com.ar\/es\/wp-content\/uploads\/2023\/03\/image-50.png\" alt=\"\" class=\"wp-image-88389\" width=\"427\" height=\"427\" srcset=\"https:\/\/enolife.com.ar\/es\/wp-content\/uploads\/2023\/03\/image-50.png 520w, https:\/\/enolife.com.ar\/es\/wp-content\/uploads\/2023\/03\/image-50-300x300.png 300w, https:\/\/enolife.com.ar\/es\/wp-content\/uploads\/2023\/03\/image-50-150x150.png 150w\" sizes=\"auto, (max-width: 427px) 100vw, 427px\" \/><\/a><\/figure><\/div>\n\n\n<div style=\"height:41px\" aria-hidden=\"true\" class=\"wp-block-spacer\"><\/div>\n\n\n\n<p><strong>Rafael Calder\u00f3n, <\/strong>gerente general del grupo de bodegas Bianchi analiz\u00f3 los motivos de su presencia en esta feria:<strong> <\/strong><em>\u201cProWein es uno de los spots m\u00e1s importantes para el mercado mundial. All\u00ed se re\u00fanen las principales bodegas de los cinco continentes. Por ello, en esta edici\u00f3n 2023, decidimos presentar varios exponentes de la alta gama de ambas bodegas -San Rafael y Valle de Uco- destacando nuestro \u00faltimo lanzamiento internacional: la l\u00ednea Bianchi Organic.\u201d&nbsp; <\/em>Y agreg\u00f3<strong>:<em> <\/em><\/strong><em>\u201cQueremos de esta manera, acompa\u00f1ar las nuevas tendencias de los consumidores, preocupados<\/em> <em>por un consumo saludable y proyectar al mundo el potencial de nuestra vitivinicultura como marca global\u201d.<\/em><\/p>\n\n\n\n<p>Desde su stand, Bodegas Bianchi tambi\u00e9n comunic\u00f3 a los visitantes del mundo su apoyo al consumo moderado de vino- bajo el lema \u201cWine in moderation\u201d-, a las pr\u00e1cticas sustentables, al cultivo org\u00e1nico y al cuidado del medio ambiente.&nbsp;<\/p>\n\n\n\n<div style=\"height:37px\" aria-hidden=\"true\" class=\"wp-block-spacer\"><\/div>\n\n\n\n<p><\/p>\n\n\n\n<p><\/p>\n\n\n\n<p><\/p>\n\n\n\n<p><\/p>\n","protected":false},"excerpt":{"rendered":"<p>La 28\u00b0 edici\u00f3n de la Feria internacional de vinos y espirituosas Prowein D\u00fcsseldorf, desarrollada del&hellip;<\/p>\n","protected":false},"author":3,"featured_media":88384,"comment_status":"open","ping_status":"open","sticky":false,"template":"","format":"standard","meta":{"footnotes":""},"categories":[10],"tags":[],"class_list":["post-88347","post","type-post","status-publish","format-standard","has-post-thumbnail","hentry","category-ferias"],"_links":{"self":[{"href":"https:\/\/enolife.com.ar\/es\/wp-json\/wp\/v2\/posts\/88347","targetHints":{"allow":["GET"]}}],"collection":[{"href":"https:\/\/enolife.com.ar\/es\/wp-json\/wp\/v2\/posts"}],"about":[{"href":"https:\/\/enolife.com.ar\/es\/wp-json\/wp\/v2\/types\/post"}],"author":[{"embeddable":true,"href":"https:\/\/enolife.com.ar\/es\/wp-json\/wp\/v2\/users\/3"}],"replies":[{"embeddable":true,"href":"https:\/\/enolife.com.ar\/es\/wp-json\/wp\/v2\/comments?post=88347"}],"version-history":[{"count":0,"href":"https:\/\/enolife.com.ar\/es\/wp-json\/wp\/v2\/posts\/88347\/revisions"}],"wp:featuredmedia":[{"embeddable":true,"href":"https:\/\/enolife.com.ar\/es\/wp-json\/wp\/v2\/media\/88384"}],"wp:attachment":[{"href":"https:\/\/enolife.com.ar\/es\/wp-json\/wp\/v2\/media?parent=88347"}],"wp:term":[{"taxonomy":"category","embeddable":true,"href":"https:\/\/enolife.com.ar\/es\/wp-json\/wp\/v2\/categories?post=88347"},{"taxonomy":"post_tag","embeddable":true,"href":"https:\/\/enolife.com.ar\/es\/wp-json\/wp\/v2\/tags?post=88347"}],"curies":[{"name":"wp","href":"https:\/\/api.w.org\/{rel}","templated":true}]}}