{"id":88033,"date":"2023-03-16T02:10:57","date_gmt":"2023-03-16T02:10:57","guid":{"rendered":"https:\/\/enolife.com.ar\/es\/?p=88033"},"modified":"2023-03-20T23:30:47","modified_gmt":"2023-03-20T23:30:47","slug":"no-tendran-que-pagar-la-luz-de-febrero-a-abril-2023-bodegas-mendocinas-afectadas-por-el-mal-clima","status":"publish","type":"post","link":"https:\/\/enolife.com.ar\/es\/no-tendran-que-pagar-la-luz-de-febrero-a-abril-2023-bodegas-mendocinas-afectadas-por-el-mal-clima\/","title":{"rendered":"No tendr\u00e1n que pagar la luz de febrero a abril 2023 bodegas mendocinas afectadas por el mal clima"},"content":{"rendered":"\n<h4 class=\"wp-block-heading\"><em><strong>El gobierno de Mendoza subsidiar\u00e1 el 100% del consumo el\u00e9ctrico en el trimestre de febrero a abril del corriente a\u00f1o a establecimientos elaboradores de vino afectados por inclemencias clim\u00e1ticas. Para acceder al beneficio hay que llenar un formulario en las oficinas de la correspondiente distribuidora el\u00e9ctrica y no haber tenido consumos antirreglamentarios ni deudas en 2022. <\/strong><\/em><\/h4>\n\n\n\n<div style=\"height:35px\" aria-hidden=\"true\" class=\"wp-block-spacer\"><\/div>\n\n\n<a href=\"https:\/\/www.irrigacion.gov.ar\/web\/\" aria-label=\"irrigaci\u00f3n-1700X500\"><img loading=\"lazy\" decoding=\"async\" src=\"https:\/\/enolife.com.ar\/es\/wp-content\/uploads\/2021\/02\/irrigacion-1700X500.gif\" alt=\"\"  width=\"1700\" height=\"500\"   \/><\/a>\n\n\n<div style=\"height:61px\" aria-hidden=\"true\" class=\"wp-block-spacer\"><\/div>\n\n\n\n<p>El <strong>Programa de Asistencia de Emergencia<\/strong> del <strong>Gobierno de Mendoza<\/strong> permite que establecimientos destinados a la elaboraci\u00f3n de vinos accedan a una <strong>bonificaci\u00f3n de 100%<\/strong> del cargo de uso de red aplicable a una factura de consumo el\u00e9ctrico.<\/p>\n\n\n\n<p>La Secretar\u00eda de Servicios P\u00fablicos de la provincia dispuso aplicar el denominado <strong>Subsidio de Asistencia a Sectores Productivos<\/strong> del <strong>Fondo Provincial Compensador de Tarifas<\/strong> para los suministros de establecimientos destinados a la elaboraci\u00f3n de vinos de todos los departamentos de Mendoza.<\/p>\n\n\n\n<p>Esta medida consiste en la <strong>bonificaci\u00f3n de 100% del cargo de uso de red<\/strong>, aplicable a una factura de consumo del servicio el\u00e9ctrico que corresponda al <strong>trimestre febrero-marzo-abril 2023.<\/strong><\/p>\n\n\n\n<p>El objetivo de la aprobaci\u00f3n de esta Resoluci\u00f3n 0018\/2023 es acompa\u00f1ar y asistir a vi\u00f1ateros y bodegueros ante el impacto econ\u00f3mico negativo que han sufrido debido a las inclemencias clim\u00e1ticas.<\/p>\n\n\n\n<div style=\"height:42px\" aria-hidden=\"true\" class=\"wp-block-spacer\"><\/div>\n\n\n\n<p class=\"has-medium-font-size\"><strong>C\u00f3mo acceder al beneficio<\/strong><\/p>\n\n\n\n<p>Los usuarios deber\u00e1n solicitar el subsidio en las oficinas comerciales de las distribuidoras y cumplir con los siguientes requisitos:<br>\u2022\u2002No haber experimentado consumos antirreglamentarios en el a\u00f1o anterior al de su incorporaci\u00f3n ni durante la vigencia de la presente asistencia.<\/p>\n\n\n\n<p>\u2022\u2002No tener deudas pendientes de regularizaci\u00f3n con la distribuidora.<\/p>\n\n\n\n<p>\u2022\u2002Cumplimentar el Formulario de Adhesi\u00f3n al Programa de Asistencia a Bodegas, seg\u00fan reglamentaci\u00f3n del Ente Provincial Regulador El\u00e9ctrico (EPRE).<\/p>\n\n\n\n<div style=\"height:48px\" aria-hidden=\"true\" class=\"wp-block-spacer\"><\/div>\n\n\n\n<p><\/p>\n","protected":false},"excerpt":{"rendered":"<p>El gobierno de Mendoza subsidiar\u00e1 el 100% del consumo el\u00e9ctrico en el trimestre de febrero&hellip;<\/p>\n","protected":false},"author":3,"featured_media":88050,"comment_status":"open","ping_status":"open","sticky":false,"template":"","format":"standard","meta":{"footnotes":""},"categories":[14],"tags":[],"class_list":["post-88033","post","type-post","status-publish","format-standard","has-post-thumbnail","hentry","category-news"],"_links":{"self":[{"href":"https:\/\/enolife.com.ar\/es\/wp-json\/wp\/v2\/posts\/88033","targetHints":{"allow":["GET"]}}],"collection":[{"href":"https:\/\/enolife.com.ar\/es\/wp-json\/wp\/v2\/posts"}],"about":[{"href":"https:\/\/enolife.com.ar\/es\/wp-json\/wp\/v2\/types\/post"}],"author":[{"embeddable":true,"href":"https:\/\/enolife.com.ar\/es\/wp-json\/wp\/v2\/users\/3"}],"replies":[{"embeddable":true,"href":"https:\/\/enolife.com.ar\/es\/wp-json\/wp\/v2\/comments?post=88033"}],"version-history":[{"count":0,"href":"https:\/\/enolife.com.ar\/es\/wp-json\/wp\/v2\/posts\/88033\/revisions"}],"wp:featuredmedia":[{"embeddable":true,"href":"https:\/\/enolife.com.ar\/es\/wp-json\/wp\/v2\/media\/88050"}],"wp:attachment":[{"href":"https:\/\/enolife.com.ar\/es\/wp-json\/wp\/v2\/media?parent=88033"}],"wp:term":[{"taxonomy":"category","embeddable":true,"href":"https:\/\/enolife.com.ar\/es\/wp-json\/wp\/v2\/categories?post=88033"},{"taxonomy":"post_tag","embeddable":true,"href":"https:\/\/enolife.com.ar\/es\/wp-json\/wp\/v2\/tags?post=88033"}],"curies":[{"name":"wp","href":"https:\/\/api.w.org\/{rel}","templated":true}]}}