{"id":87897,"date":"2023-03-15T19:08:59","date_gmt":"2023-03-15T19:08:59","guid":{"rendered":"https:\/\/enolife.com.ar\/es\/?p=87897"},"modified":"2023-03-16T16:59:44","modified_gmt":"2023-03-16T16:59:44","slug":"el-senasa-detecto-polilla-de-la-vid-en-cafayate-pero-asegura-que-la-region-sigue-libre-de-plaga","status":"publish","type":"post","link":"https:\/\/enolife.com.ar\/es\/el-senasa-detecto-polilla-de-la-vid-en-cafayate-pero-asegura-que-la-region-sigue-libre-de-plaga\/","title":{"rendered":"El Senasa detect\u00f3 polilla de la vid en Cafayate, pero asegura que la regi\u00f3n sigue libre de plaga"},"content":{"rendered":"\n<h4 class=\"wp-block-heading\"><em><strong>Tras encontrar dos insectos adultos de lobesia botrana (m\u00e1s conocida como polilla de la vid) en un establecimiento vitivin\u00edcola en Cafayate, Salta, al extremo norte de Argentina, el Servicio Nacional de Sanidad y Calidad Agroalimentaria (Senasa) puso en marcha un plan de con una red de trampas y m\u00e1ximo control en el \u00e1rea implicada. Cabe recordar que en marzo de 2017 se hab\u00edan detectado 3 ejemplares en la misma regi\u00f3n, pero el brote fue controlado a tiempo y no hubo nuevos hallazgos. Tras este episodio, en julio de 2021 Cafayate hab\u00eda sido declarada \u00c1rea Libre de la Plaga (ALP). Este nuevo hallazgo no implica que la regi\u00f3n pierda ese estatus fitosanitario, ya que no se han encontrado otros insectos en fincas aleda\u00f1as ni en toda la zona. La lobesia botrana es considerada plaga en las provincias de Mendoza y San Juan, donde se encuentra circunscripta gracias a rigurosas medidas de control y combate. Por eso, cada vez que se detecta en otras regiones argentinas, causa alarma.<\/strong><\/em> <\/h4>\n\n\n\n<div style=\"height:48px\" aria-hidden=\"true\" class=\"wp-block-spacer\"><\/div>\n\n\n<a href=\"http:\/\/www.quiminsa.com.ar\/\" aria-label=\"banner quiminsa b 1700&#215;500\"><img loading=\"lazy\" decoding=\"async\" src=\"https:\/\/enolife.com.ar\/es\/wp-content\/uploads\/2022\/04\/banner-quiminsa-b-1700x500-1.jpg\" alt=\"\"  srcset=\"https:\/\/enolife.com.ar\/es\/wp-content\/uploads\/2022\/04\/banner-quiminsa-b-1700x500-1.jpg 1700w, https:\/\/enolife.com.ar\/es\/wp-content\/uploads\/2022\/04\/banner-quiminsa-b-1700x500-1-300x88.jpg 300w, https:\/\/enolife.com.ar\/es\/wp-content\/uploads\/2022\/04\/banner-quiminsa-b-1700x500-1-1024x301.jpg 1024w, https:\/\/enolife.com.ar\/es\/wp-content\/uploads\/2022\/04\/banner-quiminsa-b-1700x500-1-768x226.jpg 768w, https:\/\/enolife.com.ar\/es\/wp-content\/uploads\/2022\/04\/banner-quiminsa-b-1700x500-1-1536x452.jpg 1536w, https:\/\/enolife.com.ar\/es\/wp-content\/uploads\/2022\/04\/banner-quiminsa-b-1700x500-1-1170x344.jpg 1170w, https:\/\/enolife.com.ar\/es\/wp-content\/uploads\/2022\/04\/banner-quiminsa-b-1700x500-1-585x172.jpg 585w\" sizes=\"auto, (max-width: 1700px) 100vw, 1700px\" width=\"1700\" height=\"500\"   \/><\/a>\n\n\n<div style=\"height:60px\" aria-hidden=\"true\" class=\"wp-block-spacer\"><\/div>\n\n\n\n<p>La&nbsp;red oficial de monitoreo del <strong>Servicio Nacional de Sanidad y Calidad Agroalimentaria (Senasa)<\/strong>&nbsp;detect\u00f3 la presencia de&nbsp;dos ejemplares adultos de la plaga en una de sus trampas en una finca en Cafayate, Salta, y tras el diagn\u00f3stico positivo efectuado por su&nbsp;laboratorio nacional&nbsp;dispuso implementar las medidas tendientes a contener y erradicar el foco previstas en la&nbsp;<strong>Disposici\u00f3n DNPV 5\/2014<\/strong>&nbsp;y otras acciones fitosanitarias. <\/p>\n\n\n\n<p>A partir del hallazgo, el organismo nacional&nbsp;notific\u00f3 la detecci\u00f3n del insecto sospechoso a la provincia de Salta&nbsp;y a los establecimientos que ser\u00e1n parte de la denomiinada \u00ab\u00c1rea Bajo Contingencia\u00bb.<\/p>\n\n\n\n<div style=\"height:25px\" aria-hidden=\"true\" class=\"wp-block-spacer\"><\/div>\n\n\n<div class=\"wp-block-image\">\n<figure class=\"aligncenter size-large is-resized\"><a href=\"https:\/\/enolife.com.ar\/es\/wp-content\/uploads\/2023\/03\/23-03-03_lobesia_salta_2.jpeg\" data-rel=\"penci-gallery-image-content\" ><img loading=\"lazy\" decoding=\"async\" src=\"https:\/\/enolife.com.ar\/es\/wp-content\/uploads\/2023\/03\/23-03-03_lobesia_salta_2-1024x768.jpeg\" alt=\"\" class=\"wp-image-87904\" width=\"606\" height=\"455\" srcset=\"https:\/\/enolife.com.ar\/es\/wp-content\/uploads\/2023\/03\/23-03-03_lobesia_salta_2-1024x768.jpeg 1024w, https:\/\/enolife.com.ar\/es\/wp-content\/uploads\/2023\/03\/23-03-03_lobesia_salta_2-300x225.jpeg 300w, https:\/\/enolife.com.ar\/es\/wp-content\/uploads\/2023\/03\/23-03-03_lobesia_salta_2-768x576.jpeg 768w, https:\/\/enolife.com.ar\/es\/wp-content\/uploads\/2023\/03\/23-03-03_lobesia_salta_2-1170x878.jpeg 1170w, https:\/\/enolife.com.ar\/es\/wp-content\/uploads\/2023\/03\/23-03-03_lobesia_salta_2-585x439.jpeg 585w, https:\/\/enolife.com.ar\/es\/wp-content\/uploads\/2023\/03\/23-03-03_lobesia_salta_2.jpeg 1440w\" sizes=\"auto, (max-width: 606px) 100vw, 606px\" \/><\/a><figcaption class=\"wp-element-caption\"><strong><em>El hallazgo de 2 ejemplares de polilla de la vid en Cafayate no implica que la zona pierda su status de \u00ablibre de plaga\u00bb<\/em><\/strong><\/figcaption><\/figure><\/div>\n\n\n<div style=\"height:25px\" aria-hidden=\"true\" class=\"wp-block-spacer\"><\/div>\n\n\n\n<p>Como el cultivo de vid se encuentra en plena cosecha, se decidi\u00f3 la&nbsp;implementaci\u00f3n de medidas de manera inmediata, entendiendo el riesgo de dispersi\u00f3n de la plaga. La puesta en marcha del Plan de Contingencia contempla la&nbsp;intensificaci\u00f3n de la red de trampeo y el incremento de las tareas de supervisi\u00f3n&nbsp;en el \u00e1rea implicada y adem\u00e1s el Senasa convoc\u00f3 de manera urgente a un&nbsp;Comit\u00e9 de Crisis&nbsp;con todos los actores involucrados para poder implementar acciones a fin de dar una r\u00e1pida respuesta a la situaci\u00f3n. <\/p>\n\n\n\n<p>Cabe destacar que no han existido nuevas detecciones&nbsp;de la plaga&nbsp;<strong>en fincas aleda\u00f1as ni en toda la zona<\/strong>, y que, actualmente, <strong>Cafayate es \u00c1rea Libre de la Plaga (ALP), y la detecci\u00f3n de estos ejemplares no implica perder este estatus fitosanitario<\/strong>, que le fue otorgado en julio de 2021 a trav\u00e9s de la Disposici\u00f3n 400\/2021 por la Direcci\u00f3n Nacional de Protecci\u00f3n Vegetal del Senasa, luego de 4 a\u00f1os de trabajo continuo, ya que en marzo de 2017 se hab\u00edan detectado 3 ejemplares adultos de la polilla en esa \u00e1rea productiva de Salta.<a href=\"https:\/\/www.infocampo.com.ar\/wp-content\/uploads\/2021\/02\/Arandanos-Exportaciones.jpg\"><\/a><\/p>\n\n\n\n<p>Lobesia botrana&nbsp;es una plaga que ataca principalmente el cultivo de vid, por ello se la conoce com\u00fanmente como \u00abla polilla de la vid\u00bb. Es una plaga de importancia cuarentenaria para la Rep\u00fablica Argentina que se encuentra bajo control oficial.<\/p>\n\n\n\n<div style=\"height:43px\" aria-hidden=\"true\" class=\"wp-block-spacer\"><\/div>\n","protected":false},"excerpt":{"rendered":"<p>Tras encontrar dos insectos adultos de lobesia botrana (m\u00e1s conocida como polilla de la vid)&hellip;<\/p>\n","protected":false},"author":3,"featured_media":87908,"comment_status":"open","ping_status":"open","sticky":false,"template":"","format":"standard","meta":{"footnotes":""},"categories":[14],"tags":[],"class_list":["post-87897","post","type-post","status-publish","format-standard","has-post-thumbnail","hentry","category-news"],"_links":{"self":[{"href":"https:\/\/enolife.com.ar\/es\/wp-json\/wp\/v2\/posts\/87897","targetHints":{"allow":["GET"]}}],"collection":[{"href":"https:\/\/enolife.com.ar\/es\/wp-json\/wp\/v2\/posts"}],"about":[{"href":"https:\/\/enolife.com.ar\/es\/wp-json\/wp\/v2\/types\/post"}],"author":[{"embeddable":true,"href":"https:\/\/enolife.com.ar\/es\/wp-json\/wp\/v2\/users\/3"}],"replies":[{"embeddable":true,"href":"https:\/\/enolife.com.ar\/es\/wp-json\/wp\/v2\/comments?post=87897"}],"version-history":[{"count":0,"href":"https:\/\/enolife.com.ar\/es\/wp-json\/wp\/v2\/posts\/87897\/revisions"}],"wp:featuredmedia":[{"embeddable":true,"href":"https:\/\/enolife.com.ar\/es\/wp-json\/wp\/v2\/media\/87908"}],"wp:attachment":[{"href":"https:\/\/enolife.com.ar\/es\/wp-json\/wp\/v2\/media?parent=87897"}],"wp:term":[{"taxonomy":"category","embeddable":true,"href":"https:\/\/enolife.com.ar\/es\/wp-json\/wp\/v2\/categories?post=87897"},{"taxonomy":"post_tag","embeddable":true,"href":"https:\/\/enolife.com.ar\/es\/wp-json\/wp\/v2\/tags?post=87897"}],"curies":[{"name":"wp","href":"https:\/\/api.w.org\/{rel}","templated":true}]}}