{"id":87826,"date":"2023-03-14T16:40:27","date_gmt":"2023-03-14T16:40:27","guid":{"rendered":"https:\/\/enolife.com.ar\/es\/?p=87826"},"modified":"2023-03-15T19:08:40","modified_gmt":"2023-03-15T19:08:40","slug":"uncuyo-cordoba-y-la-pampa-capacitan-a-docentes-de-nuevas-tecnologias-en-ciencias-del-agro","status":"publish","type":"post","link":"https:\/\/enolife.com.ar\/es\/uncuyo-cordoba-y-la-pampa-capacitan-a-docentes-de-nuevas-tecnologias-en-ciencias-del-agro\/","title":{"rendered":"UNCuyo, C\u00f3rdoba y La Pampa capacitan a docentes de nuevas tecnolog\u00edas en ciencias del agro"},"content":{"rendered":"\n<h4 class=\"wp-block-heading\"><em><strong>Las Universidad Nacionales de estas tres provincias argentinas invitan el&nbsp;\u00abEncuentro Interinstitucional para la ense\u00f1anza de nuevas tecnolog\u00edas en las Ciencias Agropecuarias\u00bb que&nbsp;se realizar\u00e1&nbsp;el d\u00eda&nbsp;jueves 23\/03&nbsp;en el&nbsp;Aula 1&nbsp;de la Facultad de Ciencias Agrarias de la Universidad Nacional de Cuyo. El objetivo de la jornada es generar espacios de vinculaci\u00f3n y acci\u00f3n conjunta en la ense\u00f1anza del pensamiento de las nuevas tecnolog\u00edas aplicadas a la actividad agropecuaria entre docentes de las instituciones participantes. La actividad es gratuita con previa inscripci\u00f3n y se entregar\u00e1n certificados.&nbsp;<\/strong><\/em><\/h4>\n\n\n\n<div style=\"height:35px\" aria-hidden=\"true\" class=\"wp-block-spacer\"><\/div>\n\n\n<a href=\"https:\/\/www.instagram.com\/agroconciencia_\" aria-label=\"BANNER AGROCONCIENCIA 1700X500\"><img loading=\"lazy\" decoding=\"async\" src=\"https:\/\/enolife.com.ar\/es\/wp-content\/uploads\/2019\/07\/BANNER-AGROCONCIENCIA-1700X500-1.jpg\" alt=\"\"  srcset=\"https:\/\/enolife.com.ar\/es\/wp-content\/uploads\/2019\/07\/BANNER-AGROCONCIENCIA-1700X500-1.jpg 1700w, https:\/\/enolife.com.ar\/es\/wp-content\/uploads\/2019\/07\/BANNER-AGROCONCIENCIA-1700X500-1-300x88.jpg 300w, https:\/\/enolife.com.ar\/es\/wp-content\/uploads\/2019\/07\/BANNER-AGROCONCIENCIA-1700X500-1-1024x301.jpg 1024w, https:\/\/enolife.com.ar\/es\/wp-content\/uploads\/2019\/07\/BANNER-AGROCONCIENCIA-1700X500-1-768x226.jpg 768w, https:\/\/enolife.com.ar\/es\/wp-content\/uploads\/2019\/07\/BANNER-AGROCONCIENCIA-1700X500-1-1536x452.jpg 1536w, https:\/\/enolife.com.ar\/es\/wp-content\/uploads\/2019\/07\/BANNER-AGROCONCIENCIA-1700X500-1-1170x344.jpg 1170w, https:\/\/enolife.com.ar\/es\/wp-content\/uploads\/2019\/07\/BANNER-AGROCONCIENCIA-1700X500-1-585x172.jpg 585w\" sizes=\"auto, (max-width: 1700px) 100vw, 1700px\" width=\"1700\" height=\"500\"   \/><\/a>\n\n\n<div style=\"height:45px\" aria-hidden=\"true\" class=\"wp-block-spacer\"><\/div>\n\n\n\n<p>El <strong>\u00abEncuentro Interinstitucional para la ense\u00f1anza de nuevas tecnolog\u00edas en las Ciencias Agropecuarias\u00bb<\/strong> tiene como objetivo general establecer un encuentro entre docentes de las instituciones participantes.&nbsp;Constar\u00e1 de&nbsp;<strong>dos etapas<\/strong>, una&nbsp;<strong>dirigida a educadores de las facultades cient\u00edfico-tecnol\u00f3gicas<\/strong>&nbsp;y otra&nbsp;<strong>a quienes deseen participar en los proyectos institucionales referidos a la tem\u00e1tica<\/strong>.<\/p>\n\n\n\n<p>Est\u00e1 organizado en conjunto por la Universidad Nacional de Cuyo, la Universidad Nacional de C\u00f3rdoba, y la Universidad Nacional de La Pampa y se realizar\u00e1 en el <strong>Aula 1 de la Facultad de Ciencias Agrarias de la UNCuyo, en la calle Almte. Brown 52 de Luj\u00e1n de Cuyo, Mendoza.<\/strong><\/p>\n\n\n\n<div style=\"height:39px\" aria-hidden=\"true\" class=\"wp-block-spacer\"><\/div>\n\n\n\n<p class=\"has-background\" style=\"background-color:#abb7c24a\">La actividad es gratuita, con entrega de certificados y <strong>requiere inscripci\u00f3n<\/strong>, para lo cual se debe completar el formulario <strong>clikeando <a href=\"https:\/\/docs.google.com\/forms\/d\/e\/1FAIpQLSeRBbXDElMt1IGZLH2eK3PW09suGJx6O_gPXpEvZaeOtbyJ7w\/viewform\" title=\"\">AQU\u00cd<\/a><\/strong><a href=\"https:\/\/docs.google.com\/forms\/d\/e\/1FAIpQLSeRBbXDElMt1IGZLH2eK3PW09suGJx6O_gPXpEvZaeOtbyJ7w\/viewform\" title=\"\">  <\/a><\/p>\n\n\n\n<div style=\"height:35px\" aria-hidden=\"true\" class=\"wp-block-spacer\"><\/div>\n\n\n\n<p class=\"has-medium-font-size\"><strong>Objetivos espec\u00edficos<\/strong><\/p>\n\n\n\n<ul class=\"wp-block-list\">\n<li>Describir las actividades llevadas adelante por los equipos de trabajo de cada instituci\u00f3n.<\/li>\n\n\n\n<li>Distinguir puntos de en com\u00fan entre las modalidades de ense\u00f1anza vinculadas a cada realidad productiva &#8211; regional.<\/li>\n\n\n\n<li>Sugerir l\u00edneas de trabajo y desarrollo conjuntas con un enfoque integral en el eje productivo, social, econ\u00f3mico y ambiental.<\/li>\n\n\n\n<li>Designar representantes institucionales para la coordinaci\u00f3n y seguimiento de las actividades conjuntas.<\/li>\n\n\n\n<li>Ampliar las relaciones entre el \u00e1mbito p\u00fablico y privado con \u00e9nfasis en el acceso a nuevas tecnolog\u00edas y su relaci\u00f3n con la formaci\u00f3n acad\u00e9mica.<\/li>\n<\/ul>\n\n\n\n<div style=\"height:35px\" aria-hidden=\"true\" class=\"wp-block-spacer\"><\/div>\n\n\n\n<p class=\"has-medium-font-size\"><strong>Programa<\/strong><\/p>\n\n\n\n<p class=\"has-background\" style=\"background-color:#abb7c240\"><strong>Primera parte: Dirigido a docentes de las facultades cient\u00edfico-tecnol\u00f3gica<\/strong><\/p>\n\n\n\n<p><strong>8.30 hs &#8211; Apertura:<\/strong> Presentaci\u00f3n del taller&nbsp;<\/p>\n\n\n\n<p><strong>9.00 hs &#8211; Eje Academia y Formaci\u00f3n<\/strong><\/p>\n\n\n\n<p>Disertaci\u00f3n del ingeniero agr\u00f3nomo Alejandro Mario Moroni de la Universidad Nacional de C\u00f3rdoba: \u00ab<strong>Desaf\u00edos de ense\u00f1anza de nuevas tecnolog\u00edas en las Ciencias Agropecuarias<\/strong>\u00ab<\/p>\n\n\n\n<ul class=\"wp-block-list\">\n<li>Contexto. Recursos Formativos de la FCA UNC\u00f3rdoba.<\/li>\n\n\n\n<li>Las actuales competencias de los profesionales en las Ciencias Agropecuarias del Centro del Pa\u00eds.<\/li>\n\n\n\n<li>Pensamiento computacional como eje de resoluci\u00f3n de problemas. Ejemplos. M\u00e9todo de Casos.<\/li>\n\n\n\n<li>Herramientas inform\u00e1ticas disponibles. Ejemplos y aplicaciones.<\/li>\n<\/ul>\n\n\n\n<p><strong>10.30 hs &#8211; Break<\/strong><\/p>\n\n\n\n<p><strong>11.00 hs &#8211; <\/strong>Disertaci\u00f3n ingeniero agr\u00f3nomo Leandro Mastrantonio y equipo de la Universidad Nacional de Cuyo: <strong>\u00abModelo OS de la FCA-UNCuyo\u00bb<\/strong><\/p>\n\n\n\n<ul class=\"wp-block-list\">\n<li>Contexto. Recursos Formativos de la FCA UNCuyo<\/li>\n<\/ul>\n\n\n\n<p><strong>&nbsp;12.30 hs &#8211; Almuerzo en buffet a cargo de cada participante<\/strong><\/p>\n\n\n\n<div style=\"height:25px\" aria-hidden=\"true\" class=\"wp-block-spacer\"><\/div>\n\n\n\n<p class=\"has-background\" style=\"background-color:#abb7c230\"><strong>Segunda parte: D<\/strong><strong>irigido a quienes deseen participar en los proyectos institucionales referidos a la tem\u00e1tica<\/strong><\/p>\n\n\n\n<div style=\"height:28px\" aria-hidden=\"true\" class=\"wp-block-spacer\"><\/div>\n\n\n\n<p><strong>14.00 hs &#8211; <\/strong><strong>Eje investigaci\u00f3n, innovaci\u00f3n y desarrollo<\/strong><\/p>\n\n\n\n<ul class=\"wp-block-list\">\n<li>Exposici\u00f3n del Ing. Agr. Alejandro Mario Moroni- UNC\u00f3rdoba&nbsp;<\/li>\n\n\n\n<li>Desaf\u00edo docente en la innovaci\u00f3n y desarrollo. Marco institucional. Recursos.<\/li>\n\n\n\n<li>Desarrollos tecnol\u00f3gicos. VANT, Sensorizaci\u00f3n y Software.&nbsp;<\/li>\n\n\n\n<li>Disertaci\u00f3n Ing. Agr. Leandro Mastrantonio y Equipo&nbsp;<\/li>\n\n\n\n<li>Generaci\u00f3n de tecnolog\u00eda a bajo costo.<\/li>\n\n\n\n<li>Arduino. Sensores.&nbsp; Agrtech<\/li>\n<\/ul>\n\n\n\n<ul class=\"wp-block-list\">\n<li>Foro de discusi\u00f3n y lluvia de ideas: Espacio de creatividad y puesta en com\u00fan.&nbsp;<\/li>\n\n\n\n<li>Desaf\u00edos actuales y a corto plazo. Objetivos deseables y alcanzables. Presentaci\u00f3n de propuestas.&nbsp;<\/li>\n\n\n\n<li>Planificaci\u00f3n de actividades de investigaci\u00f3n, desarrollo, grado y posgrado durante el a\u00f1o&nbsp; 2023.<\/li>\n<\/ul>\n\n\n\n<p><strong>18.00 hs &#8211; Cierre de actividades<\/strong><\/p>\n\n\n\n<div style=\"height:25px\" aria-hidden=\"true\" class=\"wp-block-spacer\"><\/div>\n\n\n\n<p>Se sugiere a los asistentes que prevean concurrir con termos, agua, mate y\/o insumos para consumir durante el d\u00eda, ya que el evento se desarrollar\u00e1 durante toda la jornada. <br><br><\/p>\n","protected":false},"excerpt":{"rendered":"<p>Las Universidad Nacionales de estas tres provincias argentinas invitan el&nbsp;\u00abEncuentro Interinstitucional para la ense\u00f1anza de&hellip;<\/p>\n","protected":false},"author":3,"featured_media":87867,"comment_status":"open","ping_status":"open","sticky":false,"template":"","format":"standard","meta":{"footnotes":""},"categories":[47],"tags":[],"class_list":["post-87826","post","type-post","status-publish","format-standard","has-post-thumbnail","hentry","category-agenda"],"_links":{"self":[{"href":"https:\/\/enolife.com.ar\/es\/wp-json\/wp\/v2\/posts\/87826","targetHints":{"allow":["GET"]}}],"collection":[{"href":"https:\/\/enolife.com.ar\/es\/wp-json\/wp\/v2\/posts"}],"about":[{"href":"https:\/\/enolife.com.ar\/es\/wp-json\/wp\/v2\/types\/post"}],"author":[{"embeddable":true,"href":"https:\/\/enolife.com.ar\/es\/wp-json\/wp\/v2\/users\/3"}],"replies":[{"embeddable":true,"href":"https:\/\/enolife.com.ar\/es\/wp-json\/wp\/v2\/comments?post=87826"}],"version-history":[{"count":0,"href":"https:\/\/enolife.com.ar\/es\/wp-json\/wp\/v2\/posts\/87826\/revisions"}],"wp:featuredmedia":[{"embeddable":true,"href":"https:\/\/enolife.com.ar\/es\/wp-json\/wp\/v2\/media\/87867"}],"wp:attachment":[{"href":"https:\/\/enolife.com.ar\/es\/wp-json\/wp\/v2\/media?parent=87826"}],"wp:term":[{"taxonomy":"category","embeddable":true,"href":"https:\/\/enolife.com.ar\/es\/wp-json\/wp\/v2\/categories?post=87826"},{"taxonomy":"post_tag","embeddable":true,"href":"https:\/\/enolife.com.ar\/es\/wp-json\/wp\/v2\/tags?post=87826"}],"curies":[{"name":"wp","href":"https:\/\/api.w.org\/{rel}","templated":true}]}}