{"id":8777,"date":"2020-03-03T15:12:14","date_gmt":"2020-03-03T15:12:14","guid":{"rendered":"http:\/\/enolife.com.ar\/es\/?p=8777"},"modified":"2020-03-06T02:15:40","modified_gmt":"2020-03-06T02:15:40","slug":"los-talleres-gratuitos-de-atencion-turistica-ya-tienen-sus-primeros-180-egresados","status":"publish","type":"post","link":"https:\/\/enolife.com.ar\/es\/los-talleres-gratuitos-de-atencion-turistica-ya-tienen-sus-primeros-180-egresados\/","title":{"rendered":"Los talleres gratuitos de atenci\u00f3n tur\u00edstica ya tienen sus primeros 180 egresados"},"content":{"rendered":"\n<h4 class=\"wp-block-heading\"><em><strong>A principios de febrero de este a\u00f1o, el Ministerio de Turismo y Cultura de Mendoza, junto a los municipios de Ciudad, Godoy Cruz y Luj\u00e1n, firmaron un convenio con la Uni\u00f3n de Trabajadores del Turismo, Hoteleros y Gastron\u00f3micos de la Rep\u00fablica Argentina (Uthgra), para dictar capacitaciones sin costo a desempleados. Las tem\u00e1ticas espec\u00edficas son: concientizaci\u00f3n tur\u00edstica, atenci\u00f3n al cliente y bartender. Hoy, 180 personas ya tienen su diploma y pueden postularse para trabajar en la gastronom\u00eda, el enoturismo y el turismo en general. Los cursos continuar\u00e1n por 10 meses.<\/strong><\/em><\/h4>\n\n\n\n<div style=\"height:20px\" aria-hidden=\"true\" class=\"wp-block-spacer\"><\/div>\n\n\n\n<p>El Ministerio de Econom\u00eda y Energ\u00eda  de Mendoza y la Uni\u00f3n de Trabajadores del Turismo, Hoteleros y Gastron\u00f3micos de la Rep\u00fablica Argentina (Uthgra) brindaron talleres de verano gratuitos y abiertos a todo p\u00fablico durante febrero y lo seguir\u00e1n haciendo en marzo.<\/p>\n\n\n\n<p>\u201cSon 360 vacantes, de las cuales la mitad ya curs\u00f3 y recibir\u00e1n sus diplomas  en la sede de UTHGRA, Mitre 741 de la capital mendocina. El objetivo es brindar herramientas de empleabilidad para personas que quieran&nbsp; mejorar su perfil laboral de cara a la temporada tur\u00edstica que tiene su pico durante las festividades vendimiales\u201d, explic\u00f3 Emilce Vega Espinoza, directora territorial de Empleo y Capacitaci\u00f3n.<\/p>\n\n\n\n<div style=\"height:20px\" aria-hidden=\"true\" class=\"wp-block-spacer\"><\/div>\n\n\n\n<p class=\"has-background has-very-light-gray-background-color\"><strong>Enolife public\u00f3 el 6 de febrero el anuncio de las capacitaciones en la siguiente nota:  <a href=\"https:\/\/enolife.com.ar\/es\/capacitaran-a-desempleados-para-trabajar-en-turismo-y-gastronomia\/\">https:\/\/enolife.com.ar\/es\/capacitaran-a-desempleados-para-trabajar-en-turismo-y-gastronomia\/<\/a> <\/strong><\/p>\n\n\n\n<div style=\"height:20px\" aria-hidden=\"true\" class=\"wp-block-spacer\"><\/div>\n\n\n\n<p>El convenio firmado entre el Ministerio de Econom\u00eda y la Uthgra tiene una duraci\u00f3n de 10 meses y establece el compromiso de mutua colaboraci\u00f3n mediante el dictado de horas c\u00e1tedras.<\/p>\n\n\n\n<div style=\"height:22px\" aria-hidden=\"true\" class=\"wp-block-spacer\"><\/div>\n\n\n\n<p class=\"has-background has-light-green-cyan-background-color\"><strong>D\u00f3nde inscribirse<\/strong><br><br>Para m\u00e1s informaci\u00f3n e inscripciones, los interesados pueden dirigirse en Godoy Cruz a la Casa del Futuro, Sarmiento 2291; en Ciudad, a la oficina de empleo ubicada en la intersecci\u00f3n de Per\u00fa y Las Heras, y en Luj\u00e1n de Cuyo, a la oficina de empleo de ese departamento, Boedo 505, Carrodilla. <\/p>\n\n\n\n<div style=\"height:24px\" aria-hidden=\"true\" class=\"wp-block-spacer\"><\/div>\n\n\n\n<p>\u201cTanto en Uthgra como en la Direcci\u00f3n de Empleo tenemos profesionales altamente capacitados que brindar\u00e1n talleres profesionales a modo de intercambio. Es decir, a trav\u00e9s del Instituto para la Igualdad de Oportunidades (Iplido) y del Centro de Formaci\u00f3n Profesional (Cefpum) de la Uthgra, se dictan los talleres de&nbsp;<em>bartender<\/em>, de atenci\u00f3n al cliente y de concientizaci\u00f3n tur\u00edstica y, posteriormente, profesionales del ministerio capacitar\u00e1n sobre herramientas de empleabilidad\u201d, cont\u00f3 Vega Espinoza<\/p>\n\n\n\n<p>Y finaliz\u00f3: \u201cEn marzo, as\u00ed como fue durante febrero, los talleres se dictan en los municipios de Luj\u00e1n de Cuyo, Capital y Godoy Cruz, porque son los que mayor impacto tienen en el desarrollo de actividades centrales de la Vendimia. La intenci\u00f3n es extender la oferta al resto de los municipios de la provincia\u201d.<\/p>\n\n\n\n<div style=\"height:25px\" aria-hidden=\"true\" class=\"wp-block-spacer\"><\/div>\n\n\n\n<p class=\"has-small-font-size\"><em><strong>Fuente: Gobierno de Mendoza<\/strong><\/em><\/p>\n","protected":false},"excerpt":{"rendered":"<p>A principios de febrero de este a\u00f1o, el Ministerio de Turismo y Cultura de Mendoza,&hellip;<\/p>\n","protected":false},"author":3,"featured_media":8781,"comment_status":"open","ping_status":"open","sticky":false,"template":"","format":"standard","meta":{"footnotes":""},"categories":[11],"tags":[],"class_list":["post-8777","post","type-post","status-publish","format-standard","has-post-thumbnail","hentry","category-enoturismo"],"_links":{"self":[{"href":"https:\/\/enolife.com.ar\/es\/wp-json\/wp\/v2\/posts\/8777","targetHints":{"allow":["GET"]}}],"collection":[{"href":"https:\/\/enolife.com.ar\/es\/wp-json\/wp\/v2\/posts"}],"about":[{"href":"https:\/\/enolife.com.ar\/es\/wp-json\/wp\/v2\/types\/post"}],"author":[{"embeddable":true,"href":"https:\/\/enolife.com.ar\/es\/wp-json\/wp\/v2\/users\/3"}],"replies":[{"embeddable":true,"href":"https:\/\/enolife.com.ar\/es\/wp-json\/wp\/v2\/comments?post=8777"}],"version-history":[{"count":0,"href":"https:\/\/enolife.com.ar\/es\/wp-json\/wp\/v2\/posts\/8777\/revisions"}],"wp:featuredmedia":[{"embeddable":true,"href":"https:\/\/enolife.com.ar\/es\/wp-json\/wp\/v2\/media\/8781"}],"wp:attachment":[{"href":"https:\/\/enolife.com.ar\/es\/wp-json\/wp\/v2\/media?parent=8777"}],"wp:term":[{"taxonomy":"category","embeddable":true,"href":"https:\/\/enolife.com.ar\/es\/wp-json\/wp\/v2\/categories?post=8777"},{"taxonomy":"post_tag","embeddable":true,"href":"https:\/\/enolife.com.ar\/es\/wp-json\/wp\/v2\/tags?post=8777"}],"curies":[{"name":"wp","href":"https:\/\/api.w.org\/{rel}","templated":true}]}}