{"id":87636,"date":"2023-03-10T20:23:27","date_gmt":"2023-03-10T20:23:27","guid":{"rendered":"https:\/\/enolife.com.ar\/es\/?p=87636"},"modified":"2023-03-11T02:30:15","modified_gmt":"2023-03-11T02:30:15","slug":"se-abrio-la-convocatoria-de-artistas-para-el-festival-musica-clasica-por-los-caminos-del-vino","status":"publish","type":"post","link":"https:\/\/enolife.com.ar\/es\/se-abrio-la-convocatoria-de-artistas-para-el-festival-musica-clasica-por-los-caminos-del-vino\/","title":{"rendered":"Se abri\u00f3 la convocatoria de artistas para el Festival M\u00fasica Cl\u00e1sica por los Caminos del Vino"},"content":{"rendered":"\n<h4 class=\"wp-block-heading\"><em><strong>El Ministerio de Cultura y Turismo de la Provincia, a trav\u00e9s de la Direcci\u00f3n de Gesti\u00f3n Art\u00edstica, llama a presentaci\u00f3n de propuestas para la selecci\u00f3n de n\u00fameros art\u00edsticos que formar\u00e1n parte del programa de la Edici\u00f3n XXII del Festival M\u00fasica Cl\u00e1sica por los Caminos del Vino. Las bases y condiciones pueden consultarse en&nbsp;www.mendoza.gov.ar\/cultura y hay tiempo para la inscripci\u00f3n hasta el 15\/3.<\/strong><\/em><\/h4>\n\n\n\n<div style=\"height:31px\" aria-hidden=\"true\" class=\"wp-block-spacer\"><\/div>\n\n\n<a href=\"https:\/\/www.instagram.com\/vinventions.sudamerica\/\" aria-label=\"Banner_Subr_1700x500\"><img loading=\"lazy\" decoding=\"async\" src=\"https:\/\/enolife.com.ar\/es\/wp-content\/uploads\/2019\/07\/Banner_Subr_1700x500.gif\" alt=\"\"  width=\"1700\" height=\"501\"   \/><\/a>\n\n\n<div style=\"height:43px\" aria-hidden=\"true\" class=\"wp-block-spacer\"><\/div>\n\n\n\n<p>Del domingo 2 al domingo 9 de abril de 2023 se llevar\u00e1 a cabo en diferentes locaciones de la provincia de mendoza el festival M\u00fasica Cl\u00e1sica por los Caminos del Vino. Los artistas interesados en participar ya pueden presentar sus propuestas y tienen tiempo hasta el 15 de marzo a las 23.59 hs. Los postulantes deber\u00e1n ser cantantes y\/o m\u00fasicos solistas y\/o ensambles instrumentales de hasta 6 integrantes y las propuestas musicales deber\u00e1n ser de estilo barroco, cl\u00e1sico, rom\u00e1ntico y contempor\u00e1neo.<\/p>\n\n\n\n<p>Los conciertos seleccionados podr\u00e1n desarrollarse al aire libre como parques, reservas naturales, jardines y vi\u00f1as; espacios cerrados tradicionales, como teatros, iglesias y museos, o en espacios cerrados no tradicionales, como bodegas y cavas.<\/p>\n\n\n\n<p>Las propuestas presentadas deber\u00e1n ajustarse a las cl\u00e1usulas y condiciones establecidas en las <strong>bases reglamentarias que pueden descargarse junto con el formulario de inscripci\u00f3n <\/strong>del sitio del Ministerio de Cultura y Turismo,<strong>&nbsp;<a href=\"http:\/\/www.mendoza.gov.ar\/cultura\">www.mendoza.gov.ar\/cultura<\/a>,<\/strong> donde luego ser\u00e1n publicados los resultados.<\/p>\n\n\n\n<p>El jurado, a cargo de la selecci\u00f3n de artistas, estar\u00e1 integrado por cuatro miembros, Elena Dabul, Alejandra Garc\u00eda Trabucco, Julio Lonigro y Leonardo Pitella, m\u00fasico de reconocida trayectoria en el g\u00e9nero de la m\u00fasica cl\u00e1sica.<\/p>\n\n\n\n<p><strong>Las consultas pueden efectuarse, antes del plazo de entrega de propuestas, a la direcci\u00f3n de correo electr\u00f3nico del festival:&nbsp;<a href=\"mailto:estrategiasculturalesmza@gmail.com\">estrategiasculturalesmza@gmail.com<\/a>.<\/strong><\/p>\n\n\n\n<div style=\"height:40px\" aria-hidden=\"true\" class=\"wp-block-spacer\"><\/div>\n\n\n\n<p><\/p>\n","protected":false},"excerpt":{"rendered":"<p>El Ministerio de Cultura y Turismo de la Provincia, a trav\u00e9s de la Direcci\u00f3n de&hellip;<\/p>\n","protected":false},"author":3,"featured_media":87644,"comment_status":"open","ping_status":"open","sticky":false,"template":"","format":"standard","meta":{"footnotes":""},"categories":[14],"tags":[],"class_list":["post-87636","post","type-post","status-publish","format-standard","has-post-thumbnail","hentry","category-news"],"_links":{"self":[{"href":"https:\/\/enolife.com.ar\/es\/wp-json\/wp\/v2\/posts\/87636","targetHints":{"allow":["GET"]}}],"collection":[{"href":"https:\/\/enolife.com.ar\/es\/wp-json\/wp\/v2\/posts"}],"about":[{"href":"https:\/\/enolife.com.ar\/es\/wp-json\/wp\/v2\/types\/post"}],"author":[{"embeddable":true,"href":"https:\/\/enolife.com.ar\/es\/wp-json\/wp\/v2\/users\/3"}],"replies":[{"embeddable":true,"href":"https:\/\/enolife.com.ar\/es\/wp-json\/wp\/v2\/comments?post=87636"}],"version-history":[{"count":0,"href":"https:\/\/enolife.com.ar\/es\/wp-json\/wp\/v2\/posts\/87636\/revisions"}],"wp:featuredmedia":[{"embeddable":true,"href":"https:\/\/enolife.com.ar\/es\/wp-json\/wp\/v2\/media\/87644"}],"wp:attachment":[{"href":"https:\/\/enolife.com.ar\/es\/wp-json\/wp\/v2\/media?parent=87636"}],"wp:term":[{"taxonomy":"category","embeddable":true,"href":"https:\/\/enolife.com.ar\/es\/wp-json\/wp\/v2\/categories?post=87636"},{"taxonomy":"post_tag","embeddable":true,"href":"https:\/\/enolife.com.ar\/es\/wp-json\/wp\/v2\/tags?post=87636"}],"curies":[{"name":"wp","href":"https:\/\/api.w.org\/{rel}","templated":true}]}}