{"id":87623,"date":"2023-03-08T23:01:53","date_gmt":"2023-03-08T23:01:53","guid":{"rendered":"https:\/\/enolife.com.ar\/es\/?p=87623"},"modified":"2023-03-10T20:24:07","modified_gmt":"2023-03-10T20:24:07","slug":"al-5-3-se-cosecharon-en-argentina-581-855-523-kilos-de-uva-y-se-elaboraron-186-752-570-litros-de-vino","status":"publish","type":"post","link":"https:\/\/enolife.com.ar\/es\/al-5-3-se-cosecharon-en-argentina-581-855-523-kilos-de-uva-y-se-elaboraron-186-752-570-litros-de-vino\/","title":{"rendered":"Al 5\/3 se cosecharon en Argentina 581.855.523 kilos de uva y se elaboraron 186.752.570 litros de vino"},"content":{"rendered":"\n<h4 class=\"wp-block-heading\"><em><strong>Seg\u00fan el informe publicado por el Instituto Nacional de Vitivinicultura, al 5\/3, en 14 semanas que se llevan de vendimia en Argentina, se recolectaron 581.855.523 kgs de uva, con las cuales se elaboraron 186.752.570 litros de vino y 40.492.460 de mosto. Esto significa un -0,7% de kg de uva respecto a la misma semana de 2022<\/strong><\/em>.<\/h4>\n\n\n\n<hr class=\"wp-block-separator has-alpha-channel-opacity\"\/>\n\n\n\n<h4 class=\"wp-block-heading\"><em><strong>Autor foto principal: Bel\u00e9n Ocampo, del concurso Tiempo de Cosecha 2021 de Enolife y la Asociaci\u00f3n de Vi\u00f1ateros de Mendoza. <\/strong><\/em><\/h4>\n\n\n\n<div style=\"height:41px\" aria-hidden=\"true\" class=\"wp-block-spacer\"><\/div>\n\n\n\n\n\n<div style=\"height:45px\" aria-hidden=\"true\" class=\"wp-block-spacer\"><\/div>\n\n\n\n<p>Al 5 de marzo, en toda Argentina se cosecharon 581.855.523 kg de uva, seg\u00fan inform\u00f3 el Instituto Nacional de Vitivinicultura (INV). En el total, con respecto a 2022, se observa una merma del -0,7%, en muchas provincias las diferencias son mucho mayores. Sin embargo, en Mendoza, comparativamente con la temporada pasada, a\u00fan no se notan sensibles disminuciones. Incluso, en esta provincia se llevan cosechados hasta hoy 363.955.683 kg, es decir, 28.365.342 kg m\u00e1s que en la misma semana de 2022. Esto se debe, seg\u00fan explican algunos productores, a que la cosecha se adelant\u00f3 y que las p\u00e9rdidas producidas por las contingencias clim\u00e1ticas se van a empezar a notar en las pr\u00f3ximas semanas.<\/p>\n\n\n\n<p>A continuaci\u00f3n replicamos los cuadros estad\u00edsticos elaborados por el INV con los n\u00fameros de la cosecha de uva al 5\/3\/23. <\/p>\n\n\n\n<div style=\"height:40px\" aria-hidden=\"true\" class=\"wp-block-spacer\"><\/div>\n\n\n\n<p class=\"has-background\" style=\"background-color:#fcb90066\"><strong>Para comparar la semana 14 de 2023 con la de 2022, pod\u00e9s ver la publicaci\u00f3n de Enolife del a\u00f1o pasado: <a href=\"https:\/\/enolife.com.ar\/es\/al-6-3-22-se-cosecharon-5862-millones-de-kg-de-uva-un-156-menos-que-a-la-misma-fecha-de-2021\/\" title=\"\">AQU\u00cd<\/a><\/strong><\/p>\n\n\n\n<div style=\"height:39px\" aria-hidden=\"true\" class=\"wp-block-spacer\"><\/div>\n\n\n\n<p class=\"has-text-align-center has-medium-font-size\"><strong>Informe proceso de elaboraci\u00f3n 2023<\/strong><\/p>\n\n\n\n<p class=\"has-text-align-center has-background\" style=\"background-color:#abb7c24a\"><strong>Totales acumulados a la semana 14 de cosecha comprendida, hasta el 5\/3\/2023<\/strong><\/p>\n\n\n<div class=\"wp-block-image\">\n<figure class=\"aligncenter size-full\"><a href=\"https:\/\/enolife.com.ar\/es\/wp-content\/uploads\/2023\/03\/Imagen1-8.jpg\" data-rel=\"penci-gallery-image-content\" ><img loading=\"lazy\" decoding=\"async\" width=\"1005\" height=\"685\" src=\"https:\/\/enolife.com.ar\/es\/wp-content\/uploads\/2023\/03\/Imagen1-8.jpg\" alt=\"\" class=\"wp-image-87627\" srcset=\"https:\/\/enolife.com.ar\/es\/wp-content\/uploads\/2023\/03\/Imagen1-8.jpg 1005w, https:\/\/enolife.com.ar\/es\/wp-content\/uploads\/2023\/03\/Imagen1-8-300x204.jpg 300w, https:\/\/enolife.com.ar\/es\/wp-content\/uploads\/2023\/03\/Imagen1-8-768x523.jpg 768w, https:\/\/enolife.com.ar\/es\/wp-content\/uploads\/2023\/03\/Imagen1-8-585x399.jpg 585w\" sizes=\"auto, (max-width: 1005px) 100vw, 1005px\" \/><\/a><\/figure><\/div>\n\n\n<div style=\"height:25px\" aria-hidden=\"true\" class=\"wp-block-spacer\"><\/div>\n\n\n<div class=\"wp-block-image\">\n<figure class=\"aligncenter size-full\"><a href=\"https:\/\/enolife.com.ar\/es\/wp-content\/uploads\/2023\/03\/Imagen2-4.jpg\" data-rel=\"penci-gallery-image-content\" ><img loading=\"lazy\" decoding=\"async\" width=\"1005\" height=\"193\" src=\"https:\/\/enolife.com.ar\/es\/wp-content\/uploads\/2023\/03\/Imagen2-4.jpg\" alt=\"\" class=\"wp-image-87628\" srcset=\"https:\/\/enolife.com.ar\/es\/wp-content\/uploads\/2023\/03\/Imagen2-4.jpg 1005w, https:\/\/enolife.com.ar\/es\/wp-content\/uploads\/2023\/03\/Imagen2-4-300x58.jpg 300w, https:\/\/enolife.com.ar\/es\/wp-content\/uploads\/2023\/03\/Imagen2-4-768x147.jpg 768w, https:\/\/enolife.com.ar\/es\/wp-content\/uploads\/2023\/03\/Imagen2-4-585x112.jpg 585w\" sizes=\"auto, (max-width: 1005px) 100vw, 1005px\" \/><\/a><\/figure><\/div>\n\n\n<div style=\"height:35px\" aria-hidden=\"true\" class=\"wp-block-spacer\"><\/div>\n\n\n\n<p class=\"has-text-align-center has-medium-font-size\"><strong>Comparativo kilogramos de uva 2013\/2023<\/strong><\/p>\n\n\n\n<p class=\"has-text-align-center has-background\" style=\"background-color:#abb7c24a\"><strong>Acumulado al 5\/3 de cada a\u00f1o<\/strong><\/p>\n\n\n<div class=\"wp-block-image\">\n<figure class=\"aligncenter size-large is-resized\"><a href=\"https:\/\/enolife.com.ar\/es\/wp-content\/uploads\/2023\/03\/Imagen3-4.jpg\" data-rel=\"penci-gallery-image-content\" ><img loading=\"lazy\" decoding=\"async\" src=\"https:\/\/enolife.com.ar\/es\/wp-content\/uploads\/2023\/03\/Imagen3-4-1024x550.jpg\" alt=\"\" class=\"wp-image-87629\" width=\"1136\" height=\"610\" srcset=\"https:\/\/enolife.com.ar\/es\/wp-content\/uploads\/2023\/03\/Imagen3-4-1024x550.jpg 1024w, https:\/\/enolife.com.ar\/es\/wp-content\/uploads\/2023\/03\/Imagen3-4-300x161.jpg 300w, https:\/\/enolife.com.ar\/es\/wp-content\/uploads\/2023\/03\/Imagen3-4-768x413.jpg 768w, https:\/\/enolife.com.ar\/es\/wp-content\/uploads\/2023\/03\/Imagen3-4-1170x629.jpg 1170w, https:\/\/enolife.com.ar\/es\/wp-content\/uploads\/2023\/03\/Imagen3-4-585x314.jpg 585w, https:\/\/enolife.com.ar\/es\/wp-content\/uploads\/2023\/03\/Imagen3-4.jpg 1280w\" sizes=\"auto, (max-width: 1136px) 100vw, 1136px\" \/><\/a><\/figure><\/div>\n\n\n<div style=\"height:45px\" aria-hidden=\"true\" class=\"wp-block-spacer\"><\/div>\n","protected":false},"excerpt":{"rendered":"<p>Seg\u00fan el informe publicado por el Instituto Nacional de Vitivinicultura, al 5\/3, en 14 semanas&hellip;<\/p>\n","protected":false},"author":3,"featured_media":87632,"comment_status":"open","ping_status":"open","sticky":false,"template":"","format":"standard","meta":{"footnotes":""},"categories":[14],"tags":[],"class_list":["post-87623","post","type-post","status-publish","format-standard","has-post-thumbnail","hentry","category-news"],"_links":{"self":[{"href":"https:\/\/enolife.com.ar\/es\/wp-json\/wp\/v2\/posts\/87623","targetHints":{"allow":["GET"]}}],"collection":[{"href":"https:\/\/enolife.com.ar\/es\/wp-json\/wp\/v2\/posts"}],"about":[{"href":"https:\/\/enolife.com.ar\/es\/wp-json\/wp\/v2\/types\/post"}],"author":[{"embeddable":true,"href":"https:\/\/enolife.com.ar\/es\/wp-json\/wp\/v2\/users\/3"}],"replies":[{"embeddable":true,"href":"https:\/\/enolife.com.ar\/es\/wp-json\/wp\/v2\/comments?post=87623"}],"version-history":[{"count":0,"href":"https:\/\/enolife.com.ar\/es\/wp-json\/wp\/v2\/posts\/87623\/revisions"}],"wp:featuredmedia":[{"embeddable":true,"href":"https:\/\/enolife.com.ar\/es\/wp-json\/wp\/v2\/media\/87632"}],"wp:attachment":[{"href":"https:\/\/enolife.com.ar\/es\/wp-json\/wp\/v2\/media?parent=87623"}],"wp:term":[{"taxonomy":"category","embeddable":true,"href":"https:\/\/enolife.com.ar\/es\/wp-json\/wp\/v2\/categories?post=87623"},{"taxonomy":"post_tag","embeddable":true,"href":"https:\/\/enolife.com.ar\/es\/wp-json\/wp\/v2\/tags?post=87623"}],"curies":[{"name":"wp","href":"https:\/\/api.w.org\/{rel}","templated":true}]}}