{"id":87392,"date":"2023-03-07T14:27:04","date_gmt":"2023-03-07T14:27:04","guid":{"rendered":"https:\/\/enolife.com.ar\/es\/?p=87392"},"modified":"2023-03-08T22:59:38","modified_gmt":"2023-03-08T22:59:38","slug":"en-el-almuerzo-de-inta-y-coviar-con-500-productores-se-entregaron-363-000-000-en-anr","status":"publish","type":"post","link":"https:\/\/enolife.com.ar\/es\/en-el-almuerzo-de-inta-y-coviar-con-500-productores-se-entregaron-363-000-000-en-anr\/","title":{"rendered":"En el almuerzo de INTA y Coviar con 500 productores se entregaron $363.000.000 en ANR"},"content":{"rendered":"\n<h4 class=\"wp-block-heading\"><em><strong>Organizado por la Corporaci\u00f3n Vitivin\u00edcola Argentina (Coviar) en conjunto con el Instituto Nacional de Tecnolog\u00eda Agropecuaria (INTA), el s\u00e1bado 4\/3, se llev\u00f3 a cabo en Luj\u00e1n una nueva edici\u00f3n del Almuerzo de los Productores, una actividad oficial dentro del calendario de celebraciones de la Fiesta Nacional de la Vendimia. Este a\u00f1o asistieron 900 personas, de las cuales 500 eran productores de uva vinculados a los 14 Centros de Desarrollo Vit\u00edcola. Durante el almuerzo se entregaron Aportes No Reembolsables (ANR) del gobierno nacional por $363 millones para el sostenimiento y desarrollo de los productores m\u00e1s chicos de la vitivinicultura argentina y se realiz\u00f3 una feria con 15 stands de proveedores de maquinaria y servicios para la producci\u00f3n vitivin\u00edcola.<\/strong><\/em><\/h4>\n\n\n\n<div style=\"height:43px\" aria-hidden=\"true\" class=\"wp-block-spacer\"><\/div>\n\n\n\n\n\n<div style=\"height:46px\" aria-hidden=\"true\" class=\"wp-block-spacer\"><\/div>\n\n\n\n<p>La <strong>Corporaci\u00f3n Vitivin\u00edcola Argentina (Coviar)<\/strong> realiz\u00f3, como todos los a\u00f1os para esta \u00e9poca y dentro del calendario vendimial, el <strong>Almuerzo de Productores<\/strong>, que este a\u00f1o convoc\u00f3 a <strong>900 personas<\/strong>, de las cuales 500 era productores de uva vinculados a los 14 Centros de Desarrollo Vit\u00edcola que hoy est\u00e1n en funcionamiento en m\u00e1s de 10 provincias argentinas, en un trabajo articulado con el <strong>Instituto Nacional de Tecnolog\u00eda Agropecuaria (INTA)<\/strong> de asistencia t\u00e9cnica, asesoramiento y transferencia de tecnolog\u00eda. <\/p>\n\n\n\n<div style=\"height:25px\" aria-hidden=\"true\" class=\"wp-block-spacer\"><\/div>\n\n\n<div class=\"wp-block-image\">\n<figure class=\"aligncenter size-full\"><a href=\"https:\/\/enolife.com.ar\/es\/wp-content\/uploads\/2023\/03\/IMG_0479.jpg\" data-rel=\"penci-gallery-image-content\" ><img loading=\"lazy\" decoding=\"async\" width=\"600\" height=\"400\" src=\"https:\/\/enolife.com.ar\/es\/wp-content\/uploads\/2023\/03\/IMG_0479.jpg\" alt=\"\" class=\"wp-image-87406\" srcset=\"https:\/\/enolife.com.ar\/es\/wp-content\/uploads\/2023\/03\/IMG_0479.jpg 600w, https:\/\/enolife.com.ar\/es\/wp-content\/uploads\/2023\/03\/IMG_0479-300x200.jpg 300w, https:\/\/enolife.com.ar\/es\/wp-content\/uploads\/2023\/03\/IMG_0479-585x390.jpg 585w\" sizes=\"auto, (max-width: 600px) 100vw, 600px\" \/><\/a><figcaption class=\"wp-element-caption\"><em><strong>Muchos brindis entre los productores en el almuerzo en el INTA EEA Luj\u00e1n de Cuyo<\/strong><\/em>.<\/figcaption><\/figure><\/div>\n\n<div class=\"wp-block-image\">\n<figure class=\"aligncenter size-full\"><a href=\"https:\/\/enolife.com.ar\/es\/wp-content\/uploads\/2023\/03\/IMG_0487.jpg\" data-rel=\"penci-gallery-image-content\" ><img loading=\"lazy\" decoding=\"async\" width=\"600\" height=\"400\" src=\"https:\/\/enolife.com.ar\/es\/wp-content\/uploads\/2023\/03\/IMG_0487.jpg\" alt=\"\" class=\"wp-image-87407\" srcset=\"https:\/\/enolife.com.ar\/es\/wp-content\/uploads\/2023\/03\/IMG_0487.jpg 600w, https:\/\/enolife.com.ar\/es\/wp-content\/uploads\/2023\/03\/IMG_0487-300x200.jpg 300w, https:\/\/enolife.com.ar\/es\/wp-content\/uploads\/2023\/03\/IMG_0487-585x390.jpg 585w\" sizes=\"auto, (max-width: 600px) 100vw, 600px\" \/><\/a><figcaption class=\"wp-element-caption\"><em><strong>Siempre el vino como protagonista<\/strong><\/em>.<\/figcaption><\/figure><\/div>\n\n\n<div style=\"height:25px\" aria-hidden=\"true\" class=\"wp-block-spacer\"><\/div>\n\n\n\n<p>Durante el almuerzo se entregaron fondos en car\u00e1cter de <strong>Aportes No Reembolsables (ANR)<\/strong>, provenientes del gobierno de la Naci\u00f3n, por <strong>$363.000.000<\/strong>, que se destinar\u00e1n, seg\u00fan explicaron los dirigentes de Coviar e INTA all\u00ed presentes,<em> \u00abpara el sostenimiento y desarrollo de los productores m\u00e1s chicos de la vitivinicultura argentina\u00bb.<\/em><\/p>\n\n\n\n<div style=\"height:25px\" aria-hidden=\"true\" class=\"wp-block-spacer\"><\/div>\n\n\n<div class=\"wp-block-image\">\n<figure class=\"aligncenter size-full\"><a href=\"https:\/\/enolife.com.ar\/es\/wp-content\/uploads\/2023\/03\/IMG_0509-1.jpg\" data-rel=\"penci-gallery-image-content\" ><img loading=\"lazy\" decoding=\"async\" width=\"609\" height=\"370\" src=\"https:\/\/enolife.com.ar\/es\/wp-content\/uploads\/2023\/03\/IMG_0509-1.jpg\" alt=\"\" class=\"wp-image-87417\" srcset=\"https:\/\/enolife.com.ar\/es\/wp-content\/uploads\/2023\/03\/IMG_0509-1.jpg 609w, https:\/\/enolife.com.ar\/es\/wp-content\/uploads\/2023\/03\/IMG_0509-1-300x182.jpg 300w, https:\/\/enolife.com.ar\/es\/wp-content\/uploads\/2023\/03\/IMG_0509-1-585x355.jpg 585w\" sizes=\"auto, (max-width: 609px) 100vw, 609px\" \/><\/a><figcaption class=\"wp-element-caption\"><em><strong>Danzas y m\u00fasica folcl\u00f3rica acompa\u00f1aron una jornada soleada<\/strong><\/em>.<\/figcaption><\/figure><\/div>\n\n<div class=\"wp-block-image\">\n<figure class=\"aligncenter size-full\"><a href=\"https:\/\/enolife.com.ar\/es\/wp-content\/uploads\/2023\/03\/IMG_0730.jpg\" data-rel=\"penci-gallery-image-content\" ><img loading=\"lazy\" decoding=\"async\" width=\"600\" height=\"400\" src=\"https:\/\/enolife.com.ar\/es\/wp-content\/uploads\/2023\/03\/IMG_0730.jpg\" alt=\"\" class=\"wp-image-87424\" srcset=\"https:\/\/enolife.com.ar\/es\/wp-content\/uploads\/2023\/03\/IMG_0730.jpg 600w, https:\/\/enolife.com.ar\/es\/wp-content\/uploads\/2023\/03\/IMG_0730-300x200.jpg 300w, https:\/\/enolife.com.ar\/es\/wp-content\/uploads\/2023\/03\/IMG_0730-585x390.jpg 585w\" sizes=\"auto, (max-width: 600px) 100vw, 600px\" \/><\/a><figcaption class=\"wp-element-caption\"><em><strong>Con m\u00fasica en vivo, los productores disfrutaron del almuerzo<\/strong><\/em>.<\/figcaption><\/figure><\/div>\n\n\n<div style=\"height:30px\" aria-hidden=\"true\" class=\"wp-block-spacer\"><\/div>\n\n\n\n<p class=\"has-background\" style=\"background-color:#c2f1de\">Los 500 productores asistentes de distintas provincias pudieron interactuar con una feria de 15 stands de proveedores, donde resalt\u00f3 la innovaci\u00f3n tecnol\u00f3gica para la producci\u00f3n vitivin\u00edcola, los servicios y el financiamiento. Entre ellos, hubo maquinaria con <strong>tecnolog\u00eda de aplicaci\u00f3n de agroqu\u00edmicos, energ\u00eda renovable, paneles y bombas solares, sistema de labranza con la \u00faltima tecnolog\u00eda europea, sistema de riego y bombas, un novedoso sistema antihelada y tecnolog\u00eda de drones fumigadores.<\/strong><\/p>\n\n\n\n<div style=\"height:29px\" aria-hidden=\"true\" class=\"wp-block-spacer\"><\/div>\n\n\n<div class=\"wp-block-image\">\n<figure class=\"aligncenter size-full\"><a href=\"https:\/\/enolife.com.ar\/es\/wp-content\/uploads\/2023\/03\/IMG_0587.jpg\" data-rel=\"penci-gallery-image-content\" ><img loading=\"lazy\" decoding=\"async\" width=\"600\" height=\"400\" src=\"https:\/\/enolife.com.ar\/es\/wp-content\/uploads\/2023\/03\/IMG_0587.jpg\" alt=\"\" class=\"wp-image-87418\" srcset=\"https:\/\/enolife.com.ar\/es\/wp-content\/uploads\/2023\/03\/IMG_0587.jpg 600w, https:\/\/enolife.com.ar\/es\/wp-content\/uploads\/2023\/03\/IMG_0587-300x200.jpg 300w, https:\/\/enolife.com.ar\/es\/wp-content\/uploads\/2023\/03\/IMG_0587-585x390.jpg 585w\" sizes=\"auto, (max-width: 600px) 100vw, 600px\" \/><\/a><figcaption class=\"wp-element-caption\"><em><strong>Infaltable homenaje a La Virgen de la Carrodilla<\/strong><\/em>.<\/figcaption><\/figure><\/div>\n\n\n<div style=\"height:25px\" aria-hidden=\"true\" class=\"wp-block-spacer\"><\/div>\n\n\n\n<p>Los anfitriones de la actividad fueron el nuevo presidente de la Coviar, <strong>Mario Gonz\u00e1lez<\/strong> y el presidente saliente y ahora vicepresidente <strong>Jos\u00e9 Alberto \u00abPepe\u00bb Zuccardi<\/strong>. Participaron adem\u00e1s el ministro del Interior de Argentina, <strong>Eduardo Wado de Pedro<\/strong>; la ministra nacional de Desarrollo Social, <strong>Victoria Tolosa Paz<\/strong>; el secretario de Agricultura de la Naci\u00f3n, <strong>Juan Jos\u00e9 Bahillo<\/strong>, el secretario de Industria y Desarrollo Productivo, <strong>Jos\u00e9 Ignacio De Mendiguren<\/strong>, la presidenta del Banco de la Naci\u00f3n Argentina, <strong>Silvina Batakis<\/strong>; la secretaria de Promoci\u00f3n Tur\u00edstica de la Naci\u00f3n, <strong>Yanina Mart\u00ednez<\/strong>; el presidente del Instituto Nacional de Vitivinicultura (INV), <strong>Mart\u00edn Hinojosa<\/strong>; la presidenta del Instituto Nacional de Tecnolog\u00eda Industrial (INTI), <strong>Sandra Mayol<\/strong>; el presidente del Instituto Nacional De Tecnolog\u00eda Agropecuaria (INTA), <strong>Mariano Garmendia<\/strong>, el superintendente general de Irrigaci\u00f3n, <strong>Sergio Marinelli<\/strong>, y los intendentes de Luj\u00e1n y Maip\u00fa, <strong>Sebasti\u00e1n Bragagnolo<\/strong> y <strong>Mat\u00edas Stevanato<\/strong>, entre otros funcionarios y dirigentes.<\/p>\n\n\n\n<div style=\"height:25px\" aria-hidden=\"true\" class=\"wp-block-spacer\"><\/div>\n\n\n<div class=\"wp-block-image\">\n<figure class=\"aligncenter size-full\"><a href=\"https:\/\/enolife.com.ar\/es\/wp-content\/uploads\/2023\/03\/IMG_0645.jpg\" data-rel=\"penci-gallery-image-content\" ><img loading=\"lazy\" decoding=\"async\" width=\"600\" height=\"400\" src=\"https:\/\/enolife.com.ar\/es\/wp-content\/uploads\/2023\/03\/IMG_0645.jpg\" alt=\"\" class=\"wp-image-87419\" srcset=\"https:\/\/enolife.com.ar\/es\/wp-content\/uploads\/2023\/03\/IMG_0645.jpg 600w, https:\/\/enolife.com.ar\/es\/wp-content\/uploads\/2023\/03\/IMG_0645-300x200.jpg 300w, https:\/\/enolife.com.ar\/es\/wp-content\/uploads\/2023\/03\/IMG_0645-585x390.jpg 585w\" sizes=\"auto, (max-width: 600px) 100vw, 600px\" \/><\/a><figcaption class=\"wp-element-caption\"><em><strong>Funcionarios del gobierno nacional y provincial junto a directivos de INTA y Coviar<\/strong><\/em>.<\/figcaption><\/figure><\/div>\n\n\n<div style=\"height:36px\" aria-hidden=\"true\" class=\"wp-block-spacer\"><\/div>\n\n\n\n<blockquote class=\"wp-block-quote is-layout-flow wp-block-quote-is-layout-flow\">\n<p>Tenemos que pensar y so\u00f1ar con tener en los pr\u00f3ximos a\u00f1os un pa\u00eds desarrollado, productivo, con empleo, inclusi\u00f3n y felicidad\u00bb.<\/p>\n<cite>Wado De Pedro, ministro del Interior de Argentina<\/cite><\/blockquote>\n\n\n\n<div style=\"height:32px\" aria-hidden=\"true\" class=\"wp-block-spacer\"><\/div>\n\n\n\n<p>\u00ab<em>Son las econom\u00edas regionales las que permiten a cada provincia generar empleo, progreso y arraigo\u00bb, <\/em>afirm\u00f3 el<strong> <\/strong>ministro De Pedro, e invit\u00f3 a los presentes a <em>\u201cpensar y so\u00f1ar con los pr\u00f3ximos a\u00f1os de la Argentina para que podamos tener un pa\u00eds desarrollado, productivo, con empleo, inclusi\u00f3n y felicidad\u201d<\/em>.<\/p>\n\n\n\n<p>Asimismo, resalt\u00f3 el trabajo que desde la cartera de Interior vienen realizando junto con gobernadores de todos los espacios pol\u00edticos para resolver y administrar eficientemente el agua. En ese sentido record\u00f3 el viaje a Israel, pa\u00eds que \u201cresolvi\u00f3 inteligentemente, con innovaci\u00f3n y tecnolog\u00eda, la mejor forma de administrar un recurso tan esencial\u201d. Y agreg\u00f3: <em>\u201cCuando se piensa en las necesidades b\u00e1sicas, en lo que hace falta en la Argentina, se tiene que dejar de lado las cuestiones pol\u00edticas o coyunturales\u201d.<\/em><\/p>\n\n\n\n<div style=\"height:25px\" aria-hidden=\"true\" class=\"wp-block-spacer\"><\/div>\n\n\n<div class=\"wp-block-image\">\n<figure class=\"aligncenter size-full\"><a href=\"https:\/\/enolife.com.ar\/es\/wp-content\/uploads\/2023\/03\/IMG_0666.jpg\" data-rel=\"penci-gallery-image-content\" ><img loading=\"lazy\" decoding=\"async\" width=\"600\" height=\"400\" src=\"https:\/\/enolife.com.ar\/es\/wp-content\/uploads\/2023\/03\/IMG_0666.jpg\" alt=\"\" class=\"wp-image-87420\" srcset=\"https:\/\/enolife.com.ar\/es\/wp-content\/uploads\/2023\/03\/IMG_0666.jpg 600w, https:\/\/enolife.com.ar\/es\/wp-content\/uploads\/2023\/03\/IMG_0666-300x200.jpg 300w, https:\/\/enolife.com.ar\/es\/wp-content\/uploads\/2023\/03\/IMG_0666-585x390.jpg 585w\" sizes=\"auto, (max-width: 600px) 100vw, 600px\" \/><\/a><figcaption class=\"wp-element-caption\"><em><strong>Un productor recibe su Aporte No Reembolsable<\/strong><\/em><\/figcaption><\/figure><\/div>\n\n\n<div style=\"height:31px\" aria-hidden=\"true\" class=\"wp-block-spacer\"><\/div>\n\n\n\n<blockquote class=\"wp-block-quote is-layout-flow wp-block-quote-is-layout-flow\">\n<p>Estamos aqu\u00ed porque tenemos una misi\u00f3n: reducir la pobreza en nuestro pa\u00eds, y la \u00fanica herramienta para ello es la creaci\u00f3n de trabajo\u00bb.<\/p>\n<cite>Victoria Tolosa Paz, ministra de Desarrollo Social de Argentina<\/cite><\/blockquote>\n\n\n\n<div style=\"height:40px\" aria-hidden=\"true\" class=\"wp-block-spacer\"><\/div>\n\n\n<div class=\"wp-block-image\">\n<figure class=\"aligncenter size-full is-resized\"><a href=\"https:\/\/enolife.com.ar\/es\/wp-content\/uploads\/2023\/03\/IMG_0673.jpg\" data-rel=\"penci-gallery-image-content\" ><img loading=\"lazy\" decoding=\"async\" src=\"https:\/\/enolife.com.ar\/es\/wp-content\/uploads\/2023\/03\/IMG_0673.jpg\" alt=\"\" class=\"wp-image-87425\" width=\"560\" height=\"373\" srcset=\"https:\/\/enolife.com.ar\/es\/wp-content\/uploads\/2023\/03\/IMG_0673.jpg 600w, https:\/\/enolife.com.ar\/es\/wp-content\/uploads\/2023\/03\/IMG_0673-300x200.jpg 300w, https:\/\/enolife.com.ar\/es\/wp-content\/uploads\/2023\/03\/IMG_0673-585x390.jpg 585w\" sizes=\"auto, (max-width: 560px) 100vw, 560px\" \/><\/a><figcaption class=\"wp-element-caption\"><em><strong>Entrega de ANR a otro productor<\/strong><\/em><\/figcaption><\/figure><\/div>\n\n\n<div style=\"height:25px\" aria-hidden=\"true\" class=\"wp-block-spacer\"><\/div>\n\n\n\n<p>Por su parte, Victoria Tolosa Paz entreg\u00f3 ANR para fortalecer a cooperativas de productores vit\u00edvin\u00edcolas e hizo una referencia a la gesti\u00f3n de Jos\u00e9 Zuccardi al frente de la Coviar, dando as\u00ed la bienvenida a Mario Gonz\u00e1lez, quien asumi\u00f3 como nuevo presidente durante el Desayuno de la Coviar realizado en el Hotel Hyatt esa misma ma\u00f1ana. En su discurso, la ministra destac\u00f3 los aportes de los privados y del Estado para desarrollar las econom\u00edas regionales. <em>\u201cEstamos aqu\u00ed porque tenemos una misi\u00f3n y es reducir la pobreza en nuestro pa\u00eds, porque la \u00fanica herramienta es la creaci\u00f3n de trabajo\u201d, <\/em>sostuvo.<\/p>\n\n\n\n<div style=\"height:25px\" aria-hidden=\"true\" class=\"wp-block-spacer\"><\/div>\n\n\n<div class=\"wp-block-image\">\n<figure class=\"aligncenter size-full is-resized\"><a href=\"https:\/\/enolife.com.ar\/es\/wp-content\/uploads\/2023\/03\/IMG_0486.jpg\" data-rel=\"penci-gallery-image-content\" ><img loading=\"lazy\" decoding=\"async\" src=\"https:\/\/enolife.com.ar\/es\/wp-content\/uploads\/2023\/03\/IMG_0486.jpg\" alt=\"\" class=\"wp-image-87421\" width=\"597\" height=\"398\" srcset=\"https:\/\/enolife.com.ar\/es\/wp-content\/uploads\/2023\/03\/IMG_0486.jpg 600w, https:\/\/enolife.com.ar\/es\/wp-content\/uploads\/2023\/03\/IMG_0486-300x200.jpg 300w, https:\/\/enolife.com.ar\/es\/wp-content\/uploads\/2023\/03\/IMG_0486-585x390.jpg 585w\" sizes=\"auto, (max-width: 597px) 100vw, 597px\" \/><\/a><figcaption class=\"wp-element-caption\"><em><strong>Los asistentes pudieron conocer las \u00faltimas tecnolog\u00edas para el agro<\/strong><\/em>.<\/figcaption><\/figure><\/div>\n\n<div class=\"wp-block-image\">\n<figure class=\"aligncenter size-full is-resized\"><a href=\"https:\/\/enolife.com.ar\/es\/wp-content\/uploads\/2023\/03\/IMG_0495.jpg\" data-rel=\"penci-gallery-image-content\" ><img loading=\"lazy\" decoding=\"async\" src=\"https:\/\/enolife.com.ar\/es\/wp-content\/uploads\/2023\/03\/IMG_0495.jpg\" alt=\"\" class=\"wp-image-87422\" width=\"606\" height=\"404\" srcset=\"https:\/\/enolife.com.ar\/es\/wp-content\/uploads\/2023\/03\/IMG_0495.jpg 600w, https:\/\/enolife.com.ar\/es\/wp-content\/uploads\/2023\/03\/IMG_0495-300x200.jpg 300w, https:\/\/enolife.com.ar\/es\/wp-content\/uploads\/2023\/03\/IMG_0495-585x390.jpg 585w\" sizes=\"auto, (max-width: 606px) 100vw, 606px\" \/><\/a><figcaption class=\"wp-element-caption\"><em><strong>El INTA tambi\u00e9n realiz\u00f3 su muestra<\/strong><\/em>.<\/figcaption><\/figure><\/div>\n\n<div class=\"wp-block-image\">\n<figure class=\"aligncenter size-full\"><a href=\"https:\/\/enolife.com.ar\/es\/wp-content\/uploads\/2023\/03\/IMG_0491.jpg\" data-rel=\"penci-gallery-image-content\" ><img loading=\"lazy\" decoding=\"async\" width=\"600\" height=\"400\" src=\"https:\/\/enolife.com.ar\/es\/wp-content\/uploads\/2023\/03\/IMG_0491.jpg\" alt=\"\" class=\"wp-image-87426\" srcset=\"https:\/\/enolife.com.ar\/es\/wp-content\/uploads\/2023\/03\/IMG_0491.jpg 600w, https:\/\/enolife.com.ar\/es\/wp-content\/uploads\/2023\/03\/IMG_0491-300x200.jpg 300w, https:\/\/enolife.com.ar\/es\/wp-content\/uploads\/2023\/03\/IMG_0491-585x390.jpg 585w\" sizes=\"auto, (max-width: 600px) 100vw, 600px\" \/><\/a><figcaption class=\"wp-element-caption\"><em><strong>Parte de los expositores de la feria organizada<\/strong><\/em>.<\/figcaption><\/figure><\/div>\n\n\n<div style=\"height:25px\" aria-hidden=\"true\" class=\"wp-block-spacer\"><\/div>\n\n\n\n<p>Los intendentes de Luj\u00e1n y Maip\u00fa, Sebasti\u00e1n Bragagnolo y Mat\u00edas Stevanato, respectivamente, firmaron convenios de colaboraci\u00f3n mutua y cooperaci\u00f3n rec\u00edproca para el fortalecimiento del <strong>Observatorio Econ\u00f3mico de Turismo del Vino<\/strong>, como tambi\u00e9n para la realizaci\u00f3n de actividades conjuntas con el fin de implementar l\u00edneas de financiamiento, la optimizaci\u00f3n del uso del recurso energ\u00e9tico para productores vitivin\u00edcolas y la participaci\u00f3n y organizaci\u00f3n en capacitaciones enol\u00f3gicas<strong> <\/strong>a bodegas pymes.<\/p>\n\n\n\n<div style=\"height:31px\" aria-hidden=\"true\" class=\"wp-block-spacer\"><\/div>\n\n\n\n<p class=\"has-small-font-size\"><strong><em>Fuente: Coviar<\/em><\/strong><\/p>\n\n\n\n<div style=\"height:35px\" aria-hidden=\"true\" class=\"wp-block-spacer\"><\/div>\n","protected":false},"excerpt":{"rendered":"<p>Organizado por la Corporaci\u00f3n Vitivin\u00edcola Argentina (Coviar) en conjunto con el Instituto Nacional de Tecnolog\u00eda&hellip;<\/p>\n","protected":false},"author":3,"featured_media":87430,"comment_status":"open","ping_status":"open","sticky":false,"template":"","format":"standard","meta":{"footnotes":""},"categories":[14],"tags":[],"class_list":["post-87392","post","type-post","status-publish","format-standard","has-post-thumbnail","hentry","category-news"],"_links":{"self":[{"href":"https:\/\/enolife.com.ar\/es\/wp-json\/wp\/v2\/posts\/87392","targetHints":{"allow":["GET"]}}],"collection":[{"href":"https:\/\/enolife.com.ar\/es\/wp-json\/wp\/v2\/posts"}],"about":[{"href":"https:\/\/enolife.com.ar\/es\/wp-json\/wp\/v2\/types\/post"}],"author":[{"embeddable":true,"href":"https:\/\/enolife.com.ar\/es\/wp-json\/wp\/v2\/users\/3"}],"replies":[{"embeddable":true,"href":"https:\/\/enolife.com.ar\/es\/wp-json\/wp\/v2\/comments?post=87392"}],"version-history":[{"count":0,"href":"https:\/\/enolife.com.ar\/es\/wp-json\/wp\/v2\/posts\/87392\/revisions"}],"wp:featuredmedia":[{"embeddable":true,"href":"https:\/\/enolife.com.ar\/es\/wp-json\/wp\/v2\/media\/87430"}],"wp:attachment":[{"href":"https:\/\/enolife.com.ar\/es\/wp-json\/wp\/v2\/media?parent=87392"}],"wp:term":[{"taxonomy":"category","embeddable":true,"href":"https:\/\/enolife.com.ar\/es\/wp-json\/wp\/v2\/categories?post=87392"},{"taxonomy":"post_tag","embeddable":true,"href":"https:\/\/enolife.com.ar\/es\/wp-json\/wp\/v2\/tags?post=87392"}],"curies":[{"name":"wp","href":"https:\/\/api.w.org\/{rel}","templated":true}]}}