{"id":87324,"date":"2023-03-07T01:33:35","date_gmt":"2023-03-07T01:33:35","guid":{"rendered":"https:\/\/enolife.com.ar\/es\/?p=87324"},"modified":"2023-03-08T00:49:19","modified_gmt":"2023-03-08T00:49:19","slug":"el-inv-firmo-un-convenio-con-el-banco-nacion-para-facilitar-el-credito-para-vinateros-y-bodegueros","status":"publish","type":"post","link":"https:\/\/enolife.com.ar\/es\/el-inv-firmo-un-convenio-con-el-banco-nacion-para-facilitar-el-credito-para-vinateros-y-bodegueros\/","title":{"rendered":"El INV firm\u00f3 un convenio con el Banco Naci\u00f3n para facilitar el cr\u00e9dito para vi\u00f1ateros y bodegueros"},"content":{"rendered":"\n<h4 class=\"wp-block-heading\"><em><strong>En el marco de la fiesta de la Vendimia en Mendoza, el presidente del Instituto Nacional de Vitivinicultura (INV), Mart\u00edn Hinojosa, firm\u00f3 diversos acuerdos con funcionarios nacionales para desarrollar la investigaci\u00f3n enol\u00f3gica, mejorar la eficiencia en el uso de agua para riego agr\u00edcola y permitir un m\u00e1s f\u00e1cil acceso de productores y empresarios al financiamiento destinado a compensar los da\u00f1os del granizo y la helada e incorporar tecnolog\u00eda en las fincas y bodegas.<\/strong><\/em> <\/h4>\n\n\n\n<div style=\"height:40px\" aria-hidden=\"true\" class=\"wp-block-spacer\"><\/div>\n\n\n<a href=\"https:\/\/www.linkedin.com\/company\/agrinet-sa\/?originalSubdomain=ar\" aria-label=\"1700X500\"><img loading=\"lazy\" decoding=\"async\" src=\"https:\/\/enolife.com.ar\/es\/wp-content\/uploads\/2021\/11\/1700X500.gif\" alt=\"\"  width=\"1700\" height=\"500\"   \/><\/a>\n\n\n<div style=\"height:40px\" aria-hidden=\"true\" class=\"wp-block-spacer\"><\/div>\n\n\n\n<p>El presidente del <strong>Instituto Nacional de Vitivinicultura (INV)<\/strong> dio detalles de los convenios formalizados durante los festejos vendimiales en <strong>Mendoza<\/strong> entre los d\u00edas 1 y 4 de marzo \u00faltimos. Uno de los m\u00e1s significativos para la industria vitivin\u00edcola fue el que <strong>Mart\u00edn Hinojosa<\/strong> y la presidenta del <strong>Banco de la Naci\u00f3n Argentina, Silvina Batakis<\/strong>,&nbsp;acordaron para cooperar entre ambas instituciones y dise\u00f1ar instrumentos espec\u00edficos que contemplen la combinaci\u00f3n de matriz productiva y territorio. Hinojosa&nbsp;destac\u00f3 que este Convenio de Cooperaci\u00f3n facilitar\u00e1 la asistencia financiera&nbsp;a todos los productores y bodegas afectados por contingencias clim\u00e1ticas adverssas.&nbsp;<br>&nbsp;<br>Con el&nbsp;<strong>Ministerio de Ciencia, Tecnolog\u00eda e Innovaci\u00f3n (Mincyt)<\/strong> representado&nbsp;por su&nbsp;ministro <strong>Daniel Filmus<\/strong>, el <strong>Instituto Nacional del Agua&nbsp;(INA)<\/strong>&nbsp;representado por su presidente Juan Carlos Bertoni, la <strong>Universidad Tecnol\u00f3gica Nacional&nbsp;(UTN) <\/strong>representada por su rector <strong>Rub\u00e9n Soro<\/strong>, el <strong>Conicet<\/strong>&nbsp;representado por <strong>Ana Mar\u00eda Franchi<\/strong>, el <strong>INTA<\/strong> representado por su titular Mariano Garmendia, el INV firm\u00f3 un Convenio&nbsp;con el objeto de acordar las bases para la conformaci\u00f3n del <strong>Centro&nbsp;de&nbsp;Tecnolog\u00eda del Conocimiento para la Sustentabilidad Vitivin\u00edcola y Agroindustrial con \u00c9nfasis en el Recurso H\u00eddrico&nbsp;(Cetco)<\/strong>. Hinojosa&nbsp;anunci\u00f3 que se recibir\u00e1 un aporte para infraestructura&nbsp;y&nbsp;equipos para la investigaci\u00f3n por m\u00e1s de 700&nbsp;millones&nbsp;de pesos.<\/p>\n\n\n\n<p>Durante el <strong>Desayuno&nbsp;de la Coviar<\/strong> se formaliz\u00f3&nbsp;un&nbsp;convenio&nbsp;con el Ministerio de Desarrollo Social de la Naci\u00f3n, representado por su Ministra, <strong>Victoria Tolosa Paz<\/strong>, y&nbsp;con Coviar, para la implementaci\u00f3n de acciones de asistencia financiera para peque\u00f1os productores vit\u00edcolas afectados por contingencias clim\u00e1ticas a trav\u00e9s de <strong>Aportes No Reembolsables (ANR).<\/strong><\/p>\n\n\n\n<div style=\"height:25px\" aria-hidden=\"true\" class=\"wp-block-spacer\"><\/div>\n\n\n<div class=\"wp-block-image\">\n<figure class=\"aligncenter size-full is-resized\"><a href=\"https:\/\/enolife.com.ar\/es\/wp-content\/uploads\/2023\/03\/Imagen1-4.jpg\" data-rel=\"penci-gallery-image-content\" ><img loading=\"lazy\" decoding=\"async\" src=\"https:\/\/enolife.com.ar\/es\/wp-content\/uploads\/2023\/03\/Imagen1-4.jpg\" alt=\"\" class=\"wp-image-87379\" width=\"566\" height=\"377\" srcset=\"https:\/\/enolife.com.ar\/es\/wp-content\/uploads\/2023\/03\/Imagen1-4.jpg 750w, https:\/\/enolife.com.ar\/es\/wp-content\/uploads\/2023\/03\/Imagen1-4-300x200.jpg 300w, https:\/\/enolife.com.ar\/es\/wp-content\/uploads\/2023\/03\/Imagen1-4-585x390.jpg 585w\" sizes=\"auto, (max-width: 566px) 100vw, 566px\" \/><\/a><figcaption class=\"wp-element-caption\"><em><strong>Mario Gonz\u00e1lez, Mart\u00edn Hinojosa, Victoria Tolosa Paz y Jos\u00e9 \u00abPepe\u00bb Zuccardi, en el Desayuno de la Coviar, firmaron un convenio de asistencia financiera a trav\u00e9s de ANR a peque\u00f1os productores.<\/strong><\/em><\/figcaption><\/figure><\/div>\n\n\n<div style=\"height:25px\" aria-hidden=\"true\" class=\"wp-block-spacer\"><\/div>\n\n\n\n<p>El <strong>vicepresidente del INV, Hugo Carmona Torres<\/strong>, por su parte, firm\u00f3 con&nbsp;el <strong>Instituto Nacional de Tecnolog\u00eda Industrial (INTI)<\/strong>,&nbsp;a trav\u00e9s de su Sistema de Centros de Investigaci\u00f3n y Desarrollo, representado por su presidenta, <strong>Sandra Mayol<\/strong>,&nbsp;un&nbsp;Convenio Espec\u00edfico de Colaboraci\u00f3n para cooperaci\u00f3n y colaboraci\u00f3n del INTI al Programa de Apoyo a Peque\u00f1os Productores Vitivin\u00edcolas de Argentina, en el marco del programa denominado <strong>Proviar II.<\/strong><\/p>\n\n\n\n<p>La puesta en marcha del Proviar II fue anunciada por el ministro de Econom\u00eda de la Naci\u00f3n, Sergio Massa, durante el tradicional Desayuno de la Coviar.&nbsp;El Convenio fue refrendado por el Secretario de Agricultura, Ganader\u00eda y Pesca de la Naci\u00f3n, <strong>Juan Jos\u00e9 Bahillo<\/strong> y el presidente entrante de Coviar, <strong>Mario Gonz\u00e1lez.<\/strong><\/p>\n\n\n\n<p>Sobre los acuerdos rubricados, Hinojosa&nbsp;manifest\u00f3: <em>\u00abEstamos del lado de los productores, porque son el motor del desarrollo econ\u00f3mico. La presencia en Mendoza de ministros y funcionarios del gobierno nacional haciendo importantes anuncios para el sector productivo, firmando compromisos para acercar soluciones a las emergencias y aportando recursos para la investigaci\u00f3n y el desarrollo tecnol\u00f3gico, son acciones que muestran claramente esta posici\u00f3n. El INV ha retomado un rol protag\u00f3nico en la vitivinicultura argentina y por ello hemos logrado acuerdos con distintos ministerios y organismos que beneficiar\u00e1n a las econom\u00edas regionales\u00bb.<\/em><\/p>\n\n\n\n<div style=\"height:45px\" aria-hidden=\"true\" class=\"wp-block-spacer\"><\/div>\n","protected":false},"excerpt":{"rendered":"<p>En el marco de la fiesta de la Vendimia en Mendoza, el presidente del Instituto&hellip;<\/p>\n","protected":false},"author":3,"featured_media":87384,"comment_status":"open","ping_status":"open","sticky":false,"template":"","format":"standard","meta":{"footnotes":""},"categories":[14],"tags":[],"class_list":["post-87324","post","type-post","status-publish","format-standard","has-post-thumbnail","hentry","category-news"],"_links":{"self":[{"href":"https:\/\/enolife.com.ar\/es\/wp-json\/wp\/v2\/posts\/87324","targetHints":{"allow":["GET"]}}],"collection":[{"href":"https:\/\/enolife.com.ar\/es\/wp-json\/wp\/v2\/posts"}],"about":[{"href":"https:\/\/enolife.com.ar\/es\/wp-json\/wp\/v2\/types\/post"}],"author":[{"embeddable":true,"href":"https:\/\/enolife.com.ar\/es\/wp-json\/wp\/v2\/users\/3"}],"replies":[{"embeddable":true,"href":"https:\/\/enolife.com.ar\/es\/wp-json\/wp\/v2\/comments?post=87324"}],"version-history":[{"count":0,"href":"https:\/\/enolife.com.ar\/es\/wp-json\/wp\/v2\/posts\/87324\/revisions"}],"wp:featuredmedia":[{"embeddable":true,"href":"https:\/\/enolife.com.ar\/es\/wp-json\/wp\/v2\/media\/87384"}],"wp:attachment":[{"href":"https:\/\/enolife.com.ar\/es\/wp-json\/wp\/v2\/media?parent=87324"}],"wp:term":[{"taxonomy":"category","embeddable":true,"href":"https:\/\/enolife.com.ar\/es\/wp-json\/wp\/v2\/categories?post=87324"},{"taxonomy":"post_tag","embeddable":true,"href":"https:\/\/enolife.com.ar\/es\/wp-json\/wp\/v2\/tags?post=87324"}],"curies":[{"name":"wp","href":"https:\/\/api.w.org\/{rel}","templated":true}]}}