{"id":87143,"date":"2023-03-03T17:48:52","date_gmt":"2023-03-03T17:48:52","guid":{"rendered":"https:\/\/enolife.com.ar\/es\/?p=87143"},"modified":"2023-03-06T00:54:40","modified_gmt":"2023-03-06T00:54:40","slug":"los-paisajes-del-vinedo-en-riesgo-por-especialistas-de-argentina-y-francia-el-6-3-en-la-um","status":"publish","type":"post","link":"https:\/\/enolife.com.ar\/es\/los-paisajes-del-vinedo-en-riesgo-por-especialistas-de-argentina-y-francia-el-6-3-en-la-um\/","title":{"rendered":"\u00abLos paisajes del vi\u00f1edo en riesgo\u00bb, por especialistas de Argentina y Francia el 6\/3 en la UM"},"content":{"rendered":"\n<h4 class=\"wp-block-heading\"><em><strong>El Instituto de Cultura Arquitect\u00f3nica y Urbana de la Universidad de Mendoza (UM), junto con la C\u00e1tedra Unesco de Turismo Cultural en Argentina, invitan a la jornada de reflexi\u00f3n \u00abLos paisajes del vi\u00f1edo en riesgo: de la toma de conciencia a la acci\u00f3n\u00bb. Ser\u00e1 el 6\/3 a las 17 hs en el Aula Magna de la Facultad de Arquitectura, Urbanismo y Dise\u00f1o (FAUD) de la UM. La asistencia a las conferencias es libre y gratuita y no requiere inscripci\u00f3n previa. En el panel local estar\u00e1n las  arquitectas y expertas en el tema Eliana B\u00f3rmida, Liliana Girini, Carina M\u00e9dico, Mariana Sammartino y Gabriela Santiba\u00f1ez, mientras que desde Francia expondr\u00e1 la arguitecta y urbanista Soazig Darnay, de la Universidad de Par\u00eds. <\/strong><\/em><\/h4>\n\n\n\n<div style=\"height:35px\" aria-hidden=\"true\" class=\"wp-block-spacer\"><\/div>\n\n\n\n\n\n<div style=\"height:36px\" aria-hidden=\"true\" class=\"wp-block-spacer\"><\/div>\n\n\n\n<p>El lunes 6\/3, la Universidad de Mendoza invita a la jornada <strong>\u00abLos paisajes del vi\u00f1edo en riesgo: de la toma de conciencia a la acci\u00f3n\u00bb<\/strong>. Las disertaciones tendr\u00e1n lugar en en la Facultad de Arquitectura, Urbanismo y Dise\u00f1o de la Universidad de Mendoza, Aula Magna Enrico Tedeschi. Paseo Dr Emilio Descotte 750, Mendoza Ciudad -Tel\u00e9fono: 261 4202017 int 187. La modalidad es presencial, actividad libre y gratuita, sin previa inscripci\u00f3n.<\/p>\n\n\n\n<p class=\"has-background\" style=\"background-color:#abb7c238\"><strong>Informes<\/strong>:<strong>&nbsp;<a href=\"mailto:catedraunesco@turismoculturalun.org.ar\">catedraunesco@turismoculturalun.org.ar<\/a><\/strong><\/p>\n\n\n\n<div style=\"height:25px\" aria-hidden=\"true\" class=\"wp-block-spacer\"><\/div>\n\n\n\n<p class=\"has-medium-font-size\"><strong>Programa<\/strong><\/p>\n\n\n\n<p><strong>17 hs: Apertura a cargo de directivos<\/strong><\/p>\n\n\n\n<ul class=\"wp-block-list\">\n<li>Decano Arquitecto Esp. Javier S\u00e1nchez<\/li>\n\n\n\n<li>Secretario Acad\u00e9mico: Arquitecto Sebasti\u00e1n Serrani<\/li>\n\n\n\n<li>Directora ICAU: Arquitecta Liliana Girini<\/li>\n\n\n\n<li>Directora de la C\u00e1tedra UNESCO de Turismo Cultural Argentina: Carmen Mar\u00eda Ramos de Balcarce<\/li>\n<\/ul>\n\n\n\n<div style=\"height:25px\" aria-hidden=\"true\" class=\"wp-block-spacer\"><\/div>\n\n\n\n<p><strong>17.30 hs: Disertantes<\/strong><\/p>\n\n\n\n<ul class=\"wp-block-list\">\n<li><strong>Mariana Sammartino<\/strong> &#8211; El crecimiento urbano en la interfaz urbano-rural del AMM: lectura desde la sostenibilidad.<\/li>\n\n\n\n<li><strong>Gabriela Santiba\u00f1ez<\/strong> &#8211; Reflexiones en torno al patrimonio en riesgo: desaf\u00edo de los paisajes productivos del vino.<\/li>\n\n\n\n<li><strong>Liliana Girini y Carina M\u00e9dico<\/strong> &#8211; El paisaje del vi\u00f1edo en Perdriel: realidades emergentes y oportunidades sostenibles.<\/li>\n\n\n\n<li><strong>Eliana B\u00f3rmida <\/strong>&#8211; Las Compuertas: iniciativas privadas y p\u00fablicas en su paisaje de vi\u00f1edos.<\/li>\n<\/ul>\n\n\n\n<div style=\"height:25px\" aria-hidden=\"true\" class=\"wp-block-spacer\"><\/div>\n\n\n\n<p><strong>18.30 hs: Conferencista invitada<\/strong><\/p>\n\n\n\n<p><strong>Soazig Darnay<\/strong>, de la Universit\u00e9 Paris 1 Panth\u00e9on Sorbonne y presidente de la Asociaci\u00f3n Catalana CEPVI (Centre d\u2019Estudis del Paisatge Vitivin\u00edcola) &#8211; El paisaje vitivin\u00edcola: nociones, evoluci\u00f3n y riesgo. Una mirada desde Francia y Espa\u00f1a. <\/p>\n\n\n\n<div style=\"height:35px\" aria-hidden=\"true\" class=\"wp-block-spacer\"><\/div>\n\n\n\n<p><\/p>\n","protected":false},"excerpt":{"rendered":"<p>El Instituto de Cultura Arquitect\u00f3nica y Urbana de la Universidad de Mendoza (UM), junto con&hellip;<\/p>\n","protected":false},"author":3,"featured_media":87155,"comment_status":"open","ping_status":"open","sticky":false,"template":"","format":"standard","meta":{"footnotes":""},"categories":[47],"tags":[],"class_list":["post-87143","post","type-post","status-publish","format-standard","has-post-thumbnail","hentry","category-agenda"],"_links":{"self":[{"href":"https:\/\/enolife.com.ar\/es\/wp-json\/wp\/v2\/posts\/87143","targetHints":{"allow":["GET"]}}],"collection":[{"href":"https:\/\/enolife.com.ar\/es\/wp-json\/wp\/v2\/posts"}],"about":[{"href":"https:\/\/enolife.com.ar\/es\/wp-json\/wp\/v2\/types\/post"}],"author":[{"embeddable":true,"href":"https:\/\/enolife.com.ar\/es\/wp-json\/wp\/v2\/users\/3"}],"replies":[{"embeddable":true,"href":"https:\/\/enolife.com.ar\/es\/wp-json\/wp\/v2\/comments?post=87143"}],"version-history":[{"count":0,"href":"https:\/\/enolife.com.ar\/es\/wp-json\/wp\/v2\/posts\/87143\/revisions"}],"wp:featuredmedia":[{"embeddable":true,"href":"https:\/\/enolife.com.ar\/es\/wp-json\/wp\/v2\/media\/87155"}],"wp:attachment":[{"href":"https:\/\/enolife.com.ar\/es\/wp-json\/wp\/v2\/media?parent=87143"}],"wp:term":[{"taxonomy":"category","embeddable":true,"href":"https:\/\/enolife.com.ar\/es\/wp-json\/wp\/v2\/categories?post=87143"},{"taxonomy":"post_tag","embeddable":true,"href":"https:\/\/enolife.com.ar\/es\/wp-json\/wp\/v2\/tags?post=87143"}],"curies":[{"name":"wp","href":"https:\/\/api.w.org\/{rel}","templated":true}]}}