{"id":87015,"date":"2023-03-02T23:46:42","date_gmt":"2023-03-02T23:46:42","guid":{"rendered":"https:\/\/enolife.com.ar\/es\/?p=87015"},"modified":"2023-03-04T16:09:58","modified_gmt":"2023-03-04T16:09:58","slug":"desayuno-de-coviar-el-4-3-asume-gonzalez-por-zuccardi-y-dan-detalles-del-financiamiento-proviar-ii","status":"publish","type":"post","link":"https:\/\/enolife.com.ar\/es\/desayuno-de-coviar-el-4-3-asume-gonzalez-por-zuccardi-y-dan-detalles-del-financiamiento-proviar-ii\/","title":{"rendered":"Desayuno de Coviar: el 4\/3 asume Gonz\u00e1lez por Zuccardi y dan detalles del financiamiento Proviar II"},"content":{"rendered":"\n<h4 class=\"wp-block-heading\"><em><strong>Este s\u00e1bado 4 de marzo de 2023 se realizar\u00e1 el tradicional Desayuno que la Corporaci\u00f3n Vitivin\u00edcola Argentina (Coviar) ofrece cada a\u00f1o el mismo d\u00eda del Acto Central de la Fiesta de la Vencimia. Ser\u00e1 desde las 9 hs en el Hotel Hyatt de Mendoza y contar\u00e1 con la presencia de funcionarios nacionales, provinciales y municipales. Desde la Coviar anunciaron que se presentar\u00e1 el balance de gesti\u00f3n del Plan Estrat\u00e9gico Vitivin\u00edcola (PEVI) 2030, asumir\u00e1n los nuevos directivos de la entidad y se brindar\u00e1n detalles del inicio del programa del Banco Interamericano de Desarrollo (BID) que asiste con aportes no reembolsables por U$S 50 millones a los productores vitivin\u00edcolas. Tambi\u00e9n se dar\u00e1 cuenta de la finalizaci\u00f3n de los estudios de caracterizaci\u00f3n de todas las zonas vitivin\u00edcolas de Argentina. Para los interesados que no puedan asistir, est\u00e1 la posibilidad de verlo en vivo v\u00eda streaming en el canal de YouTube de Coviar.<\/strong><\/em><\/h4>\n\n\n\n<div style=\"height:35px\" aria-hidden=\"true\" class=\"wp-block-spacer\"><\/div>\n\n\n\n\n\n<div style=\"height:43px\" aria-hidden=\"true\" class=\"wp-block-spacer\"><\/div>\n\n\n\n<p>Durante el tradicional&nbsp;<strong>Desayuno de la Corporaci\u00f3n Vitivin\u00edcola Argentina (Coviar<\/strong>), a realizarse el s\u00e1bado 4 de marzo&nbsp;de 2023 desde las&nbsp;9hs&nbsp;en el hotel <strong>Park Hyatt de Mendoza<\/strong>, se presentar\u00e1 el balance de gesti\u00f3n vinculado a los objetivos del <strong>Plan Estrat\u00e9gico Vitivin\u00edcola (PEVI)<\/strong> en su actualizaci\u00f3n al a\u00f1o 2030.<\/p>\n\n\n\n<p>Adem\u00e1s, seg\u00fan anunciaron desde la Coviar, se producir\u00e1 la asunci\u00f3n de los nuevos directivos de la entidad: <strong>Jos\u00e9 \u00abPepe\u00bb Zuccardi<\/strong> dar\u00e1 paso al nuevo presidente por los pr\u00f3ximos 3 a\u00f1os<strong>, <\/strong>el ingeniero agr\u00f3nomo y presidente de la C\u00e1mara Riojana de Productores Agropecuarios (Carpa), <strong>Mario Gonz\u00e1lez<\/strong>. Zuccardi pasar\u00e1 a ocupar la vicepresidencia junto a <strong>Pablo Asens<\/strong>, bodeguero de San Rafael y presidente de la Federaci\u00f3n de C\u00e1maras de Productores Vit\u00edcolas de la Rep\u00fablica Argentina, y al sanjuanino <strong>Gustavo Samper<\/strong>, presidente de la C\u00e1mara Vitivin\u00edcola de San Juan.<\/p>\n\n\n\n<p>En la oportunidad se realizar\u00e1n dos anuncios: el inicio del programa&nbsp;<strong>Proviar II&nbsp;<\/strong>y la finalizaci\u00f3n de los&nbsp;<strong>estudios de caracterizaci\u00f3n de todas las zonas vitivin\u00edcolas de Argentina<\/strong>.<\/p>\n\n\n\n<p>El evento, que podr\u00e1 seguirse en vivo a trav\u00e9s del canal de YouTube de Coviar y de las&nbsp;redes sociales con la etiqueta&nbsp;<strong>#DesayunoCOVIAR,<\/strong>&nbsp;tendr\u00e1 como anfitri\u00f3n&nbsp;al gobernador de Mendoza, Rodolfo Su\u00e1rez. Adem\u00e1s, como es habitual, se espera la participaci\u00f3n de funcionarios nacionales, provinciales y municipales, junto a empresarios, dirigentes, periodistas y protagonistas de la vitivinicultura argentina.<\/p>\n\n\n\n<div style=\"height:42px\" aria-hidden=\"true\" class=\"wp-block-spacer\"><\/div>\n\n\n\n<p class=\"has-medium-font-size\"><strong>La Agenda del Desayuno<\/strong><\/p>\n\n\n\n<p>En el acto se anticipar\u00e1n algunos de los principales temas de este a\u00f1o, como lo son la puesta en marcha del programa de asistencia a la vitivinicultura Proviar II&nbsp;y la finalizaci\u00f3n de los&nbsp;<strong>estudios de caracterizaci\u00f3n del suelo<\/strong> del territorio argentino.<\/p>\n\n\n\n<p><strong>Proviar II&nbsp;<\/strong>es la segunda etapa de un programa financiado por el Banco Interamericano de Desarrollo (BID) destinado a mejorar la calidad y la eficiencia, en t\u00e9rminos de sostenibilidad social, ambiental y econ\u00f3mica de la vitivinicultura argentina. El<strong>&nbsp;<\/strong>BID aprob\u00f3 un pr\u00e9stamo de<strong> U$S40 millones<\/strong>&nbsp;para Argentina, que alcanzar\u00e1 como aportes no reembolsables a&nbsp;<strong>m\u00e1s de 2.400 beneficiarios directos y 18.000 indirectos en 11 provincias del pa\u00eds.&nbsp;<\/strong>La inversi\u00f3n m\u00e1s aporte de contraparte ser\u00e1 de U$S50 millones a ejecutarse en 5 a\u00f1os.<\/p>\n\n\n\n<p>Por otro lado, durante 2023 concluir\u00e1n los relevamientos y se entregar\u00e1n los resultados de los estudios de caracterizaci\u00f3n de las zonas vitivin\u00edcolas de la Argentina, en otro proyecto de Coviar que se lleva adelante tambi\u00e9n con financiamiento del BID y el Consejo Federal de Inversiones (CFI). Gracias a estos estudios de suelo y clima, Argentina contar\u00e1 con el&nbsp;<strong>99% de la superficie cultivada con vid estudiada y caracterizada a escala regional, con una misma base y metodolog\u00eda cient\u00edfica que estar\u00e1 disponible de forma libre y gratuita para productores de uva y bodegas de todo el pa\u00eds.&nbsp;<\/strong><\/p>\n\n\n\n<p>En este sentido, el presidente saliente de Coviar, Jos\u00e9 Alberto Zuccardi, afirm\u00f3: <em>\u00abEl contar con una caracterizaci\u00f3n de las distintas zonas vitivin\u00edcolas del pa\u00eds, hecha simult\u00e1neamente y con una misma metodolog\u00eda va a permitir el desarrollo de la identidad de los vinos que deviene del lugar donde cultivamos las uvas. Argentina es diversidad y tenemos que expresarla en toda su magnitud\u00bb.<\/em><\/p>\n\n\n\n<div style=\"height:46px\" aria-hidden=\"true\" class=\"wp-block-spacer\"><\/div>\n\n\n\n<p class=\"has-medium-font-size\"><strong>El balance del \u00faltimo a\u00f1o del PEVI 2030<\/strong><\/p>\n\n\n\n<p>Como parte de la agenda del Desayuno est\u00e1 prevista la presentaci\u00f3n del balance y los logros alcanzados, tras el segundo a\u00f1o de implementaci\u00f3n de la actualizaci\u00f3n del&nbsp;Plan Estrat\u00e9gico Vitivin\u00edcola (PEVI) al 2030,<strong>&nbsp;<\/strong>una continuidad del trabajo que inici\u00f3 en 2004 con la aprobaci\u00f3n un\u00e1nime de la Ley Nacional 25.849 y la puesta en marcha del PEVI al 2020.<\/p>\n\n\n\n<p>En este sentido, entre los principales avances de gesti\u00f3n estar\u00e1n aquellos vinculados a los ejes centrales del Plan, en lo referido a<strong>&nbsp;<\/strong>mercado externo, mercado interno,&nbsp;turismo del vino&nbsp;y&nbsp;producci\u00f3n primaria.<\/p>\n\n\n\n<p>En cuanto a&nbsp;mercado externo, se destaca la&nbsp;inserci\u00f3n e&nbsp;internacionalizaci\u00f3n&nbsp;de las pymes y bodegas m\u00e1s peque\u00f1as, a trav\u00e9s de la unidad de&nbsp;<strong>Pymes Exportadoras<\/strong>. En este sentido, se llev\u00f3 a cabo la&nbsp;implementaci\u00f3n de la gu\u00eda de sostenibilidad de la vitivinicultura argentina&nbsp;en 70 productores y bodegas; se realizaron&nbsp;visitas y rondas inversas con importadores en las principales zonas vitivin\u00edcolas del pa\u00eds, junto al Consejo Federal de Inversiones (CFI) y los gobiernos provinciales; y&nbsp;-entre otras acciones-&nbsp;m\u00e1s de&nbsp;400 bodegas pymes participaron en acciones de promoci\u00f3n, capacitaci\u00f3n y financiamiento&nbsp;en 10 provincias del pa\u00eds.<\/p>\n\n\n\n<div style=\"height:38px\" aria-hidden=\"true\" class=\"wp-block-spacer\"><\/div>\n\n\n\n<p class=\"has-small-font-size\"><em><strong>Fuente: Coviar<\/strong><\/em><\/p>\n\n\n\n<div style=\"height:35px\" aria-hidden=\"true\" class=\"wp-block-spacer\"><\/div>\n","protected":false},"excerpt":{"rendered":"<p>Este s\u00e1bado 4 de marzo de 2023 se realizar\u00e1 el tradicional Desayuno que la Corporaci\u00f3n&hellip;<\/p>\n","protected":false},"author":3,"featured_media":87059,"comment_status":"open","ping_status":"open","sticky":false,"template":"","format":"standard","meta":{"footnotes":""},"categories":[14],"tags":[],"class_list":["post-87015","post","type-post","status-publish","format-standard","has-post-thumbnail","hentry","category-news"],"_links":{"self":[{"href":"https:\/\/enolife.com.ar\/es\/wp-json\/wp\/v2\/posts\/87015","targetHints":{"allow":["GET"]}}],"collection":[{"href":"https:\/\/enolife.com.ar\/es\/wp-json\/wp\/v2\/posts"}],"about":[{"href":"https:\/\/enolife.com.ar\/es\/wp-json\/wp\/v2\/types\/post"}],"author":[{"embeddable":true,"href":"https:\/\/enolife.com.ar\/es\/wp-json\/wp\/v2\/users\/3"}],"replies":[{"embeddable":true,"href":"https:\/\/enolife.com.ar\/es\/wp-json\/wp\/v2\/comments?post=87015"}],"version-history":[{"count":0,"href":"https:\/\/enolife.com.ar\/es\/wp-json\/wp\/v2\/posts\/87015\/revisions"}],"wp:featuredmedia":[{"embeddable":true,"href":"https:\/\/enolife.com.ar\/es\/wp-json\/wp\/v2\/media\/87059"}],"wp:attachment":[{"href":"https:\/\/enolife.com.ar\/es\/wp-json\/wp\/v2\/media?parent=87015"}],"wp:term":[{"taxonomy":"category","embeddable":true,"href":"https:\/\/enolife.com.ar\/es\/wp-json\/wp\/v2\/categories?post=87015"},{"taxonomy":"post_tag","embeddable":true,"href":"https:\/\/enolife.com.ar\/es\/wp-json\/wp\/v2\/tags?post=87015"}],"curies":[{"name":"wp","href":"https:\/\/api.w.org\/{rel}","templated":true}]}}