{"id":86983,"date":"2023-03-01T23:43:50","date_gmt":"2023-03-01T23:43:50","guid":{"rendered":"https:\/\/enolife.com.ar\/es\/?p=86983"},"modified":"2023-03-03T15:50:29","modified_gmt":"2023-03-03T15:50:29","slug":"nacion-invita-a-bodegas-a-una-mision-comercial-de-alimentos-y-bebidas-a-brasilia-el-27-y-28-4","status":"publish","type":"post","link":"https:\/\/enolife.com.ar\/es\/nacion-invita-a-bodegas-a-una-mision-comercial-de-alimentos-y-bebidas-a-brasilia-el-27-y-28-4\/","title":{"rendered":"Naci\u00f3n invita a bodegas a una misi\u00f3n comercial de alimentos y bebidas a Brasilia el 27 y 28\/4"},"content":{"rendered":"\n<h4 class=\"wp-block-heading\"><em><strong>La Subsecretar\u00eda de Promoci\u00f3n del Comercio e Inversiones, conjuntamente con la Embajada de Argentina en Brasil, convocan a las empresas argentinas de los sectores alimentos y bebidas a participar en una pr\u00f3xima misi\u00f3n comercial que visitar\u00e1 los d\u00edas 27 y 28 de abril la ciudad de Brasilia. Participar\u00e1n en las reuniones importadores, distribuidores y supermercadistas de la capital brasile\u00f1a y de los estados de Goi\u00e1s, Amazonas y Minas Ger\u00e1is, interesados en los productos argentinos. Hay tiempo para inscribirse hasta el 7\/3, con cupos son limitados.<\/strong><\/em><\/h4>\n\n\n\n<div style=\"height:35px\" aria-hidden=\"true\" class=\"wp-block-spacer\"><\/div>\n\n\n\n\n\n<div style=\"height:45px\" aria-hidden=\"true\" class=\"wp-block-spacer\"><\/div>\n\n\n\n<p>La Canciller\u00eda Argentina est\u00e1 organizando una misi\u00f3n comercial a la capital de Brasil, a la que invitan a empresas que tengan productos exportables, tales como vinos, gin, aceites y aceitunas, frutos secos, frutas de carozo, ajos, productos saludables, pastas frescas y secas, l\u00e1cteos, papas congeladas, harinas y productos de la pesca.<\/p>\n\n\n\n<p>Durante la misi\u00f3n se programar\u00e1n reuniones de negocios con potenciales compradores locales en la sede de la Embajada Argentina en Brasilia. All\u00ed ser\u00e1n convocados importadores, distribuidores y supermercadistas, tanto de esa ciudad como tambi\u00e9n de los estados de Goi\u00e1s, Amazonas y Minas Ger\u00e1is.<\/p>\n\n\n\n<div style=\"height:25px\" aria-hidden=\"true\" class=\"wp-block-spacer\"><\/div>\n\n\n\n<p class=\"has-background\" style=\"background-color:#abb7c22b\">Las empresas interesadas en participar tienen tiempo <strong>hasta el martes 7 de marzo de 2023<\/strong> para completar el siguiente <a href=\"https:\/\/exportaciones.cancilleria.gob.ar\/sitios\/inscripcion_promocion_poncho\/75\/1\"><strong>formulario de inscripci\u00f3n.<\/strong><\/a><\/p>\n\n\n\n<div style=\"height:25px\" aria-hidden=\"true\" class=\"wp-block-spacer\"><\/div>\n\n\n\n<p>Los cupos son limitados y cada empresa deber\u00e1 presentar un cat\u00e1logo o folleto digital preferentemente en portugu\u00e9s y en formato PDF, donde refleje de manera completa y detallada su oferta exportable, para la correspondiente confecci\u00f3n de las agendas de negocios de cada participante.<\/p>\n\n\n\n<p>Es importante aclarar que completar y enviar el formulario de inscripci\u00f3n no garantiza la participaci\u00f3n en la misi\u00f3n. Una vez que Canciller\u00eda obtenga el total de inscriptos realizar\u00e1 un proceso de selecci\u00f3n en base a la informaci\u00f3n recibida y oportunidad comercial detectada. Confirmada su participaci\u00f3n, cada postulantes recibir\u00e1 un mail con mayor informaci\u00f3n en relaci\u00f3n al programa, las agendas de negocios y los arreglos log\u00edsticos. Cada participante deber\u00e1 asumir los costos de los traslados a\u00e9reos y hospedaje en cada destino.<\/p>\n\n\n\n<div style=\"height:40px\" aria-hidden=\"true\" class=\"wp-block-spacer\"><\/div>\n\n\n\n<p class=\"has-small-font-size\"><em><strong>Fuente: Gobierno de Argentina<\/strong><\/em><\/p>\n\n\n\n<div style=\"height:31px\" aria-hidden=\"true\" class=\"wp-block-spacer\"><\/div>\n\n\n\n<p><\/p>\n\n\n\n<p><\/p>\n\n\n\n<p><\/p>\n\n\n\n<p><\/p>\n\n\n\n<p><\/p>\n","protected":false},"excerpt":{"rendered":"<p>La Subsecretar\u00eda de Promoci\u00f3n del Comercio e Inversiones, conjuntamente con la Embajada de Argentina en&hellip;<\/p>\n","protected":false},"author":3,"featured_media":86991,"comment_status":"open","ping_status":"open","sticky":false,"template":"","format":"standard","meta":{"footnotes":""},"categories":[9],"tags":[],"class_list":["post-86983","post","type-post","status-publish","format-standard","has-post-thumbnail","hentry","category-negocios"],"_links":{"self":[{"href":"https:\/\/enolife.com.ar\/es\/wp-json\/wp\/v2\/posts\/86983","targetHints":{"allow":["GET"]}}],"collection":[{"href":"https:\/\/enolife.com.ar\/es\/wp-json\/wp\/v2\/posts"}],"about":[{"href":"https:\/\/enolife.com.ar\/es\/wp-json\/wp\/v2\/types\/post"}],"author":[{"embeddable":true,"href":"https:\/\/enolife.com.ar\/es\/wp-json\/wp\/v2\/users\/3"}],"replies":[{"embeddable":true,"href":"https:\/\/enolife.com.ar\/es\/wp-json\/wp\/v2\/comments?post=86983"}],"version-history":[{"count":0,"href":"https:\/\/enolife.com.ar\/es\/wp-json\/wp\/v2\/posts\/86983\/revisions"}],"wp:featuredmedia":[{"embeddable":true,"href":"https:\/\/enolife.com.ar\/es\/wp-json\/wp\/v2\/media\/86991"}],"wp:attachment":[{"href":"https:\/\/enolife.com.ar\/es\/wp-json\/wp\/v2\/media?parent=86983"}],"wp:term":[{"taxonomy":"category","embeddable":true,"href":"https:\/\/enolife.com.ar\/es\/wp-json\/wp\/v2\/categories?post=86983"},{"taxonomy":"post_tag","embeddable":true,"href":"https:\/\/enolife.com.ar\/es\/wp-json\/wp\/v2\/tags?post=86983"}],"curies":[{"name":"wp","href":"https:\/\/api.w.org\/{rel}","templated":true}]}}