{"id":86934,"date":"2023-02-28T20:19:12","date_gmt":"2023-02-28T20:19:12","guid":{"rendered":"https:\/\/enolife.com.ar\/es\/?p=86934"},"modified":"2023-03-01T18:11:05","modified_gmt":"2023-03-01T18:11:05","slug":"feria-de-arte-solidario-vendimia-en-el-bulevar-pedro-molina-con-degustaciones-y-regalos-accesibles","status":"publish","type":"post","link":"https:\/\/enolife.com.ar\/es\/feria-de-arte-solidario-vendimia-en-el-bulevar-pedro-molina-con-degustaciones-y-regalos-accesibles\/","title":{"rendered":"Feria de Arte Solidario Vendimia en el Bulevar Pedro Molina, con degustaciones y regalos accesibles"},"content":{"rendered":"\n<h4 class=\"wp-block-heading\"><em><strong>Los pr\u00f3ximos d\u00edas jueves 2 y viernes 3 de marzo, de 8 a 18 horas, vuelve a instalarse en el centro de la Capital de Mendoza la Feria de productos regionales, objetos de dise\u00f1o y arte, vinos, aceites de oliva, ropa y diversidad de regalos, con precios razonables para mendocinos y turistas. La actividad, declarada de inter\u00e9s p\u00fablico por la Legislatura de Mendoza y apoyada por la Municipalidad local, tambi\u00e9n tiene un objetivo solidario, porque varios de los puestos de venta pertenecen a entidades de ayuda a personas con capacidades diferentes y comedores de barrios carenciados.<\/strong><\/em><\/h4>\n\n\n\n<div style=\"height:48px\" aria-hidden=\"true\" class=\"wp-block-spacer\"><\/div>\n\n\n<a href=\"https:\/\/instagram.com\/labelsolutions?igshid=YmMyMTA2M2Y=\" aria-label=\"Banner Palero 1700&#215;500\"><img loading=\"lazy\" decoding=\"async\" src=\"https:\/\/enolife.com.ar\/es\/wp-content\/uploads\/2021\/09\/Banner-Palero-1700x500-1.gif\" alt=\"\"  width=\"1700\" height=\"500\"   \/><\/a>\n\n\n<div style=\"height:45px\" aria-hidden=\"true\" class=\"wp-block-spacer\"><\/div>\n\n\n<div class=\"wp-block-image\">\n<figure class=\"alignleft size-full is-resized\"><a href=\"https:\/\/enolife.com.ar\/es\/wp-content\/uploads\/2023\/02\/Imagen1-9.jpg\" data-rel=\"penci-gallery-image-content\" ><img loading=\"lazy\" decoding=\"async\" src=\"https:\/\/enolife.com.ar\/es\/wp-content\/uploads\/2023\/02\/Imagen1-9.jpg\" alt=\"\" class=\"wp-image-86944\" width=\"412\" height=\"412\" srcset=\"https:\/\/enolife.com.ar\/es\/wp-content\/uploads\/2023\/02\/Imagen1-9.jpg 720w, https:\/\/enolife.com.ar\/es\/wp-content\/uploads\/2023\/02\/Imagen1-9-300x300.jpg 300w, https:\/\/enolife.com.ar\/es\/wp-content\/uploads\/2023\/02\/Imagen1-9-150x150.jpg 150w, https:\/\/enolife.com.ar\/es\/wp-content\/uploads\/2023\/02\/Imagen1-9-585x585.jpg 585w\" sizes=\"auto, (max-width: 412px) 100vw, 412px\" \/><\/a><\/figure><\/div>\n\n\n<p>Estos d\u00edas\u00a02 y 3 de<strong> <\/strong>marzo, como complemento del calendario de los distintos eventos y actividades de Vendimia,\u00a0vuelve a montarse la ya tradicional\u00a0<strong>Feria Accesible<\/strong> en el centro de la Capital de Mendoza. Con acceso libre y gratuito, el paseo brinda la posibilidad de recorrer el amplio bulevar de calle Pedro Molina, entre 9 de Julio y Patricias Menocinas, y tambi\u00e9n degustar productos regionales en stands y foodtrucks, adem\u00e1s de que los visitantes pueden comprar y ayudar a organizaciones solidarias.<\/p>\n\n\n\n<p>La Feria, que se implementa&nbsp;<strong>desde 2012<\/strong>, tiene como uno de sus objetivos declarados integrar a personas con discapacidad, quienes comercializan su producci\u00f3n de diferentes objetos que son realizados en talleres protegidos de ONGs locales. La actividad ha sido declarada de inter\u00e9s p\u00fablico por la&nbsp;<strong>C\u00e1mara de Diputados de Mendoza<\/strong>&nbsp;(resoluci\u00f3n 368 de 2022), y en esta oportunidad contar\u00e1 con la participaci\u00f3n de la&nbsp;<strong>Fundaci\u00f3n Cullunche<\/strong>&nbsp;y&nbsp;<strong>Fundaci\u00f3n La Campolina<\/strong>. Ambas instituciones vender\u00e1n sus productos para poder dar continuidad a las actividades ambientales y solidarias programadas para este a\u00f1o.<\/p>\n\n\n\n<p>La propuesta es organizada por&nbsp;<strong>Encuento IND<\/strong>I, con el aval de la&nbsp;<strong>Municipalidad de Mendoza<\/strong>. Entre sus atractivos en estos dos d\u00edas se cuenta la participaci\u00f3n de un stand y un foodtruck de India. Como siempre, estar\u00e1n presentes los buenos artesanos y emprendedores mendocinos, con sus libros, aceites, vinos, objetos de arte de cer\u00e1mica, plantas, velas de soja, cuadros, ilustraciones y m\u00e1s.<\/p>\n\n\n\n<div style=\"height:40px\" aria-hidden=\"true\" class=\"wp-block-spacer\"><\/div>\n","protected":false},"excerpt":{"rendered":"<p>Los pr\u00f3ximos d\u00edas jueves 2 y viernes 3 de marzo, de 8 a 18 horas,&hellip;<\/p>\n","protected":false},"author":3,"featured_media":86947,"comment_status":"open","ping_status":"open","sticky":false,"template":"","format":"standard","meta":{"footnotes":""},"categories":[47],"tags":[],"class_list":["post-86934","post","type-post","status-publish","format-standard","has-post-thumbnail","hentry","category-agenda"],"_links":{"self":[{"href":"https:\/\/enolife.com.ar\/es\/wp-json\/wp\/v2\/posts\/86934","targetHints":{"allow":["GET"]}}],"collection":[{"href":"https:\/\/enolife.com.ar\/es\/wp-json\/wp\/v2\/posts"}],"about":[{"href":"https:\/\/enolife.com.ar\/es\/wp-json\/wp\/v2\/types\/post"}],"author":[{"embeddable":true,"href":"https:\/\/enolife.com.ar\/es\/wp-json\/wp\/v2\/users\/3"}],"replies":[{"embeddable":true,"href":"https:\/\/enolife.com.ar\/es\/wp-json\/wp\/v2\/comments?post=86934"}],"version-history":[{"count":0,"href":"https:\/\/enolife.com.ar\/es\/wp-json\/wp\/v2\/posts\/86934\/revisions"}],"wp:featuredmedia":[{"embeddable":true,"href":"https:\/\/enolife.com.ar\/es\/wp-json\/wp\/v2\/media\/86947"}],"wp:attachment":[{"href":"https:\/\/enolife.com.ar\/es\/wp-json\/wp\/v2\/media?parent=86934"}],"wp:term":[{"taxonomy":"category","embeddable":true,"href":"https:\/\/enolife.com.ar\/es\/wp-json\/wp\/v2\/categories?post=86934"},{"taxonomy":"post_tag","embeddable":true,"href":"https:\/\/enolife.com.ar\/es\/wp-json\/wp\/v2\/tags?post=86934"}],"curies":[{"name":"wp","href":"https:\/\/api.w.org\/{rel}","templated":true}]}}