{"id":86838,"date":"2023-02-28T17:01:35","date_gmt":"2023-02-28T17:01:35","guid":{"rendered":"https:\/\/enolife.com.ar\/es\/?p=86838"},"modified":"2023-03-01T23:43:07","modified_gmt":"2023-03-01T23:43:07","slug":"la-fiesta-de-la-cosecha-abre-su-patio-malbec-el-1-3-a-las-19-hs-para-la-previa-de-divididos","status":"publish","type":"post","link":"https:\/\/enolife.com.ar\/es\/la-fiesta-de-la-cosecha-abre-su-patio-malbec-el-1-3-a-las-19-hs-para-la-previa-de-divididos\/","title":{"rendered":"La Fiesta de la Cosecha abre su Patio Malbec el 1\/3 a las 19 hs para la previa de Divididos"},"content":{"rendered":"\n<h4 class=\"wp-block-heading\"><em><strong>Queda un d\u00eda para la tradicional Fiesta de la Cosecha y desde la organizaci\u00f3n invitan al p\u00fablico mendocino y turistas a planificar la llegada al predio y disfrutar desde temprano de cada una las actividades que se ofrecer\u00e1n en el Patio Malbec desde las 19 hs. All\u00ed, con foodtrucks, shows en vivo, stands de bodegas y juegos se podr\u00e1 vivir la previa del show de Divididos junto a la Sinf\u00f3nica de la Universidad Nacional de Cuyo (UNCuyo). Con 15.000 entradas vendidas, es recomendable conocer las diferentes rutas que llegan al predio del Aeropuerto, porque el acceso principal por la Costanera Norte de Mendoza y la Ruta 40 est\u00e1n complicados por obras. Qu\u00e9 se necesita para entrar y el cronograma de cada una de las actividades de la celebraci\u00f3n, a continuaci\u00f3n en esta nota.<\/strong><\/em><\/h4>\n\n\n\n<div style=\"height:34px\" aria-hidden=\"true\" class=\"wp-block-spacer\"><\/div>\n\n\n\n\n\n<div style=\"height:45px\" aria-hidden=\"true\" class=\"wp-block-spacer\"><\/div>\n\n\n\n<p>El Fondo Vitivin\u00edcola y la Municipalidad de Las Heras, organizadores de la Fiesta de la Cosecha que se realizar\u00e1 el mi\u00e9rcoles 1 de marzo en el Aeropuerto de Mendoza, difundieron los puntos a tener en cuenta para disfrutar plenamente de la celebraci\u00f3n. Es muy importante resaltar que habr\u00e1 un estricto control de ingreso a trav\u00e9s del escaneo del QR de la entrada (no hace falta imprimirla, se puede escanear desde el celular) y la mejor recomendaci\u00f3n es llegar temprano.<\/p>\n\n\n\n<div style=\"height:25px\" aria-hidden=\"true\" class=\"wp-block-spacer\"><\/div>\n\n\n\n<p class=\"has-medium-font-size\"><strong>Rutas de llegada al Aeropuerto<\/strong><\/p>\n\n\n\n<p>Por las obras que se est\u00e1n realizando en el Acceso Norte (Ruta 40), se recomiendan las siguientes alternativas: <\/p>\n\n\n\n<p>1 &#8211; <strong>Por calles internas<\/strong> de Las Heras, como Lisandro Moyano, hasta Independencia y de ah\u00ed conectar con el Acceso Norte.<\/p>\n\n\n\n<p>2 &#8211; <strong>Por \u00c1lvarez Condarco<\/strong>, en Las Heras, se puede llegar hasta la rotonda de Jorge Newbery e ingresar al predio desde all\u00ed.&nbsp;<\/p>\n\n\n<div class=\"wp-block-image\">\n<figure class=\"aligncenter size-large is-resized\"><a href=\"https:\/\/enolife.com.ar\/es\/wp-content\/uploads\/2023\/02\/image-33.png\" data-rel=\"penci-gallery-image-content\" ><img loading=\"lazy\" decoding=\"async\" src=\"https:\/\/enolife.com.ar\/es\/wp-content\/uploads\/2023\/02\/image-33-724x1024.png\" alt=\"\" class=\"wp-image-86841\" width=\"332\" height=\"470\" srcset=\"https:\/\/enolife.com.ar\/es\/wp-content\/uploads\/2023\/02\/image-33-724x1024.png 724w, https:\/\/enolife.com.ar\/es\/wp-content\/uploads\/2023\/02\/image-33-212x300.png 212w, https:\/\/enolife.com.ar\/es\/wp-content\/uploads\/2023\/02\/image-33-768x1086.png 768w, https:\/\/enolife.com.ar\/es\/wp-content\/uploads\/2023\/02\/image-33-585x827.png 585w, https:\/\/enolife.com.ar\/es\/wp-content\/uploads\/2023\/02\/image-33.png 893w\" sizes=\"auto, (max-width: 332px) 100vw, 332px\" \/><\/a><\/figure><\/div>\n\n\n<p>3 &#8211;<strong> Desde El Algarrobal<\/strong>, por General Paz, tambi\u00e9n se puede conectar con el Acceso Norte a la altura de la rotonda de la IV Brigada A\u00e9rea.<\/p>\n\n\n<div class=\"wp-block-image\">\n<figure class=\"aligncenter size-large is-resized\"><a href=\"https:\/\/enolife.com.ar\/es\/wp-content\/uploads\/2023\/02\/image-32.png\" data-rel=\"penci-gallery-image-content\" ><img loading=\"lazy\" decoding=\"async\" src=\"https:\/\/enolife.com.ar\/es\/wp-content\/uploads\/2023\/02\/image-32-724x1024.png\" alt=\"\" class=\"wp-image-86839\" width=\"332\" height=\"469\" srcset=\"https:\/\/enolife.com.ar\/es\/wp-content\/uploads\/2023\/02\/image-32-724x1024.png 724w, https:\/\/enolife.com.ar\/es\/wp-content\/uploads\/2023\/02\/image-32-212x300.png 212w, https:\/\/enolife.com.ar\/es\/wp-content\/uploads\/2023\/02\/image-32-768x1087.png 768w, https:\/\/enolife.com.ar\/es\/wp-content\/uploads\/2023\/02\/image-32-585x828.png 585w, https:\/\/enolife.com.ar\/es\/wp-content\/uploads\/2023\/02\/image-32.png 800w\" sizes=\"auto, (max-width: 332px) 100vw, 332px\" \/><\/a><\/figure><\/div>\n\n\n<p class=\"has-medium-font-size\"><strong>Ingresos al predio<\/strong><\/p>\n\n\n\n<p>El ingreso no ser\u00e1 por la entrada tradicional al aeropuerto, habr\u00e1n 3 portones espec\u00edficos para ello.<\/p>\n\n\n\n<p>1 &#8211; Por la rotonda del Parque Industrial: ingreso general (sectores A y B)<\/p>\n\n\n\n<p>2 &#8211; Por la rotonda de Jorge Newbery: ingreso general (sectores A y B)<\/p>\n\n\n\n<p>3 &#8211; Port\u00f3n para personas con Discapacidad: a 50 metros hacia el Norte del ingreso al edificio del aeropuerto.<\/p>\n\n\n\n<div style=\"height:25px\" aria-hidden=\"true\" class=\"wp-block-spacer\"><\/div>\n\n\n\n<p class=\"has-medium-font-size\"><strong>Estacionamiento<\/strong><\/p>\n\n\n\n<p>El estacionamiento es general, no hay sectores discriminados excepto el de Discapacidad. La Guardia Urbana Municipal de Las Heras, la Polic\u00eda Vial y la Polic\u00eda de Mendoza cuidar\u00e1n el orden y la entrada de los autos. Desde la organizaci\u00f3n resaltan la importancia de respetar las indicaciones para que el ingreso y la salida se desarrollen armoniosamente.<\/p>\n\n\n\n<div style=\"height:25px\" aria-hidden=\"true\" class=\"wp-block-spacer\"><\/div>\n\n\n\n<p class=\"has-medium-font-size\"><strong>Alternativas para llegar en transporte p\u00fablico<\/strong><\/p>\n\n\n\n<p><strong>Colectivos gratis del grupo 600<\/strong>: Saldr\u00e1n desde el control en calle Independencia (Las&nbsp; Heras) hacia el Aeropuerto desde las 19 y hasta las 21 hs y de vuelta, desde el Aeropuerto hasta el control, desde las 23.30 a las 02.00 hs del d\u00eda 2\/3. Se podr\u00e1 utilizar el boleto trasbordo desde cualquier l\u00ednea a unidades del grupo mencionado, siempre que tengan como punto terminal el Control o bien que pasen por \u00e9l.<\/p>\n\n\n\n<p><strong>Cabify&nbsp;<\/strong>ofrecer\u00e1 un descuento de 20% para todos los viajes de ida y vuelta a la Fiesta de la Cosecha. En su aplicaci\u00f3n, para aprovecharlo se debe introducir el c\u00f3digo FIESTACOSECHA.<\/p>\n\n\n\n<div style=\"height:25px\" aria-hidden=\"true\" class=\"wp-block-spacer\"><\/div>\n\n\n\n<p class=\"has-medium-font-size\"><strong>Horarios y programa<\/strong><\/p>\n\n\n\n<p>El predio se hablita a las <strong>18 hs.<\/strong> para el <strong>ingreso del p\u00fablico. <\/strong><\/p>\n\n\n\n<p><strong>A las 19<\/strong> <strong>hs&nbsp;<\/strong>comienza el espect\u00e1culo en el <strong>Patio Malbec:<\/strong> <\/p>\n\n\n\n<ul class=\"wp-block-list\">\n<li><strong>Folklore con Cristian Soloa: <\/strong>un artista de gran proyecci\u00f3n que salt\u00f3 a la fama en el programa Operaci\u00f3n Triunfo y que ha recorrido escenarios en todo el pa\u00eds y latinoam\u00e9rica. Due\u00f1o de una voz inigualable, desplegar\u00e1 su repertorio folkl\u00f3rico en el Patio donde todo estar\u00e1 dispuesto para el disfrute: <em>\u00abEs un enorme privilegio estar en esta Fiesta de la Cosecha, tan representativo de nuestra cultura\u00bb,<\/em> dijo el int\u00e9rprete.<\/li>\n\n\n\n<li><strong>Dj Jos\u00e9: <\/strong>pondr\u00e1 ritmo durante el atardecer<\/li>\n\n\n\n<li><strong>Patio de comidas<\/strong> con foodtrucks de Amegam<\/li>\n\n\n\n<li>Stands de <strong>bodegas<\/strong><\/li>\n\n\n\n<li>Los <strong>patrocinadores <\/strong>del Patio ofrecer\u00e1n<strong> sorteos<\/strong> e informaci\u00f3n tur\u00edstica para vivir una gran previa, estar\u00e1n Sky L\u00edneas A\u00e9reas, Fargo, Chocolezza, Guarda14 y Villavicencio, entre otros. <\/li>\n<\/ul>\n\n\n\n<div style=\"height:25px\" aria-hidden=\"true\" class=\"wp-block-spacer\"><\/div>\n\n\n<div class=\"wp-block-image\">\n<figure class=\"aligncenter size-full is-resized\"><a href=\"https:\/\/enolife.com.ar\/es\/wp-content\/uploads\/2023\/02\/f768x1-163362_163489_5050.jpg\" data-rel=\"penci-gallery-image-content\" ><img loading=\"lazy\" decoding=\"async\" src=\"https:\/\/enolife.com.ar\/es\/wp-content\/uploads\/2023\/02\/f768x1-163362_163489_5050.jpg\" alt=\"\" class=\"wp-image-86862\" width=\"605\" height=\"402\" srcset=\"https:\/\/enolife.com.ar\/es\/wp-content\/uploads\/2023\/02\/f768x1-163362_163489_5050.jpg 768w, https:\/\/enolife.com.ar\/es\/wp-content\/uploads\/2023\/02\/f768x1-163362_163489_5050-300x200.jpg 300w, https:\/\/enolife.com.ar\/es\/wp-content\/uploads\/2023\/02\/f768x1-163362_163489_5050-585x389.jpg 585w\" sizes=\"auto, (max-width: 605px) 100vw, 605px\" \/><\/a><figcaption class=\"wp-element-caption\"><em><strong>Patio Malbec, abierto desde las 19 hs<\/strong><\/em><\/figcaption><\/figure><\/div>\n\n\n<div style=\"height:25px\" aria-hidden=\"true\" class=\"wp-block-spacer\"><\/div>\n\n\n\n<p><strong>A las 22 hs comienza el concierto<\/strong> con la Orquesta Sinf\u00f3nica de la Universidad Nacional de Cuyo, ensamble cuyano \u2013Nicol\u00e1s Diez, Mart\u00edn Barros, Julieta y Patricia Cangemi, D\u00fao Nuevo Cuyo, Gabriel Narv\u00e1ez, Laureano Busse, Daniela Calder\u00f3n y Fabio Garro- y Divididos como invitados especiales.&nbsp;<\/p>\n\n\n\n<p>El potente tr\u00edo viene a celebrar sus 35 a\u00f1os de trayectoria en el escenario de la Fiesta de la Cosecha. Para este concierto \u00fanico, cuentan con arreglos originales compuestos por los mendocinos Joaqu\u00edn Guevara y Juan Emilio Cucchiarelli. Mollo, Arnedo y Catriel repasar\u00e1n muchos de los temas que ya son himnos de la m\u00fasica nacional.<\/p>\n\n\n\n<div style=\"height:25px\" aria-hidden=\"true\" class=\"wp-block-spacer\"><\/div>\n\n\n<div class=\"wp-block-image\">\n<figure class=\"aligncenter size-large is-resized\"><a href=\"https:\/\/enolife.com.ar\/es\/wp-content\/uploads\/2023\/02\/Divididos.jpg\" data-rel=\"penci-gallery-image-content\" ><img loading=\"lazy\" decoding=\"async\" src=\"https:\/\/enolife.com.ar\/es\/wp-content\/uploads\/2023\/02\/Divididos-1024x1024.jpg\" alt=\"\" class=\"wp-image-86865\" width=\"501\" height=\"501\" srcset=\"https:\/\/enolife.com.ar\/es\/wp-content\/uploads\/2023\/02\/Divididos-1024x1024.jpg 1024w, https:\/\/enolife.com.ar\/es\/wp-content\/uploads\/2023\/02\/Divididos-300x300.jpg 300w, https:\/\/enolife.com.ar\/es\/wp-content\/uploads\/2023\/02\/Divididos-150x150.jpg 150w, https:\/\/enolife.com.ar\/es\/wp-content\/uploads\/2023\/02\/Divididos-768x768.jpg 768w, https:\/\/enolife.com.ar\/es\/wp-content\/uploads\/2023\/02\/Divididos-1170x1170.jpg 1170w, https:\/\/enolife.com.ar\/es\/wp-content\/uploads\/2023\/02\/Divididos-585x585.jpg 585w, https:\/\/enolife.com.ar\/es\/wp-content\/uploads\/2023\/02\/Divididos.jpg 1200w\" sizes=\"auto, (max-width: 501px) 100vw, 501px\" \/><\/a><\/figure><\/div>\n\n\n<div style=\"height:25px\" aria-hidden=\"true\" class=\"wp-block-spacer\"><\/div>\n\n\n\n<p>Para quienes no puedan asistir, podr\u00e1n ver la Fiesta <strong>en directo por la TV P\u00fablica a las 22 hs.<\/strong>, o bien a trav\u00e9s del canal de YouTube de El Vino Nos Une. <\/p>\n\n\n\n<div style=\"height:25px\" aria-hidden=\"true\" class=\"wp-block-spacer\"><\/div>\n\n\n\n<p class=\"has-medium-font-size\"><strong>Fiesta sustentable<\/strong><\/p>\n\n\n\n<p>Como en ediciones anteriores, la Fiesta busca seguir generando un impacto positivo en el medio ambiente. Maderas Pl\u00e1sticas Mendoza estar\u00e1 presente junto a Jun\u00edn Punto Verde, ambos se encargar\u00e1n de reciclar todo el pl\u00e1stico descartado en la Fiesta de la Cosecha y convertirlo en postes para vi\u00f1as. Adem\u00e1s, este a\u00f1o la Fiesta se despidi\u00f3 de las entradas papel, habilitando el ingreso a trav\u00e9s de un c\u00f3digo QR que los asistentes podr\u00e1n presentar en sus m\u00f3viles. La Municipalidad de Las Heras tambi\u00e9n sumar\u00e1 su Punto Verde, siempre con la intenci\u00f3n de concientizar sobre el cuidado del medioambiente.<\/p>\n\n\n\n<p><strong>Toda la info de la Fiesta de la Cosecha en @fiestadelacosecha y&nbsp;<a href=\"https:\/\/elvinonosune.us15.list-manage.com\/track\/click?u=893404577f149ca331e36a99b&amp;id=07b9b880dc&amp;e=c8feb6be5f\" target=\"_blank\" rel=\"noreferrer noopener\">www.fiestadelacosecha.com.ar<\/a><\/strong><\/p>\n\n\n\n<div style=\"height:45px\" aria-hidden=\"true\" class=\"wp-block-spacer\"><\/div>\n","protected":false},"excerpt":{"rendered":"<p>Queda un d\u00eda para la tradicional Fiesta de la Cosecha y desde la organizaci\u00f3n invitan&hellip;<\/p>\n","protected":false},"author":3,"featured_media":86864,"comment_status":"open","ping_status":"open","sticky":false,"template":"","format":"standard","meta":{"footnotes":""},"categories":[47],"tags":[],"class_list":["post-86838","post","type-post","status-publish","format-standard","has-post-thumbnail","hentry","category-agenda"],"_links":{"self":[{"href":"https:\/\/enolife.com.ar\/es\/wp-json\/wp\/v2\/posts\/86838","targetHints":{"allow":["GET"]}}],"collection":[{"href":"https:\/\/enolife.com.ar\/es\/wp-json\/wp\/v2\/posts"}],"about":[{"href":"https:\/\/enolife.com.ar\/es\/wp-json\/wp\/v2\/types\/post"}],"author":[{"embeddable":true,"href":"https:\/\/enolife.com.ar\/es\/wp-json\/wp\/v2\/users\/3"}],"replies":[{"embeddable":true,"href":"https:\/\/enolife.com.ar\/es\/wp-json\/wp\/v2\/comments?post=86838"}],"version-history":[{"count":0,"href":"https:\/\/enolife.com.ar\/es\/wp-json\/wp\/v2\/posts\/86838\/revisions"}],"wp:featuredmedia":[{"embeddable":true,"href":"https:\/\/enolife.com.ar\/es\/wp-json\/wp\/v2\/media\/86864"}],"wp:attachment":[{"href":"https:\/\/enolife.com.ar\/es\/wp-json\/wp\/v2\/media?parent=86838"}],"wp:term":[{"taxonomy":"category","embeddable":true,"href":"https:\/\/enolife.com.ar\/es\/wp-json\/wp\/v2\/categories?post=86838"},{"taxonomy":"post_tag","embeddable":true,"href":"https:\/\/enolife.com.ar\/es\/wp-json\/wp\/v2\/tags?post=86838"}],"curies":[{"name":"wp","href":"https:\/\/api.w.org\/{rel}","templated":true}]}}