{"id":86679,"date":"2023-02-28T17:23:45","date_gmt":"2023-02-28T17:23:45","guid":{"rendered":"https:\/\/enolife.com.ar\/es\/?p=86679"},"modified":"2023-03-03T13:06:52","modified_gmt":"2023-03-03T13:06:52","slug":"de-la-mano-de-avm-la-virgen-de-la-carrodilla-llega-a-lavalle-en-un-mural-de-mayolicas","status":"publish","type":"post","link":"https:\/\/enolife.com.ar\/es\/de-la-mano-de-avm-la-virgen-de-la-carrodilla-llega-a-lavalle-en-un-mural-de-mayolicas\/","title":{"rendered":"De la mano de AVM, la Virgen de la Carrodilla llega a Lavalle en un mural de may\u00f3licas"},"content":{"rendered":"\n<h4 class=\"wp-block-heading\"><em><strong>La Asociaci\u00f3n Vi\u00f1ateros de Mendoza (AVM), junto a la Municipalidad de Lavalle, inauguraron el 24\/2 el segundo mural imagen de la Virgen de la Carrodilla, de los 4 encargados por la entidad a la artista mendocina Marta Isabel Moyano, para emplazar en los distintos oasis mendocinos. Para quienes quieran visitarlo, est\u00e1 ubicado en la Rotonda del Cristo, camino a Gustavo Andr\u00e9, en Costa de Araujo, sobre la Ruta Nacional 142. La obra se concret\u00f3 con la intenci\u00f3n de mantener vigentes los valores vendimiales y el deseo de muchos vi\u00f1ateros locales que tienen fe en la Virgen de encomendarse a Patrona de los Vi\u00f1edos.<\/strong><\/em><\/h4>\n\n\n\n<div style=\"height:35px\" aria-hidden=\"true\" class=\"wp-block-spacer\"><\/div>\n\n\n<a href=\"https:\/\/grupoaltasur.com\/\" aria-label=\"1700-500px\"><img loading=\"lazy\" decoding=\"async\" src=\"https:\/\/enolife.com.ar\/es\/wp-content\/uploads\/2021\/01\/1700-500px.jpg\" alt=\"\"  srcset=\"https:\/\/enolife.com.ar\/es\/wp-content\/uploads\/2021\/01\/1700-500px.jpg 1700w, https:\/\/enolife.com.ar\/es\/wp-content\/uploads\/2021\/01\/1700-500px-300x88.jpg 300w, https:\/\/enolife.com.ar\/es\/wp-content\/uploads\/2021\/01\/1700-500px-1024x301.jpg 1024w, https:\/\/enolife.com.ar\/es\/wp-content\/uploads\/2021\/01\/1700-500px-768x226.jpg 768w, https:\/\/enolife.com.ar\/es\/wp-content\/uploads\/2021\/01\/1700-500px-1536x452.jpg 1536w, https:\/\/enolife.com.ar\/es\/wp-content\/uploads\/2021\/01\/1700-500px-1170x344.jpg 1170w, https:\/\/enolife.com.ar\/es\/wp-content\/uploads\/2021\/01\/1700-500px-585x172.jpg 585w\" sizes=\"auto, (max-width: 1700px) 100vw, 1700px\" width=\"1700\" height=\"500\"   \/><\/a>\n\n\n<div style=\"height:45px\" aria-hidden=\"true\" class=\"wp-block-spacer\"><\/div>\n\n\n\n<p>En julio de 2021, la AVM encarg\u00f3 a la <strong>ceramista mendocina Marta Isabel Moyano<\/strong>, 4 im\u00e1genes de la Virgen de la Carrodilla, Patrona de los Vi\u00f1edos, en murales de cer\u00e1mica, de 1,60 m de alto por 1 m de ancho, realizados con la t\u00e9cnica de may\u00f3licas. El objetivo es emplazar cada una de ellas en los 4 oasis productivos de la provincia de Mendoza revalorizando el espacio religioso y la tarea que a diario realizan los vi\u00f1ateros esperanzados en una pr\u00f3spera cosecha, llevando un mensaje de paz, salud y trabajo.<\/p>\n\n\n\n<p>El 18\/1 se coloc\u00f3 el primero de ellos en<em> <\/em>la Rotonda del Nuevo Mundo, entre los departamentos de Jun\u00edn y Rivadavia (Oasis Este) y el 24\/2 fue el tiempo para la inauguraci\u00f3n en el departamento de Lavalle (Oasais Norte) al ingreso de la zona productiva provincial, en la Rotonda del Cristo, camino a Gustavo Andr\u00e9, en Costa de Araujo, sobre la Ruta Nacional 142.<\/p>\n\n\n\n<p>Durante la jornada se hizo la bendici\u00f3n de la Virgen a cargo del cura p\u00e1rroco, y luego <strong>Santiago Sancho<\/strong>, <strong>tesorero de AVM<\/strong>, en representaci\u00f3n de su presidente Eduardo C\u00f3rdoba, expres\u00f3 que <em>\u201cEsta obra representa la importancia que le damos los vi\u00f1ateros a la imagen de nuestra patrona. Sabemos que adem\u00e1s de trabajar la tierra durante todo el a\u00f1o, existen factores que condicionan nuestras producciones, sabemos que siempre existe algo m\u00e1s arriba de nosotros, y es por eso que apelamos en este caso a la Virgen para llegar a tener los frutos de nuestro trabajo. Estamos muy felices del trabajo que venimos desarrollando, primero en Jun\u00edn, ahora con nuestros vecinos de Lavalle, y llegaremos pr\u00f3ximamente a toda la Provincia\u201d<\/em>.<\/p>\n\n\n\n<div style=\"height:25px\" aria-hidden=\"true\" class=\"wp-block-spacer\"><\/div>\n\n\n<div class=\"wp-block-image\">\n<figure class=\"aligncenter size-full is-resized\"><a href=\"https:\/\/enolife.com.ar\/es\/wp-content\/uploads\/2023\/02\/Imagen4-4.jpg\" data-rel=\"penci-gallery-image-content\" ><img loading=\"lazy\" decoding=\"async\" src=\"https:\/\/enolife.com.ar\/es\/wp-content\/uploads\/2023\/02\/Imagen4-4.jpg\" alt=\"\" class=\"wp-image-86899\" width=\"510\" height=\"443\" srcset=\"https:\/\/enolife.com.ar\/es\/wp-content\/uploads\/2023\/02\/Imagen4-4.jpg 545w, https:\/\/enolife.com.ar\/es\/wp-content\/uploads\/2023\/02\/Imagen4-4-300x260.jpg 300w\" sizes=\"auto, (max-width: 510px) 100vw, 510px\" \/><\/a><figcaption class=\"wp-element-caption\"><em><strong>Santiago Sancho<\/strong><\/em><\/figcaption><\/figure><\/div>\n\n\n<div style=\"height:25px\" aria-hidden=\"true\" class=\"wp-block-spacer\"><\/div>\n\n\n\n<p>Tambi\u00e9n particip\u00f3 el <strong>intendente de la Municipalidad de Lavalle, Roberto Righi, quien <\/strong>agradeci\u00f3 la predisposici\u00f3n de los miembros de AVM y expres\u00f3: <em>\u201cEste espacio del Cristo lo hemos realizado y mejorado porque es un sitio muy querido para todos los lavallinos y los costenses. Ahora llega nuestra patrona de los vi\u00f1edos y embellece a\u00fan m\u00e1s el lugar. Ser\u00e1 un sitio no s\u00f3lo para pedir sino de agradecimiento por todo lo que ella hace por nosotros\u201d<\/em>.<\/p>\n\n\n\n<p><em>\u201cEstas acciones, como tantas otras que realiza la AVM, demuestran que trabajan codo a codo con el productor, en el territorio. Por eso desde nuestra comuna, van a contar con el apoyo permanente a cada acci\u00f3n que realicen\u201d<\/em>, agreg\u00f3 Righi, aludiendo a los programas que ejecuta la entidad, como por ejemplo la cosecha semi asistida tambi\u00e9n en Lavalle, el apoyo a trav\u00e9s del programa Pr\u00f3cer en San Rafael con asesoramiento t\u00e9cnico y las capacitaciones en poda y maquinarias de pulverizaci\u00f3n a lo largo y ancho de Mendoza.<\/p>\n\n\n\n<div style=\"height:25px\" aria-hidden=\"true\" class=\"wp-block-spacer\"><\/div>\n\n\n<div class=\"wp-block-image\">\n<figure class=\"aligncenter size-full is-resized\"><a href=\"https:\/\/enolife.com.ar\/es\/wp-content\/uploads\/2023\/02\/Imagen3-4.jpg\" data-rel=\"penci-gallery-image-content\" ><img loading=\"lazy\" decoding=\"async\" src=\"https:\/\/enolife.com.ar\/es\/wp-content\/uploads\/2023\/02\/Imagen3-4.jpg\" alt=\"\" class=\"wp-image-86901\" width=\"648\" height=\"386\" srcset=\"https:\/\/enolife.com.ar\/es\/wp-content\/uploads\/2023\/02\/Imagen3-4.jpg 600w, https:\/\/enolife.com.ar\/es\/wp-content\/uploads\/2023\/02\/Imagen3-4-300x179.jpg 300w, https:\/\/enolife.com.ar\/es\/wp-content\/uploads\/2023\/02\/Imagen3-4-585x348.jpg 585w\" sizes=\"auto, (max-width: 648px) 100vw, 648px\" \/><\/a><figcaption class=\"wp-element-caption\"><em><strong>Los asistentes durante la inauguraci\u00f3n del mural de la Virgen de la Carrodilla en Lavalle<\/strong><\/em><\/figcaption><\/figure><\/div>\n\n\n<div style=\"height:25px\" aria-hidden=\"true\" class=\"wp-block-spacer\"><\/div>\n\n\n\n<p>Una vez culminado el evento, que reuni\u00f3 a numerosos miembros de la comunidad de la zona de Gustavo Andr\u00e9, Costa de Araujo y Lavalle, los asistentes disfrutaron de un show musical del artista Carlos M\u00e9ndez y su conjunto. Adem\u00e1s de la tradicional canci\u00f3n de la Virgen de la Carrodilla que dio el marco emotivo al show art\u00edstico, interpretaron una canci\u00f3n exclusiva sobre la Virgen y P\u00f3ngale por las hileras. De esta manera, al ritmo del folklore, los asistentes pudieron retratarse para la posteridad con la nueva imagen.<\/p>\n\n\n\n<p>Quedan a\u00fan por emplazar dos murales, uno para el Valle de Uco y el otro en el Sur Provincial.<\/p>\n\n\n\n<div style=\"height:30px\" aria-hidden=\"true\" class=\"wp-block-spacer\"><\/div>\n","protected":false},"excerpt":{"rendered":"<p>La Asociaci\u00f3n Vi\u00f1ateros de Mendoza (AVM), junto a la Municipalidad de Lavalle, inauguraron el 24\/2&hellip;<\/p>\n","protected":false},"author":3,"featured_media":86898,"comment_status":"open","ping_status":"open","sticky":false,"template":"","format":"standard","meta":{"footnotes":""},"categories":[14],"tags":[],"class_list":["post-86679","post","type-post","status-publish","format-standard","has-post-thumbnail","hentry","category-news"],"_links":{"self":[{"href":"https:\/\/enolife.com.ar\/es\/wp-json\/wp\/v2\/posts\/86679","targetHints":{"allow":["GET"]}}],"collection":[{"href":"https:\/\/enolife.com.ar\/es\/wp-json\/wp\/v2\/posts"}],"about":[{"href":"https:\/\/enolife.com.ar\/es\/wp-json\/wp\/v2\/types\/post"}],"author":[{"embeddable":true,"href":"https:\/\/enolife.com.ar\/es\/wp-json\/wp\/v2\/users\/3"}],"replies":[{"embeddable":true,"href":"https:\/\/enolife.com.ar\/es\/wp-json\/wp\/v2\/comments?post=86679"}],"version-history":[{"count":0,"href":"https:\/\/enolife.com.ar\/es\/wp-json\/wp\/v2\/posts\/86679\/revisions"}],"wp:featuredmedia":[{"embeddable":true,"href":"https:\/\/enolife.com.ar\/es\/wp-json\/wp\/v2\/media\/86898"}],"wp:attachment":[{"href":"https:\/\/enolife.com.ar\/es\/wp-json\/wp\/v2\/media?parent=86679"}],"wp:term":[{"taxonomy":"category","embeddable":true,"href":"https:\/\/enolife.com.ar\/es\/wp-json\/wp\/v2\/categories?post=86679"},{"taxonomy":"post_tag","embeddable":true,"href":"https:\/\/enolife.com.ar\/es\/wp-json\/wp\/v2\/tags?post=86679"}],"curies":[{"name":"wp","href":"https:\/\/api.w.org\/{rel}","templated":true}]}}