{"id":86615,"date":"2023-02-25T18:13:18","date_gmt":"2023-02-25T18:13:18","guid":{"rendered":"https:\/\/enolife.com.ar\/es\/?p=86615"},"modified":"2023-02-27T21:52:19","modified_gmt":"2023-02-27T21:52:19","slug":"en-12-semanas-de-vendimia-se-cosecharon-247-992-348-kg-de-uva-33-que-en-igual-periodo-de-2022","status":"publish","type":"post","link":"https:\/\/enolife.com.ar\/es\/en-12-semanas-de-vendimia-se-cosecharon-247-992-348-kg-de-uva-33-que-en-igual-periodo-de-2022\/","title":{"rendered":"En 12 semanas de vendimia se cosecharon 247.992.348 kg de uva, +3,3% que en igual per\u00edodo de 2022"},"content":{"rendered":"\n<h4 class=\"wp-block-heading\"><em><strong>El Instituto Nacional de Vitivinicultura divulg\u00f3 el 23\/2 el volumen de uva cosechada al 19 de febrero de 2023 (semana 12 de vendimia), que en total resulta en 247.992.348 kg en todo el pa\u00eds, un 3,3% m\u00e1s que en igual laposo de 2022. San Juan muestra una baja en la cosecha con respecto al a\u00f1o pasado de -3,7%. En Mendoza, por el contrario, la recolecci\u00f3n fue un 16,5% mayor hasta ahora. Las regiones vitivin\u00edcolas m\u00e1s afectadas son Salta (-68,7%) y La Rioja (-45%).<\/strong><\/em><\/h4>\n\n\n\n<hr class=\"wp-block-separator has-alpha-channel-opacity\"\/>\n\n\n\n<h4 class=\"wp-block-heading\"><em><strong>Foto principal de Cecilia R\u00e9bora, concurso \u00abTiempo de Cosecha 2021\u00bb de Enolife y la Asociaci\u00f3n de Vi\u00f1ateros de Mendoza. <\/strong><\/em><\/h4>\n\n\n\n<div style=\"height:34px\" aria-hidden=\"true\" class=\"wp-block-spacer\"><\/div>\n\n\n<a href=\"https:\/\/grupoaltasur.com\/\" aria-label=\"1700-500px\"><img loading=\"lazy\" decoding=\"async\" src=\"https:\/\/enolife.com.ar\/es\/wp-content\/uploads\/2021\/01\/1700-500px.jpg\" alt=\"\"  srcset=\"https:\/\/enolife.com.ar\/es\/wp-content\/uploads\/2021\/01\/1700-500px.jpg 1700w, https:\/\/enolife.com.ar\/es\/wp-content\/uploads\/2021\/01\/1700-500px-300x88.jpg 300w, https:\/\/enolife.com.ar\/es\/wp-content\/uploads\/2021\/01\/1700-500px-1024x301.jpg 1024w, https:\/\/enolife.com.ar\/es\/wp-content\/uploads\/2021\/01\/1700-500px-768x226.jpg 768w, https:\/\/enolife.com.ar\/es\/wp-content\/uploads\/2021\/01\/1700-500px-1536x452.jpg 1536w, https:\/\/enolife.com.ar\/es\/wp-content\/uploads\/2021\/01\/1700-500px-1170x344.jpg 1170w, https:\/\/enolife.com.ar\/es\/wp-content\/uploads\/2021\/01\/1700-500px-585x172.jpg 585w\" sizes=\"auto, (max-width: 1700px) 100vw, 1700px\" width=\"1700\" height=\"500\"   \/><\/a>\n\n\n<div style=\"height:45px\" aria-hidden=\"true\" class=\"wp-block-spacer\"><\/div>\n\n\n\n<p>El primer informe de cosecha de 2023 publicado por el INV corresponde a la semana 12 de la vendimia y, si bien es muy temprano para sacar conclusiones, por ahora la tendencia muestra, en el total, un leve crecimiento respecto a 2022, marcado por las regiones del Centro y Este de Mendoza. <\/p>\n\n\n\n<p>En cuanto a la elaboraci\u00f3n, se observa comparativamente entre 2022 y 2023 un aumento del 3,5% en vinos descubados, pero un notorio descenso en el mosto del -39%.<\/p>\n\n\n\n<p>A continuaci\u00f3n replicamos los cuadros estad\u00edsticos elaborados por el INV con los n\u00fameros de la cosecha de uva al 19\/2\/22. <\/p>\n\n\n\n<p class=\"has-background\" style=\"background-color:#fcb90066\"><strong>Para comparar 2023 con 2022, pod\u00e9s ver la publicaci\u00f3n de Enolife del a\u00f1o pasado: <a href=\"https:\/\/enolife.com.ar\/es\/en-12-semanas-de-cosecha-ya-se-recolectaron-239-907-466-kilos-de-uva-en-argentina\/\" title=\"\">AQU\u00cd<\/a><\/strong><\/p>\n\n\n\n<div style=\"height:35px\" aria-hidden=\"true\" class=\"wp-block-spacer\"><\/div>\n\n\n\n<p class=\"has-text-align-center has-medium-font-size\"><strong>Informe proceso de elaboraci\u00f3n 2023<\/strong><\/p>\n\n\n\n<p class=\"has-text-align-center has-background\" style=\"background-color:#abb7c24a\"><strong>Totales acumulados a la semana 12 comprendida hasta el 19-02-2023<\/strong><\/p>\n\n\n<div class=\"wp-block-image\">\n<figure class=\"aligncenter size-full\"><a href=\"https:\/\/enolife.com.ar\/es\/wp-content\/uploads\/2023\/02\/Imagen1-6.jpg\" data-rel=\"penci-gallery-image-content\" ><img loading=\"lazy\" decoding=\"async\" width=\"1005\" height=\"685\" src=\"https:\/\/enolife.com.ar\/es\/wp-content\/uploads\/2023\/02\/Imagen1-6.jpg\" alt=\"\" class=\"wp-image-86627\" srcset=\"https:\/\/enolife.com.ar\/es\/wp-content\/uploads\/2023\/02\/Imagen1-6.jpg 1005w, https:\/\/enolife.com.ar\/es\/wp-content\/uploads\/2023\/02\/Imagen1-6-300x204.jpg 300w, https:\/\/enolife.com.ar\/es\/wp-content\/uploads\/2023\/02\/Imagen1-6-768x523.jpg 768w, https:\/\/enolife.com.ar\/es\/wp-content\/uploads\/2023\/02\/Imagen1-6-585x399.jpg 585w\" sizes=\"auto, (max-width: 1005px) 100vw, 1005px\" \/><\/a><\/figure><\/div>\n\n\n<p><\/p>\n\n\n<div class=\"wp-block-image\">\n<figure class=\"aligncenter size-full\"><a href=\"https:\/\/enolife.com.ar\/es\/wp-content\/uploads\/2023\/02\/Imagen2-6.jpg\" data-rel=\"penci-gallery-image-content\" ><img loading=\"lazy\" decoding=\"async\" width=\"1005\" height=\"191\" src=\"https:\/\/enolife.com.ar\/es\/wp-content\/uploads\/2023\/02\/Imagen2-6.jpg\" alt=\"\" class=\"wp-image-86628\" srcset=\"https:\/\/enolife.com.ar\/es\/wp-content\/uploads\/2023\/02\/Imagen2-6.jpg 1005w, https:\/\/enolife.com.ar\/es\/wp-content\/uploads\/2023\/02\/Imagen2-6-300x57.jpg 300w, https:\/\/enolife.com.ar\/es\/wp-content\/uploads\/2023\/02\/Imagen2-6-768x146.jpg 768w, https:\/\/enolife.com.ar\/es\/wp-content\/uploads\/2023\/02\/Imagen2-6-585x111.jpg 585w\" sizes=\"auto, (max-width: 1005px) 100vw, 1005px\" \/><\/a><\/figure><\/div>\n\n\n<div style=\"height:35px\" aria-hidden=\"true\" class=\"wp-block-spacer\"><\/div>\n\n\n\n<p class=\"has-text-align-center has-medium-font-size\"><strong>Comparativo kilogramos de uva 2013\/2023<\/strong><\/p>\n\n\n\n<p class=\"has-text-align-center has-background\" style=\"background-color:#abb7c24a\"><strong>Acumulado al 19\/2 de cada a\u00f1o<\/strong><\/p>\n\n\n<div class=\"wp-block-image\">\n<figure class=\"aligncenter size-large is-resized\"><a href=\"https:\/\/enolife.com.ar\/es\/wp-content\/uploads\/2023\/02\/Imagen3-3.jpg\" data-rel=\"penci-gallery-image-content\" ><img loading=\"lazy\" decoding=\"async\" src=\"https:\/\/enolife.com.ar\/es\/wp-content\/uploads\/2023\/02\/Imagen3-3-1024x456.jpg\" alt=\"\" class=\"wp-image-86633\" width=\"966\" height=\"430\" srcset=\"https:\/\/enolife.com.ar\/es\/wp-content\/uploads\/2023\/02\/Imagen3-3-1024x456.jpg 1024w, https:\/\/enolife.com.ar\/es\/wp-content\/uploads\/2023\/02\/Imagen3-3-300x134.jpg 300w, https:\/\/enolife.com.ar\/es\/wp-content\/uploads\/2023\/02\/Imagen3-3-768x342.jpg 768w, https:\/\/enolife.com.ar\/es\/wp-content\/uploads\/2023\/02\/Imagen3-3-1170x521.jpg 1170w, https:\/\/enolife.com.ar\/es\/wp-content\/uploads\/2023\/02\/Imagen3-3-585x261.jpg 585w, https:\/\/enolife.com.ar\/es\/wp-content\/uploads\/2023\/02\/Imagen3-3.jpg 1280w\" sizes=\"auto, (max-width: 966px) 100vw, 966px\" \/><\/a><\/figure><\/div>\n\n<div class=\"wp-block-image\">\n<figure class=\"aligncenter size-large is-resized\"><a href=\"https:\/\/enolife.com.ar\/es\/wp-content\/uploads\/2023\/02\/Imagen4-3.jpg\" data-rel=\"penci-gallery-image-content\" ><img loading=\"lazy\" decoding=\"async\" src=\"https:\/\/enolife.com.ar\/es\/wp-content\/uploads\/2023\/02\/Imagen4-3-1024x90.jpg\" alt=\"\" class=\"wp-image-86634\" width=\"971\" height=\"85\" srcset=\"https:\/\/enolife.com.ar\/es\/wp-content\/uploads\/2023\/02\/Imagen4-3-1024x90.jpg 1024w, https:\/\/enolife.com.ar\/es\/wp-content\/uploads\/2023\/02\/Imagen4-3-300x26.jpg 300w, https:\/\/enolife.com.ar\/es\/wp-content\/uploads\/2023\/02\/Imagen4-3-768x67.jpg 768w, https:\/\/enolife.com.ar\/es\/wp-content\/uploads\/2023\/02\/Imagen4-3-1170x102.jpg 1170w, https:\/\/enolife.com.ar\/es\/wp-content\/uploads\/2023\/02\/Imagen4-3-585x51.jpg 585w, https:\/\/enolife.com.ar\/es\/wp-content\/uploads\/2023\/02\/Imagen4-3.jpg 1280w\" sizes=\"auto, (max-width: 971px) 100vw, 971px\" \/><\/a><\/figure><\/div>\n\n\n<div style=\"height:45px\" aria-hidden=\"true\" class=\"wp-block-spacer\"><\/div>\n","protected":false},"excerpt":{"rendered":"<p>El Instituto Nacional de Vitivinicultura divulg\u00f3 el 23\/2 el volumen de uva cosechada al 19&hellip;<\/p>\n","protected":false},"author":3,"featured_media":86640,"comment_status":"open","ping_status":"open","sticky":false,"template":"","format":"standard","meta":{"footnotes":""},"categories":[14],"tags":[],"class_list":["post-86615","post","type-post","status-publish","format-standard","has-post-thumbnail","hentry","category-news"],"_links":{"self":[{"href":"https:\/\/enolife.com.ar\/es\/wp-json\/wp\/v2\/posts\/86615","targetHints":{"allow":["GET"]}}],"collection":[{"href":"https:\/\/enolife.com.ar\/es\/wp-json\/wp\/v2\/posts"}],"about":[{"href":"https:\/\/enolife.com.ar\/es\/wp-json\/wp\/v2\/types\/post"}],"author":[{"embeddable":true,"href":"https:\/\/enolife.com.ar\/es\/wp-json\/wp\/v2\/users\/3"}],"replies":[{"embeddable":true,"href":"https:\/\/enolife.com.ar\/es\/wp-json\/wp\/v2\/comments?post=86615"}],"version-history":[{"count":0,"href":"https:\/\/enolife.com.ar\/es\/wp-json\/wp\/v2\/posts\/86615\/revisions"}],"wp:featuredmedia":[{"embeddable":true,"href":"https:\/\/enolife.com.ar\/es\/wp-json\/wp\/v2\/media\/86640"}],"wp:attachment":[{"href":"https:\/\/enolife.com.ar\/es\/wp-json\/wp\/v2\/media?parent=86615"}],"wp:term":[{"taxonomy":"category","embeddable":true,"href":"https:\/\/enolife.com.ar\/es\/wp-json\/wp\/v2\/categories?post=86615"},{"taxonomy":"post_tag","embeddable":true,"href":"https:\/\/enolife.com.ar\/es\/wp-json\/wp\/v2\/tags?post=86615"}],"curies":[{"name":"wp","href":"https:\/\/api.w.org\/{rel}","templated":true}]}}