{"id":86595,"date":"2023-02-26T16:27:17","date_gmt":"2023-02-26T16:27:17","guid":{"rendered":"https:\/\/enolife.com.ar\/es\/?p=86595"},"modified":"2023-03-02T00:54:36","modified_gmt":"2023-03-02T00:54:36","slug":"bodegas-de-argentina-ofrece-su-agasajo-en-la-previa-de-vendimia-el-4-3-en-belasco-de-baquedano","status":"publish","type":"post","link":"https:\/\/enolife.com.ar\/es\/bodegas-de-argentina-ofrece-su-agasajo-en-la-previa-de-vendimia-el-4-3-en-belasco-de-baquedano\/","title":{"rendered":"Bodegas de Argentina ofrece su agasajo en la previa de Vendimia, el 4\/3 en Belasco de Baquedano"},"content":{"rendered":"\n<h4 class=\"wp-block-heading\"><em><strong>La edici\u00f3n 2023 del tradicional encuentro, que cada a\u00f1o desde 1936 organiza la C\u00e1mara empresaria de las principales bodegas exportadoras de Argentina, se realizar\u00e1 en la Bodega Belasco de Baquedano, en Luj\u00e1n, Mendoza. Ser\u00e1 el 4\/3\/23 a partir de las 13 hs, con la presencia de directivos de la entidad, funcionarios de gobierno municipales, provinciales y nacionales, periodistas, empresarios y productores de la industria vitivin\u00edcola. La entrada tiene un valor de $19.000 y est\u00e1 disponible en EntradaWeb.<\/strong> <\/em><\/h4>\n\n\n\n<div style=\"height:35px\" aria-hidden=\"true\" class=\"wp-block-spacer\"><\/div>\n\n\n\n\n\n<div style=\"height:45px\" aria-hidden=\"true\" class=\"wp-block-spacer\"><\/div>\n\n\n\n<p>Bodegas de Argentina es una C\u00e1mara empresaria que nuclea a 250 bodegas de todo el pa\u00eds, de las cuales el 70% son peque\u00f1as y medianas. Fue creada en el a\u00f1o 2001 como resultado de la fusi\u00f3n del Centro de Bodegueros de Mendoza, con sede en Mendoza, fundado en el a\u00f1o 1935, y la Asociaci\u00f3n Vitivin\u00edcola Argentina, con sede en Buenos Aires, fundada en el a\u00f1o 1904. Sus socios participan de las ventas en el mercado interno con el 60 % de lo que se consume en envases de cart\u00f3n (tetra brik) y 85 % del vino que se vende en botella, y en el mercado externo representan el 90 % de la exportaci\u00f3n de vinos fraccionados.<\/p>\n\n\n<div class=\"wp-block-image\">\n<figure class=\"alignleft size-full is-resized\"><a href=\"https:\/\/enolife.com.ar\/es\/wp-content\/uploads\/2023\/02\/Imagen1-7.jpg\" data-rel=\"penci-gallery-image-content\" ><img loading=\"lazy\" decoding=\"async\" src=\"https:\/\/enolife.com.ar\/es\/wp-content\/uploads\/2023\/02\/Imagen1-7.jpg\" alt=\"\" class=\"wp-image-86666\" width=\"314\" height=\"314\" srcset=\"https:\/\/enolife.com.ar\/es\/wp-content\/uploads\/2023\/02\/Imagen1-7.jpg 720w, https:\/\/enolife.com.ar\/es\/wp-content\/uploads\/2023\/02\/Imagen1-7-300x300.jpg 300w, https:\/\/enolife.com.ar\/es\/wp-content\/uploads\/2023\/02\/Imagen1-7-150x150.jpg 150w, https:\/\/enolife.com.ar\/es\/wp-content\/uploads\/2023\/02\/Imagen1-7-585x585.jpg 585w\" sizes=\"auto, (max-width: 314px) 100vw, 314px\" \/><\/a><\/figure><\/div>\n\n\n<p>Cada a\u00f1o, el mismo d\u00eda de los actos centrales de la Fiesta Nacional de la Vendimia, la entidad realiza un agasajo en alguna de las bodegas asociadas, con alto contenido pol\u00edtico-empresarial. Esta celebraci\u00f3n tiene su origen en el a\u00f1o 1936, con el inicio de la 1ra. Gran Fiesta, cuando empresarios de la industria vitivin\u00edcola, pertenecientes en su momento al Centro de Bodegueros de Mendoza, realizaron un almuerzo en la <strong>Bodega Escorihuela<\/strong>, al que asisti\u00f3 el entonces presidente argentino <strong>Agust\u00edn Pedro Justo<\/strong>.<\/p>\n\n\n\n<p>Por largo tiempo se denomin\u00f3 <strong>\u00abAlmuerzo de las Fuerzas Vivas\u00bb<\/strong> y en otras oportunidades <strong>\u00abBanquete de la Vendimia\u00bb<\/strong>. A trav\u00e9s de su historia, el desarrollo del acto ha estado en relaci\u00f3n, como es l\u00f3gico, con las caracter\u00edsticas de los diferentes gobiernos y la situaci\u00f3n que viv\u00eda la vitivinicultura. As\u00ed los hubo pac\u00edficos y amables; y otros de duros enfrentamientos entres empresarios y funcionarios.<\/p>\n\n\n\n<p>La edici\u00f3n 2023 ser\u00e1 el <strong>s\u00e1bado 4\/3 a las 13 hs en la bodega Belasco de Baquedano<\/strong>, en calle Cobos 8260, de Agrelo, Luj\u00e1n de cuyo, Mendoza. La participaci\u00f3n no es gratuita, pero es abierta, no hace falta invitaci\u00f3n especial ni pertenecer a actividades vitivin\u00edcolas. <strong>Las entradas tienen un valor de $19.000 por persona y se pueden adquirir <a href=\"https:\/\/www.entradaweb.com.ar\/index.php?r=site\/detalles&amp;d=49a1f982\" title=\"\">AQU\u00cd<\/a>.<\/strong><\/p>\n\n\n\n<p>Entre otras actividades, durante la jornada, se difundir\u00e1n los tips del consumo responsable y cuidado de los consumidores de vino a trav\u00e9s del programa <strong>Wine in Moderation<\/strong>.<\/p>\n\n\n\n<div style=\"height:25px\" aria-hidden=\"true\" class=\"wp-block-spacer\"><\/div>\n\n\n<a href=\"https:\/\/www.linkedin.com\/company\/agrinet-sa\/?originalSubdomain=ar\" aria-label=\"1700X500\"><img loading=\"lazy\" decoding=\"async\" src=\"https:\/\/enolife.com.ar\/es\/wp-content\/uploads\/2021\/11\/1700X500.gif\" alt=\"\"  width=\"1700\" height=\"500\"   \/><\/a>\n\n\n<div style=\"height:45px\" aria-hidden=\"true\" class=\"wp-block-spacer\"><\/div>\n\n\n\n<p><\/p>\n\n\n\n<p><\/p>\n\n\n\n<p><\/p>\n\n\n\n<p><\/p>\n\n\n\n<p>&nbsp;<\/p>\n\n\n\n<p><\/p>\n\n\n\n<p><\/p>\n","protected":false},"excerpt":{"rendered":"<p>La edici\u00f3n 2023 del tradicional encuentro, que cada a\u00f1o desde 1936 organiza la C\u00e1mara empresaria&hellip;<\/p>\n","protected":false},"author":3,"featured_media":86684,"comment_status":"open","ping_status":"open","sticky":false,"template":"","format":"standard","meta":{"footnotes":""},"categories":[47],"tags":[],"class_list":["post-86595","post","type-post","status-publish","format-standard","has-post-thumbnail","hentry","category-agenda"],"_links":{"self":[{"href":"https:\/\/enolife.com.ar\/es\/wp-json\/wp\/v2\/posts\/86595","targetHints":{"allow":["GET"]}}],"collection":[{"href":"https:\/\/enolife.com.ar\/es\/wp-json\/wp\/v2\/posts"}],"about":[{"href":"https:\/\/enolife.com.ar\/es\/wp-json\/wp\/v2\/types\/post"}],"author":[{"embeddable":true,"href":"https:\/\/enolife.com.ar\/es\/wp-json\/wp\/v2\/users\/3"}],"replies":[{"embeddable":true,"href":"https:\/\/enolife.com.ar\/es\/wp-json\/wp\/v2\/comments?post=86595"}],"version-history":[{"count":0,"href":"https:\/\/enolife.com.ar\/es\/wp-json\/wp\/v2\/posts\/86595\/revisions"}],"wp:featuredmedia":[{"embeddable":true,"href":"https:\/\/enolife.com.ar\/es\/wp-json\/wp\/v2\/media\/86684"}],"wp:attachment":[{"href":"https:\/\/enolife.com.ar\/es\/wp-json\/wp\/v2\/media?parent=86595"}],"wp:term":[{"taxonomy":"category","embeddable":true,"href":"https:\/\/enolife.com.ar\/es\/wp-json\/wp\/v2\/categories?post=86595"},{"taxonomy":"post_tag","embeddable":true,"href":"https:\/\/enolife.com.ar\/es\/wp-json\/wp\/v2\/tags?post=86595"}],"curies":[{"name":"wp","href":"https:\/\/api.w.org\/{rel}","templated":true}]}}