{"id":86582,"date":"2023-02-25T01:22:54","date_gmt":"2023-02-25T01:22:54","guid":{"rendered":"https:\/\/enolife.com.ar\/es\/?p=86582"},"modified":"2023-02-27T17:43:28","modified_gmt":"2023-02-27T17:43:28","slug":"con-evidencia-cientifica-oncologos-explicaran-que-el-consumo-de-vino-no-provoca-cancer","status":"publish","type":"post","link":"https:\/\/enolife.com.ar\/es\/con-evidencia-cientifica-oncologos-explicaran-que-el-consumo-de-vino-no-provoca-cancer\/","title":{"rendered":"Con evidencia cient\u00edfica, onc\u00f3logos explicar\u00e1n que el consumo de vino no provoca c\u00e1ncer"},"content":{"rendered":"\n<h4 class=\"wp-block-heading\"><em><strong>Bajo el lema \u00abEl vino habla verdades\u00bb, la Corporaci\u00f3n Vitivin\u00edcola Argentina (Coviar) y el Foro Mundial de Cooperativas Vitivin\u00edcolas (FMCV) invitan a una conferencia en la que se hablar\u00e1 sobre el consumo de vino y los posibles efectos en la salud centrados en evidencias cient\u00edficas, el lunes 27\/2 a las 9 hs en La Enoteca. La charla ser\u00e1 dirigida por m\u00e9dicos onc\u00f3logos, toxic\u00f3logos y otros especialistas del \u00e1mbito de la salud quienes explicar\u00e1n el alcance del alcohol como factor de riesgo de c\u00e1ncer. Se podr\u00e1 asistir de forma personal o virtual a trav\u00e9s de la plataforma Zoom.<\/strong><\/em><\/h4>\n\n\n\n<div style=\"height:33px\" aria-hidden=\"true\" class=\"wp-block-spacer\"><\/div>\n\n\n<a href=\"https:\/\/www.instagram.com\/agroconciencia_\" aria-label=\"BANNER AGROCONCIENCIA 1700X500\"><img loading=\"lazy\" decoding=\"async\" src=\"https:\/\/enolife.com.ar\/es\/wp-content\/uploads\/2019\/07\/BANNER-AGROCONCIENCIA-1700X500-1.jpg\" alt=\"\"  srcset=\"https:\/\/enolife.com.ar\/es\/wp-content\/uploads\/2019\/07\/BANNER-AGROCONCIENCIA-1700X500-1.jpg 1700w, https:\/\/enolife.com.ar\/es\/wp-content\/uploads\/2019\/07\/BANNER-AGROCONCIENCIA-1700X500-1-300x88.jpg 300w, https:\/\/enolife.com.ar\/es\/wp-content\/uploads\/2019\/07\/BANNER-AGROCONCIENCIA-1700X500-1-1024x301.jpg 1024w, https:\/\/enolife.com.ar\/es\/wp-content\/uploads\/2019\/07\/BANNER-AGROCONCIENCIA-1700X500-1-768x226.jpg 768w, https:\/\/enolife.com.ar\/es\/wp-content\/uploads\/2019\/07\/BANNER-AGROCONCIENCIA-1700X500-1-1536x452.jpg 1536w, https:\/\/enolife.com.ar\/es\/wp-content\/uploads\/2019\/07\/BANNER-AGROCONCIENCIA-1700X500-1-1170x344.jpg 1170w, https:\/\/enolife.com.ar\/es\/wp-content\/uploads\/2019\/07\/BANNER-AGROCONCIENCIA-1700X500-1-585x172.jpg 585w\" sizes=\"auto, (max-width: 1700px) 100vw, 1700px\" width=\"1700\" height=\"500\"   \/><\/a>\n\n\n<div style=\"height:38px\" aria-hidden=\"true\" class=\"wp-block-spacer\"><\/div>\n\n\n\n<p>El 12\/1\/23, la Comisi\u00f3n Europea aprob\u00f3 el pedido de Irlanda para que el embotellado de bebidas alcoh\u00f3licas en ese pa\u00eds lleve las indicaciones de \u00abriesgos relacionados con el alcohol\u00bb -similares a los que se aplican en los paquetes de cigarrillos- con mensajes que reflejen, entre otras cosas, los efectos cancer\u00edgenos ante su consumo excesivo. De este modo se reabre el debate y la preocupaci\u00f3n desde el sector vitivin\u00edcola global. Italia, Francia, Espa\u00f1a y otros 6 estados de la Uni\u00f3n Europea consideran que la medida obstaculiza el mercado interno y defienden el consumo moderado de vino en el marco de la Dieta Mediterr\u00e1nea.<\/p>\n\n\n\n<div style=\"height:25px\" aria-hidden=\"true\" class=\"wp-block-spacer\"><\/div>\n\n\n\n<h4 class=\"has-vivid-red-color has-text-color wp-block-heading\"><strong>El c\u00e1ncer es una enfermedad multifactorial y el riesgo de padecerlo no puede ser evaluado de manera aislada. Los factores que m\u00e1s contribuyen a enfermarse son el h\u00e1bito de fumar (30%), la obesidad (20%), las infecciones (15%), la ausencia de actividad f\u00edsica, una dieta poco saludable (5%), los riesgos laborales (5%) y el consumo abusivo de bebidas alcoh\u00f3licas (3%), entre otros.<\/strong><\/h4>\n\n\n\n<div style=\"height:25px\" aria-hidden=\"true\" class=\"wp-block-spacer\"><\/div>\n\n\n\n<p>En consecuencia, muchas entidades vitivin\u00edcolas de diferentes pa\u00edses, est\u00e1n alertas y trabajando en comunicar que el consumo moderado de vino no s\u00f3lo no es perjudicial para la salud, sino que puede aportar beneficios. Es el caso del <strong>Foro Mundial de Cooperativas Vitivin\u00edcola<\/strong>s, que, junto a la <strong>Coviar <\/strong>organizaron una <strong>conferencia sobre vino, salud y nutrici\u00f3n<\/strong>, cuyo principal objetivo es contrastar cient\u00edficamente y de forma objetiva, los estudios sobre el vino y sus propiedades nutricionales, para llevar a la poblaci\u00f3n, sobre todo los m\u00e1s j\u00f3venes, una informaci\u00f3n veraz sobre los efectos de su consumo, siempre que sea de forma responsable y moderado.<\/p>\n\n\n\n<div style=\"height:25px\" aria-hidden=\"true\" class=\"wp-block-spacer\"><\/div>\n\n\n\n<ul class=\"wp-block-list\">\n<li><strong>D\u00eda<\/strong>: Lunes 27 de febrero de 2023 a las 9 hs.<\/li>\n\n\n\n<li><strong>Lugar<\/strong>: La Enoteca \u2013 Peltier 611- Ciudad de Mendoza.<\/li>\n\n\n\n<li>Para asistir de forma virtual, <strong>unirse a la reuni\u00f3n Zoom: <a href=\"https:\/\/us02web.zoom.us\/j\/84012736600?pwd=Nk9RaCt1RmFlcjVnZUNrL2N3bGRqdz09\" title=\"\">AQU\u00cd<\/a> <\/strong>&#8211; ID de reuni\u00f3n: 840 1273 6600 &#8211; C\u00f3digo de acceso: 689376<\/li>\n\n\n\n<li>Mail de confirmaci\u00f3n modalidad presencial:&nbsp;<a href=\"http:\/\/adri%C3%A1n.bullones@coviar.com.ar\/\" target=\"_blank\" rel=\"noreferrer noopener\"><strong>adri\u00e1n.bullones@coviar.com.ar<\/strong><\/a><br><\/li>\n<\/ul>\n\n\n\n<div style=\"height:25px\" aria-hidden=\"true\" class=\"wp-block-spacer\"><\/div>\n\n\n\n<p>Las charlas ser\u00e1n brindadas por especialistas del \u00e1mbito de la salud, quienes explicar\u00e1n el alcance del alcohol como factor de riesgo de c\u00e1ncer, lo que depende significativamente de las cantidades de alcohol consumido, el tipo de bebida, los patrones de consumo y el contexto en el que se toma. <\/p>\n\n\n\n<div style=\"height:25px\" aria-hidden=\"true\" class=\"wp-block-spacer\"><\/div>\n\n\n\n<p class=\"has-medium-font-size\"><strong>Disertaciones<\/strong><\/p>\n\n\n\n<p><strong>\u00abAdicciones y toxicidad, riesgos a corto y mediano plazo\u00bb, por Sergio Saracco<\/strong>: M\u00e9dico toxic\u00f3logo. Presidente de la Asociaci\u00f3n Toxicol\u00f3gica Argentina, ex Ministro de Salud de Mendoza.<\/p>\n\n\n\n<p><strong>\u00abEl c\u00e1ncer y la baja incidencia del alcohol\u00bb por Daniel Ciocca: <\/strong>M\u00e9dico, ex Investigador principal del Conicet, Especialista en Cancer, ex director del Laboratorio de Oncolog\u00eda.<\/p>\n\n\n\n<p><strong>\u00ab\u00bfImpuestos y multas, o educaci\u00f3n y sanaci\u00f3n de adicciones?\u00bb por Ra\u00fal Benitez:&nbsp;<\/strong>Economista<strong>,<\/strong>&nbsp;ex director para &nbsp;Am\u00e9rica Latina y el Caribe de la Organizaci\u00f3n de las Naciones Unidas para la Alimentaci\u00f3n y la Agricultura&nbsp;(FAO), ex ministro de producci\u00f3n y desarrollo econ\u00f3mico de San Juan, candidato argentino a la presidencia de la OIV.<\/p>\n\n\n\n<div style=\"height:38px\" aria-hidden=\"true\" class=\"wp-block-spacer\"><\/div>\n\n\n\n<p><\/p>\n","protected":false},"excerpt":{"rendered":"<p>Bajo el lema \u00abEl vino habla verdades\u00bb, la Corporaci\u00f3n Vitivin\u00edcola Argentina (Coviar) y el Foro&hellip;<\/p>\n","protected":false},"author":3,"featured_media":86594,"comment_status":"open","ping_status":"open","sticky":false,"template":"","format":"standard","meta":{"footnotes":""},"categories":[47],"tags":[],"class_list":["post-86582","post","type-post","status-publish","format-standard","has-post-thumbnail","hentry","category-agenda"],"_links":{"self":[{"href":"https:\/\/enolife.com.ar\/es\/wp-json\/wp\/v2\/posts\/86582","targetHints":{"allow":["GET"]}}],"collection":[{"href":"https:\/\/enolife.com.ar\/es\/wp-json\/wp\/v2\/posts"}],"about":[{"href":"https:\/\/enolife.com.ar\/es\/wp-json\/wp\/v2\/types\/post"}],"author":[{"embeddable":true,"href":"https:\/\/enolife.com.ar\/es\/wp-json\/wp\/v2\/users\/3"}],"replies":[{"embeddable":true,"href":"https:\/\/enolife.com.ar\/es\/wp-json\/wp\/v2\/comments?post=86582"}],"version-history":[{"count":0,"href":"https:\/\/enolife.com.ar\/es\/wp-json\/wp\/v2\/posts\/86582\/revisions"}],"wp:featuredmedia":[{"embeddable":true,"href":"https:\/\/enolife.com.ar\/es\/wp-json\/wp\/v2\/media\/86594"}],"wp:attachment":[{"href":"https:\/\/enolife.com.ar\/es\/wp-json\/wp\/v2\/media?parent=86582"}],"wp:term":[{"taxonomy":"category","embeddable":true,"href":"https:\/\/enolife.com.ar\/es\/wp-json\/wp\/v2\/categories?post=86582"},{"taxonomy":"post_tag","embeddable":true,"href":"https:\/\/enolife.com.ar\/es\/wp-json\/wp\/v2\/tags?post=86582"}],"curies":[{"name":"wp","href":"https:\/\/api.w.org\/{rel}","templated":true}]}}