{"id":8634,"date":"2020-02-29T20:19:17","date_gmt":"2020-02-29T20:19:17","guid":{"rendered":"http:\/\/enolife.com.ar\/es\/?p=8634"},"modified":"2020-03-03T15:13:57","modified_gmt":"2020-03-03T15:13:57","slug":"la-omt-preve-una-perdida-de-us-22-700-millones-en-el-turismo-por-la-psicosis-del-coronavirus","status":"publish","type":"post","link":"https:\/\/enolife.com.ar\/es\/la-omt-preve-una-perdida-de-us-22-700-millones-en-el-turismo-por-la-psicosis-del-coronavirus\/","title":{"rendered":"La OMT prev\u00e9 una p\u00e9rdida de U$S 22.700 millones en el turismo por la psicosis del coronavirus"},"content":{"rendered":"\n<h4 class=\"wp-block-heading\"><em><strong>El miedo a viajar y a contagiarse en otros pa\u00edses fuera de la protecci\u00f3n del propio entorno genera un perjuicio para diveras actividades econ\u00f3micas, entre ellas la aeronavegaci\u00f3n comercial, la gastronom\u00eda y el enoturismo. El coronavirus, de duraci\u00f3n y alcance a\u00fan desconocido, tambi\u00e9n lleva al desplome burs\u00e1til y al temor a gastar dinero para prevenir emergencias. En Mendoza, por ejemplo, algunos restaurantes de bodegas ya acusan una p\u00e9rdida de hasta 30% en reservas, en especial de turistas europeos y asi\u00e1ticos.<\/strong><\/em><\/h4>\n\n\n\n<hr class=\"wp-block-separator\"\/>\n\n\n\n<h4 class=\"wp-block-heading\"><em><strong>En este contexto, la Organizaci\u00f3n Mundial del Turismo (OMT), en colaboraci\u00f3n con Oxford Economics de Gran Breta\u00f1a, realizaron un c\u00e1lculo preliminar de p\u00e9rdidas en los pr\u00f3ximos meses. Sin embargo, llaman a \u00abno exagerar con el p\u00e1nico\u00bb porque, aseguran, \u00abla tasa de mortalidad del coronavirus es inferior a la gripe com\u00fan\u00bb.<\/strong><\/em><\/h4>\n\n\n\n<div style=\"height:29px\" aria-hidden=\"true\" class=\"wp-block-spacer\"><\/div>\n\n\n\n<p>Este flagelo mundial tambi\u00e9n causar\u00e1 un fuerte impacto en el turismo del vino, que en los \u00faltimos a\u00f1os tuvo un crecimiento significativo en Argentina, si tomamos en cuenta el informe de octubre 2019 del Observatorio de Enoturismo de la Universidad Nacional de Cuyo, seg\u00fan el cual:<\/p>\n\n\n\n<ul class=\"wp-block-list\"><li>En 13 provincias argentinas hay un total de <strong>245&nbsp;bodegas abiertas a los turistas, <\/strong>de las cuales 8 de cada 10 son peque\u00f1as o micro empresas que producen menos de&nbsp;5 millones de litros de vino al a\u00f1o, pero han visto en el turismo la oportunidad de ampliar sus ingresos.<br><\/li><li>E<strong>n una d\u00e9cada aument\u00f3 un 100% el n\u00famero de bodegas abiertas al turismo<\/strong>&nbsp;y en <strong>5 a\u00f1os el incremento fue del 23%<\/strong>. Estas empresas <strong>emplean <\/strong>en sus departamentos de turismo a <strong>872 personas<\/strong>, la mitad de los empleos son locales y casi el<strong> 80% es llevado a cabo por mujeres<\/strong>.<br><\/li><li><strong>El&nbsp;enoturismo&nbsp;movi\u00f3 en 2018 en Argentina a 1.689.589 turista<\/strong>s, de los cuales 1.148.604 se concentraron en&nbsp;Mendoza,&nbsp;que a la vez tiene 146 de las 245 bodegas que explotan el segmento. Le siguen Salta y Jujuy que juntos sumaron, en 2018, 259.334 visitantes y C\u00f3rdoba, con 113.406.<br><\/li><li><strong>En diez a\u00f1os las visitas a las bodegas se incrementaron un 82%<\/strong>&nbsp;y en cinco el crecimiento es del 17%. Del total de turistas el&nbsp;53% son nacionales y el 30% extranjeros; locales un 8% y del resto de la provincia un 9%.<br><\/li><\/ul>\n\n\n\n<p>Rodrigo Gonz\u00e1lez, de la Universidad de Cuyo -a cargo del Observatorio- destac\u00f3 que&nbsp;el enoturismo \u201ces un negocio en auge\u201d y que por esa raz\u00f3n \u201ccada vez hay m\u00e1s inversi\u00f3n\u201d&nbsp;en ampliar los servicios que ofrecen las bodegas.<\/p>\n\n\n\n<div style=\"height:20px\" aria-hidden=\"true\" class=\"wp-block-spacer\"><\/div>\n\n\n\n<p>A nivel mundial, el&nbsp;<strong>Consejo Mundial de Viajes y Turismo<\/strong>&nbsp;(WTTC)  ha instado a \u00abno exagerar\u00bb ni sentir temor ante el avance del coronavirus, una afecci\u00f3n -asegura el WTTC- con una tasa de mortalidad inferior a la gripe com\u00fan, a la que se combate con una higiene correcta, pero no \u00abcon el p\u00e1nico\u00bb.<\/p>\n\n\n\n<div style=\"height:20px\" aria-hidden=\"true\" class=\"wp-block-spacer\"><\/div>\n\n\n\n<div class=\"wp-block-image\"><figure class=\"alignleft size-large\"><img loading=\"lazy\" decoding=\"async\" width=\"396\" height=\"360\" src=\"https:\/\/enolife.com.ar\/es\/wp-content\/uploads\/2020\/02\/image-46.png\" alt=\"\" class=\"wp-image-8643\" srcset=\"https:\/\/enolife.com.ar\/es\/wp-content\/uploads\/2020\/02\/image-46.png 396w, https:\/\/enolife.com.ar\/es\/wp-content\/uploads\/2020\/02\/image-46-300x273.png 300w\" sizes=\"auto, (max-width: 396px) 100vw, 396px\" \/><figcaption><strong><em>La mexicana <\/em><\/strong><em><strong>Gloria Guevara<\/strong><\/em><strong><em>, presidenta del WTTC.<\/em><\/strong><\/figcaption><\/figure><\/div>\n\n\n\n<p>La presidenta y consejera delegada del WTTC,&nbsp;<strong>Gloria Guevara<\/strong>, pidi\u00f3 a la sociedad que se concentre \u00aben los hechos, no en los rumores\u00bb y no asocie esta enfermedad con determinadas nacionalidades, pues \u00abestigmatizar y decir que todos est\u00e1n infectados\u00bb impacta negativamente en un sector tur\u00edstico que supone el 10 % del Producto Bruto Interno (PBI) mundial.<br><br>Cerrar fronteras, prohibir los viajes en general y pol\u00edticas gubernamentales m\u00e1s extremas no detendr\u00e1 la propagaci\u00f3n del coronavirus, afirm\u00f3, y pidi\u00f3 a los gobiernos y a las autoridades de todo el mundo que no reaccionen exageradamente con medidas desproporcionadas en un intento de controlar el Covid-19.<\/p>\n\n\n\n<p>El impacto del coronavirus en el turismo mundial es indudable y las previsiones de las autoridades se basan en experiencias anteriores con crisis similares como la del SARS o el H1N1. Tambi\u00e9n toman como referencia las p\u00e9rdidas derivadas de los turistas chinos que est\u00e1n dejando de viajar en estas semanas, explic\u00f3 Guevara en una entrevista con el diario espa\u00f1ol El Mundo.<\/p>\n\n\n\n<p>China es el pa\u00eds que m\u00e1s ver\u00e1 afectada su industria tur\u00edstica a causa del virus, pues el turismo representa all\u00ed el 11% del PBI y en los \u00faltimos a\u00f1os ven\u00eda creciendo a un ritmo del 7%, detall\u00f3 Guevara.<\/p>\n\n\n\n<div style=\"height:20px\" aria-hidden=\"true\" class=\"wp-block-spacer\"><\/div>\n\n\n\n<blockquote class=\"wp-block-quote is-layout-flow wp-block-quote-is-layout-flow\"><p> \u201cEl 90% de los costos relacionados con este tipo de brotes no son por el virus propiamente dicho, sino por las decisiones y el p\u00e1nico que se genera entre la poblaci\u00f3n\u201d. De ah\u00ed, que haga un llamado a la calma y recomienda que \u201clos ciudadanos sigan viajando, pendientes, eso s\u00ed, de todo lo que dice la OMS y las autoridades de sus pa\u00edses\u201d.<\/p><cite>Gloria Guevara, presidenta del WTTC.<\/cite><\/blockquote>\n\n\n\n<div style=\"height:20px\" aria-hidden=\"true\" class=\"wp-block-spacer\"><\/div>\n\n\n\n<p>Continu\u00f3 precisando que \u201ca\u00fan es muy pronto para saber\u201d el alcance de la crisis.&nbsp;Con todo, fue cr\u00edtica con las aerol\u00edneas que cancelaron sus vuelos a China, pues cree que lo hicieron no tanto por el propio virus, sino por la falta de demanda.<\/p>\n\n\n\n<p><br>En este sentido, la presidenta del WTTC y ex ministra de Turismo de M\u00e9xico (2010-2012) reconoce que&nbsp;el coronavirus ya ha pasado factura al sector, entre otros motivos porque China, pa\u00eds del que parti\u00f3 la amenaza, \u00abes el segundo m\u00e1s relevante del mundo\u00bb y sus ciudadanos \u00abgastan mucho cuando viajan\u00bb, unos 6.000 y 7.000 d\u00f3lares (entre 5.500 y 6.500 euros) de media cuando visitan Europa.<\/p>\n\n\n\n<div style=\"height:20px\" aria-hidden=\"true\" class=\"wp-block-spacer\"><\/div>\n\n\n\n<blockquote class=\"wp-block-quote is-layout-flow wp-block-quote-is-layout-flow\"><p>\u00abSi estigmatizamos a los chinos, no se les va a olvidar\u00bb, <\/p><cite>Gloria Guevara, presidenta de WTTC.<\/cite><\/blockquote>\n\n\n\n<div style=\"height:20px\" aria-hidden=\"true\" class=\"wp-block-spacer\"><\/div>\n\n\n\n<p class=\"has-background has-light-green-cyan-background-color\">Para Guevara, <strong>el cierre de fronteras no es la soluci\u00f3n a una propagaci\u00f3n masiva, <\/strong>ya que \u00abno se conoce el tiempo de incubaci\u00f3n ni contagio\u00bb. De hecho, a su juicio, \u00abpuede ser contraproducente, porque entonces creas una incubadora de virus en la que no puedes determinar qui\u00e9n fue el paciente cero\u00bb.<br>Tampoco cree necesaria la cancelaci\u00f3n de los viajes programados, y a\u00f1ade que la situaci\u00f3n debe analizarse desde una perspectiva \u00absencilla y pragm\u00e1tica\u00bb que ponga en contexto el riesgo de contagio.<br><strong>\u00abTodos los a\u00f1os, entre 3 y 5 millones de personas se contagian de alg\u00fan tipo de gripe severa. De ellas, entre 290.000 y 650.000 fallecen\u00bb<\/strong>, pone de ejemplo Guevara, que aclara que la tasa de mortalidad del coronavirus (del 2%) se sit\u00faa muy por debajo del SARS (9,5%) o el MERS (35%), ambos s\u00edndromes respiratorios agudos.<\/p>\n\n\n\n<p>Por ello, la presidenta del WTTC propone a la poblaci\u00f3n seguir las recomendaciones de la Organizaci\u00f3n Mundial de la Salud (OMS) y de las autoridades nacionales, y atender a cuestiones b\u00e1sicas de higiene como lavarse las manos con frecuencia a fin de que el virus no pueda transmitirse a trav\u00e9s del contacto.<\/p>\n\n\n\n<div style=\"height:20px\" aria-hidden=\"true\" class=\"wp-block-spacer\"><\/div>\n\n\n\n<p class=\"has-background has-very-light-gray-background-color\">Al respecto la Organizaci\u00f3n Mundial de Turismo (OMT) y la Organizaci\u00f3n Mundial de la Salud (OMS) a trav\u00e9s de un comunicado conjunto le han pedido&nbsp;al sector tur\u00edstico que su respuesta al brote del coronavirus&nbsp; sea \u201cmedida, coherente y proporcionada\u201d a la amenaza que supone para la salud p\u00fablica. <br><br><strong>Comunicado OMS &#8211; OMT: <a href=\"https:\/\/webunwto.s3.eu-west-1.amazonaws.com\/s3fs-public\/2020-02\/31012020%20Coronavirus%20ES.pdf\">Descargar PDF<\/a><\/strong><\/p>\n\n\n\n<p><\/p>\n\n\n\n<div style=\"height:23px\" aria-hidden=\"true\" class=\"wp-block-spacer\"><\/div>\n\n\n\n<p class=\"has-small-font-size\"><em><strong>Fuentes: Reportur.mx \/ Hosteltur.com y EFE \/ Observatorio Enoturismo. Foto principal: @kmr photography (Carna Roa) <\/strong><\/em><\/p>\n\n\n\n<p><\/p>\n","protected":false},"excerpt":{"rendered":"<p>El miedo a viajar y a contagiarse en otros pa\u00edses fuera de la protecci\u00f3n del&hellip;<\/p>\n","protected":false},"author":3,"featured_media":8668,"comment_status":"open","ping_status":"open","sticky":false,"template":"","format":"standard","meta":{"footnotes":""},"categories":[11],"tags":[],"class_list":["post-8634","post","type-post","status-publish","format-standard","has-post-thumbnail","hentry","category-enoturismo"],"_links":{"self":[{"href":"https:\/\/enolife.com.ar\/es\/wp-json\/wp\/v2\/posts\/8634","targetHints":{"allow":["GET"]}}],"collection":[{"href":"https:\/\/enolife.com.ar\/es\/wp-json\/wp\/v2\/posts"}],"about":[{"href":"https:\/\/enolife.com.ar\/es\/wp-json\/wp\/v2\/types\/post"}],"author":[{"embeddable":true,"href":"https:\/\/enolife.com.ar\/es\/wp-json\/wp\/v2\/users\/3"}],"replies":[{"embeddable":true,"href":"https:\/\/enolife.com.ar\/es\/wp-json\/wp\/v2\/comments?post=8634"}],"version-history":[{"count":0,"href":"https:\/\/enolife.com.ar\/es\/wp-json\/wp\/v2\/posts\/8634\/revisions"}],"wp:featuredmedia":[{"embeddable":true,"href":"https:\/\/enolife.com.ar\/es\/wp-json\/wp\/v2\/media\/8668"}],"wp:attachment":[{"href":"https:\/\/enolife.com.ar\/es\/wp-json\/wp\/v2\/media?parent=8634"}],"wp:term":[{"taxonomy":"category","embeddable":true,"href":"https:\/\/enolife.com.ar\/es\/wp-json\/wp\/v2\/categories?post=8634"},{"taxonomy":"post_tag","embeddable":true,"href":"https:\/\/enolife.com.ar\/es\/wp-json\/wp\/v2\/tags?post=8634"}],"curies":[{"name":"wp","href":"https:\/\/api.w.org\/{rel}","templated":true}]}}