{"id":8628,"date":"2020-02-29T17:24:58","date_gmt":"2020-02-29T17:24:58","guid":{"rendered":"http:\/\/enolife.com.ar\/es\/?p=8628"},"modified":"2020-03-04T20:42:54","modified_gmt":"2020-03-04T20:42:54","slug":"contra-el-desayuno-de-la-coviar-el-ayuno-del-centro-de-vinateros-y-bodegueros-del-este","status":"publish","type":"post","link":"https:\/\/enolife.com.ar\/es\/contra-el-desayuno-de-la-coviar-el-ayuno-del-centro-de-vinateros-y-bodegueros-del-este\/","title":{"rendered":"Contra el Desayuno de la Coviar, el \u00abayuno\u00bb del Centro de Vi\u00f1ateros y Bodegueros del Este"},"content":{"rendered":"\n<h4 class=\"wp-block-heading\"><em><strong>Mauro Sosa, director de la entidad que nuclea a productores del Este mendocino, reiter\u00f3 sus cr\u00edticas a la Corporaci\u00f3n Vitivin\u00edcola Argentina, argumentando que \u00abno representa al sector\u00bb y que \u00abno resuelve los problemas que enfrentan\u00bb. En lugar de ir al cl\u00e1sico encuentro del d\u00eda de la Fiesta de la Vendimia en el hotel Hyatt, realizar\u00e1n una protesta en la Ruta 7.<\/strong><\/em><\/h4>\n\n\n\n<div style=\"height:27px\" aria-hidden=\"true\" class=\"wp-block-spacer\"><\/div>\n\n\n\n<p>A continuaci\u00f3n, reproducimos la nota escrita el 28-2 por la periodista especializada Ver\u00f3nica Gordillo en la web Unidiversidad -medio digital de la Universidad Nacional de Cuyo. <\/p>\n\n\n\n<p>\u201cEl ayuno de la&nbsp;Coviar\u201d. Esa fue la definici\u00f3n del director ejecutivo del&nbsp;Centro de Vi\u00f1ateros y Bodegueros del Este, Mauro Sosa, sobre el cl\u00e1sico encuentro que cada a\u00f1o re\u00fane a empresarios y funcionarios antes del carrusel vendimial, que se realizar\u00e1 el 7 de marzo. Y en concordancia con sus palabras, dijo que -como hace unos a\u00f1os- no participar\u00e1n porque entienden que no es representativo del sector ni colabora en la resoluci\u00f3n de las m\u00faltiples problem\u00e1ticas que enfrenta.<\/p>\n\n\n\n<div style=\"height:20px\" aria-hidden=\"true\" class=\"wp-block-spacer\"><\/div>\n\n\n\n<blockquote class=\"wp-block-quote is-layout-flow wp-block-quote-is-layout-flow\"><p>Sosa -y m\u00e1s espec\u00edficamente la entidad que representa-&nbsp;&nbsp;critic\u00f3 las decisiones y los lineamientos que adoptan quienes conducen la Corporaci\u00f3n Vitivin\u00edcola Argentina (Coviar), una entidad creada por ley en 2004 con el objetivo de liderar y hacer realidad el plan estrat\u00e9gico del sector, con la participaci\u00f3n y el financiamiento de distintas entidades, organismos cient\u00edficos y de gobiernos -entre ellos los de Mendoza y San Juan-.<\/p><cite>Cr\u00edticas de Mauro Sosa a la Coviar.<\/cite><\/blockquote>\n\n\n\n<div style=\"height:20px\" aria-hidden=\"true\" class=\"wp-block-spacer\"><\/div>\n\n\n\n<p>La entidad que lidera Sosa no fue la \u00fanica que critic\u00f3 las decisiones que se toman en el seno de la Corporaci\u00f3n, tambi\u00e9n lo hizo otro peso pesado de la industria,&nbsp;Bodegas de Argentina, que re\u00fane a 250 empresas de todo el pa\u00eds. Desde ese lugar cuestionaron lo que consideran escasos resultados de su accionar, la forma de elecci\u00f3n de las nuevas autoridades y la utilizaci\u00f3n de los fondos que por ley aportan las entidades y los gobiernos que la conforman.<\/p>\n\n\n\n<p>La Corporaci\u00f3n respondi\u00f3 a las cr\u00edticas y defendi\u00f3 la actuaci\u00f3n de la entidad, as\u00ed como la forma en que se designaron a las autoridades -el nuevo presidente es el bodeguero Jos\u00e9 Alberto Zuccardi- y la utilizaci\u00f3n del financiamiento.<\/p>\n\n\n\n<div style=\"height:20px\" aria-hidden=\"true\" class=\"wp-block-spacer\"><\/div>\n\n\n\n<p class=\"has-medium-font-size\"><strong>Desayuno y reclamos<\/strong><\/p>\n\n\n\n<div style=\"height:20px\" aria-hidden=\"true\" class=\"wp-block-spacer\"><\/div>\n\n\n\n<p>El desayuno que la entidad realiza todos los a\u00f1os en&nbsp; el Park Hyatt Mendoza antes del Carrusel vendimial re\u00fane a la flor y nata del sector con representantes de los tres poderes del Estado. La f\u00f3rmula del acto tambi\u00e9n es un cl\u00e1sico, luego del caf\u00e9 y las medias lunas, el o la titular de la entidad reclama la puesta en marcha de las pol\u00edticas que entiende como indispensables para el sector, y poco despu\u00e9s, el gobernador de la provincia contesta algunas de esas cr\u00edticas y -en el mejor de los casos- hace alg\u00fan anuncio a modo de respuesta.<\/p>\n\n\n\n<p>Este a\u00f1o, esa f\u00f3rmula que se repite estar\u00e1 en parte alterada por las cr\u00edticas que firmaron un pu\u00f1ado de entidades, entre ellas los bodegueros y vi\u00f1ateros del este y Bodegas de Argentina.<\/p>\n\n\n\n<div style=\"height:20px\" aria-hidden=\"true\" class=\"wp-block-spacer\"><\/div>\n\n\n\n<p class=\"has-background has-very-light-gray-background-color\"> Sosa explic\u00f3 que en 2009 se retiraron de la Corporaci\u00f3n y que no asisten ni asistir\u00e1n al Desayuno. Dijo que se desvirtuaron los objetivos de la Coviar, que los resultados del Plan Estrat\u00e9gico 2020 (Pevi) son nulos y que no es la corporaci\u00f3n quien debe fijar pautas pol\u00edticas, sino los gobiernos y que las mismas deben surgir de las entidades de base y del consenso. <\/p>\n\n\n\n<div style=\"height:20px\" aria-hidden=\"true\" class=\"wp-block-spacer\"><\/div>\n\n\n\n<p>A las cr\u00edticas de Sosa se sumaron las de un grupo de productores que realizar\u00e1n el \u00abcontradesayuno\u00bb, pero en lugar del hotel Hyatt eligieron la ruta 7, en el ingreso a San Mart\u00edn, entre el carril Chimbas y Costa Canal, seg\u00fan explic\u00f3 uno de los autoconvocados, Luis Ca\u00f1as, en una entrevista que concedi\u00f3 a la web y radio La Mosquitera. \u201cEl verdadero pueblo productor vitivin\u00edcol, no est\u00e1 en el Hyatt, estar\u00e1 en la ruta\u201d, asegur\u00f3 durante el reportaje.\u00bb<\/p>\n\n\n\n<p class=\"has-small-font-size\"><strong><em>Fuente: Unidiversidad<\/em><\/strong><\/p>\n","protected":false},"excerpt":{"rendered":"<p>Mauro Sosa, director de la entidad que nuclea a productores del Este mendocino, reiter\u00f3 sus&hellip;<\/p>\n","protected":false},"author":3,"featured_media":8633,"comment_status":"open","ping_status":"open","sticky":false,"template":"","format":"standard","meta":{"footnotes":""},"categories":[14],"tags":[],"class_list":["post-8628","post","type-post","status-publish","format-standard","has-post-thumbnail","hentry","category-news"],"_links":{"self":[{"href":"https:\/\/enolife.com.ar\/es\/wp-json\/wp\/v2\/posts\/8628","targetHints":{"allow":["GET"]}}],"collection":[{"href":"https:\/\/enolife.com.ar\/es\/wp-json\/wp\/v2\/posts"}],"about":[{"href":"https:\/\/enolife.com.ar\/es\/wp-json\/wp\/v2\/types\/post"}],"author":[{"embeddable":true,"href":"https:\/\/enolife.com.ar\/es\/wp-json\/wp\/v2\/users\/3"}],"replies":[{"embeddable":true,"href":"https:\/\/enolife.com.ar\/es\/wp-json\/wp\/v2\/comments?post=8628"}],"version-history":[{"count":0,"href":"https:\/\/enolife.com.ar\/es\/wp-json\/wp\/v2\/posts\/8628\/revisions"}],"wp:featuredmedia":[{"embeddable":true,"href":"https:\/\/enolife.com.ar\/es\/wp-json\/wp\/v2\/media\/8633"}],"wp:attachment":[{"href":"https:\/\/enolife.com.ar\/es\/wp-json\/wp\/v2\/media?parent=8628"}],"wp:term":[{"taxonomy":"category","embeddable":true,"href":"https:\/\/enolife.com.ar\/es\/wp-json\/wp\/v2\/categories?post=8628"},{"taxonomy":"post_tag","embeddable":true,"href":"https:\/\/enolife.com.ar\/es\/wp-json\/wp\/v2\/tags?post=8628"}],"curies":[{"name":"wp","href":"https:\/\/api.w.org\/{rel}","templated":true}]}}