{"id":86207,"date":"2023-02-15T22:52:05","date_gmt":"2023-02-15T22:52:05","guid":{"rendered":"https:\/\/enolife.com.ar\/es\/?p=86207"},"modified":"2023-02-17T14:06:15","modified_gmt":"2023-02-17T14:06:15","slug":"estudiantes-de-agrarias-pueden-acceder-a-una-beca-economica-de-la-fundacion-carlos-diaz-velez","status":"publish","type":"post","link":"https:\/\/enolife.com.ar\/es\/estudiantes-de-agrarias-pueden-acceder-a-una-beca-economica-de-la-fundacion-carlos-diaz-velez\/","title":{"rendered":"Estudiantes de Agrarias pueden acceder a una beca econ\u00f3mica de la Fundaci\u00f3n Carlos D\u00edaz V\u00e9lez"},"content":{"rendered":"\n<h4 class=\"wp-block-heading\"><em><strong>Desde el a\u00f1o 2018 la&nbsp;Secretar\u00eda de Asuntos Estudiantiles y Bienestar de la Comunidad&nbsp;de la Facultad de Ciencias Agrarias (FCA) de la Universidad Nacional de Cuyo (UNCuyo) gestiona un convenio para que los&nbsp;ingresantes&nbsp;y&nbsp;estudiantes de esa Facultad puedan acceder a las becas de ayuda econ\u00f3mica de la&nbsp;Fundaci\u00f3n Carlos D\u00edaz V\u00e9lez (FCDV). Estas becas, una vez adquiridas,&nbsp;se extienden por el t\u00e9rmino de un a\u00f1o calendario y consisten en una suma, pagada en doce mensualidades, cuyo importe determina el&nbsp;Consejo de Administraci\u00f3n de la FCDV. Hay tiempo para inscribirse hasta el 3 de marzo de 2023.<\/strong><\/em><\/h4>\n\n\n\n<div style=\"height:43px\" aria-hidden=\"true\" class=\"wp-block-spacer\"><\/div>\n\n\n<a href=\"http:\/\/www.quiminsa.com.ar\/\" aria-label=\"banner quiminsa b 1700&#215;500\"><img loading=\"lazy\" decoding=\"async\" src=\"https:\/\/enolife.com.ar\/es\/wp-content\/uploads\/2022\/04\/banner-quiminsa-b-1700x500-1.jpg\" alt=\"\"  srcset=\"https:\/\/enolife.com.ar\/es\/wp-content\/uploads\/2022\/04\/banner-quiminsa-b-1700x500-1.jpg 1700w, https:\/\/enolife.com.ar\/es\/wp-content\/uploads\/2022\/04\/banner-quiminsa-b-1700x500-1-300x88.jpg 300w, https:\/\/enolife.com.ar\/es\/wp-content\/uploads\/2022\/04\/banner-quiminsa-b-1700x500-1-1024x301.jpg 1024w, https:\/\/enolife.com.ar\/es\/wp-content\/uploads\/2022\/04\/banner-quiminsa-b-1700x500-1-768x226.jpg 768w, https:\/\/enolife.com.ar\/es\/wp-content\/uploads\/2022\/04\/banner-quiminsa-b-1700x500-1-1536x452.jpg 1536w, https:\/\/enolife.com.ar\/es\/wp-content\/uploads\/2022\/04\/banner-quiminsa-b-1700x500-1-1170x344.jpg 1170w, https:\/\/enolife.com.ar\/es\/wp-content\/uploads\/2022\/04\/banner-quiminsa-b-1700x500-1-585x172.jpg 585w\" sizes=\"auto, (max-width: 1700px) 100vw, 1700px\" width=\"1700\" height=\"500\"   \/><\/a>\n\n\n<div style=\"height:50px\" aria-hidden=\"true\" class=\"wp-block-spacer\"><\/div>\n\n\n\n<p>Desde hace 30 a\u00f1os, la <strong>Fundaci\u00f3n Carlos D\u00edaz V\u00e9lez<\/strong> <strong>(FCDV)<\/strong>, nacida en la provincia de <strong>Buenos Aires, Argentina, <\/strong>trabaja para promover la educaci\u00f3n integral en el medio rural y agropecuario del pa\u00eds, facilitando la igualdad de oportunidades, de crecimiento y desarrollo personal. A trav\u00e9s de su <strong>Programa de Becas Universitarias (PBU)<\/strong>&nbsp;brinda apoyo a estudiantes con potencial que est\u00e9n interesados en realizar estudios universitarios relacionados con la <strong>actividad agr\u00edcola-ganadera<\/strong> y que, por motivos socioecon\u00f3micos, no pudieran acceder a estos. Entre las Universidades con las que tiene convenio se encuentra la <strong>Universidad Nacional de Cuyo (UNCuyo).<\/strong><\/p>\n\n\n\n<p>Las becas est\u00e1n destinadas a ingresantes y estudiantes de la <strong>Facultad de Ciencias Agrarias (FCA) <\/strong>de la<strong> <\/strong>UNCuyo, que se formen en carreras de <strong>Ingenier\u00eda Agron\u00f3mica<\/strong> e <strong>Ingenier\u00eda en Recursos Naturales<\/strong>. Tanto la UNCuyo como la FCDV brindar\u00e1n acompa\u00f1amiento acad\u00e9mico personalizado y apoyo econ\u00f3mico para cubrir sus necesidades en su vida universitaria y personal.<\/p>\n\n\n\n<p>Ser\u00e1 renovada a\u00f1o a a\u00f1o,&nbsp;en la medida que el estudiante&nbsp;apruebe todas las materias previstas, muestre dedicaci\u00f3n y compromiso con el estudio, no registre sanciones disciplinarias y cumpla con las pautas establecidas.&nbsp;<\/p>\n\n\n\n<div style=\"height:39px\" aria-hidden=\"true\" class=\"wp-block-spacer\"><\/div>\n\n\n\n<p class=\"has-background\" style=\"background-color:#abb7c24d\"><strong>M\u00e1s informaci\u00f3n de las becas universitarias de la Fundaci\u00f3n Carlos D\u00edaz V\u00e9lez:  <a href=\"https:\/\/www.fundaciondiazvelez.org.ar\/becas-universitarias.\" title=\"\">AQU\u00cd <\/a><\/strong><br><strong>Consultas:&nbsp;<a href=\"mailto:becas@fundaciondiazvelez.org.ar\">becas@fundaciondiazvelez.org.ar<\/a>&nbsp;o&nbsp;<a href=\"mailto:aestudiantiles@fca.uncu.edu.ar\">aestudiantiles@fca.uncu.edu.ar<\/a>; o al WhatsApp: +54 9 11 700 64107<\/strong><\/p>\n\n\n\n<div style=\"height:27px\" aria-hidden=\"true\" class=\"wp-block-spacer\"><\/div>\n\n\n\n<p>Los candidatos deber\u00e1n enviar una carta de presentaci\u00f3n, que tendr\u00e1n que solicitar&nbsp;al secretario de Asuntos Estudiantiles y Bienestar de la Comunidad de la FCA, M. Sc. Ing. Agr. <strong>Mat\u00edas Venier<\/strong>, al correo electr\u00f3nico&nbsp;<a href=\"http:\/\/aestudiantiles@fca.uncu.edu.ar\/\"><strong>aestudiantiles@fca.uncu.edu.ar<\/strong><\/a>,&nbsp;hasta el&nbsp;jueves 2 de marzo, a&nbsp;las 12 horas. El cierre de postulaciones es el&nbsp;viernes 3&nbsp;de marzo de 2023.<\/p>\n\n\n\n<div style=\"height:28px\" aria-hidden=\"true\" class=\"wp-block-spacer\"><\/div>\n\n\n\n<p class=\"has-background\" style=\"background-color:#abb7c24d\"><strong>Descargas de documentaci\u00f3n requerida: <a href=\"https:\/\/docs.google.com\/forms\/d\/e\/1FAIpQLSdNyRqhAx8CJswjnBMgDCIBHq0l-laJl6IiK-QWvtut1yrzCA\/viewform\">Planilla de solicitud &#8211; Programa de becas universitarias&nbsp;<\/a>&#8211; <a href=\"https:\/\/fca.uncuyo.edu.ar\/upload\/reglamento.docx\">Reglamento de Becas<\/a>&nbsp;<small>(docx)<\/small> &#8211; <a href=\"https:\/\/fca.uncuyo.edu.ar\/upload\/composicion-familiar.docx\">Planilla de Composici\u00f3n Familiar<\/a>&nbsp;<small>(docx)<\/small><\/strong><\/p>\n\n\n\n<div style=\"height:34px\" aria-hidden=\"true\" class=\"wp-block-spacer\"><\/div>\n","protected":false},"excerpt":{"rendered":"<p>Desde el a\u00f1o 2018 la&nbsp;Secretar\u00eda de Asuntos Estudiantiles y Bienestar de la Comunidad&nbsp;de la Facultad&hellip;<\/p>\n","protected":false},"author":3,"featured_media":86222,"comment_status":"open","ping_status":"open","sticky":false,"template":"","format":"standard","meta":{"footnotes":""},"categories":[14],"tags":[],"class_list":["post-86207","post","type-post","status-publish","format-standard","has-post-thumbnail","hentry","category-news"],"_links":{"self":[{"href":"https:\/\/enolife.com.ar\/es\/wp-json\/wp\/v2\/posts\/86207","targetHints":{"allow":["GET"]}}],"collection":[{"href":"https:\/\/enolife.com.ar\/es\/wp-json\/wp\/v2\/posts"}],"about":[{"href":"https:\/\/enolife.com.ar\/es\/wp-json\/wp\/v2\/types\/post"}],"author":[{"embeddable":true,"href":"https:\/\/enolife.com.ar\/es\/wp-json\/wp\/v2\/users\/3"}],"replies":[{"embeddable":true,"href":"https:\/\/enolife.com.ar\/es\/wp-json\/wp\/v2\/comments?post=86207"}],"version-history":[{"count":0,"href":"https:\/\/enolife.com.ar\/es\/wp-json\/wp\/v2\/posts\/86207\/revisions"}],"wp:featuredmedia":[{"embeddable":true,"href":"https:\/\/enolife.com.ar\/es\/wp-json\/wp\/v2\/media\/86222"}],"wp:attachment":[{"href":"https:\/\/enolife.com.ar\/es\/wp-json\/wp\/v2\/media?parent=86207"}],"wp:term":[{"taxonomy":"category","embeddable":true,"href":"https:\/\/enolife.com.ar\/es\/wp-json\/wp\/v2\/categories?post=86207"},{"taxonomy":"post_tag","embeddable":true,"href":"https:\/\/enolife.com.ar\/es\/wp-json\/wp\/v2\/tags?post=86207"}],"curies":[{"name":"wp","href":"https:\/\/api.w.org\/{rel}","templated":true}]}}