{"id":86165,"date":"2023-02-15T13:49:51","date_gmt":"2023-02-15T13:49:51","guid":{"rendered":"https:\/\/enolife.com.ar\/es\/?p=86165"},"modified":"2023-02-16T23:09:32","modified_gmt":"2023-02-16T23:09:32","slug":"la-bolsa-de-comercio-de-mendoza-invita-a-la-muestra-grafica-de-bordelesas-de-bodegas-del-siglo-xx","status":"publish","type":"post","link":"https:\/\/enolife.com.ar\/es\/la-bolsa-de-comercio-de-mendoza-invita-a-la-muestra-grafica-de-bordelesas-de-bodegas-del-siglo-xx\/","title":{"rendered":"La Bolsa de Comercio de Mendoza invita a la muestra gr\u00e1fica de bordelesas de bodegas del siglo XX"},"content":{"rendered":"\n<h4 class=\"wp-block-heading\"><em><strong>El jueves 16 de febrero comienza el ciclo \u00abVendimia en La Bolsa\u00bb,  una serie de actividades gratuitas organizadas por la Bolsa de Comercio de Mendoza que inicia con la inauguraci\u00f3n de la muestra \u00abHistoria gr\u00e1fica del vino\u00bb, una colecci\u00f3n de etiquetas que vistieron bordelesas de bodegas de todo el pa\u00eds durante el siglo XX. La programaci\u00f3n cultural preparada para la \u00e9poca de vendimia se completa con la primera edici\u00f3n de la \u00abCata de Uvas\u00bb y una exposici\u00f3n de todas las etiquetas de vino ganadoras del tradicional Concurso Nacional de Dise\u00f1o Vitivin\u00edcola.&nbsp;<\/strong><\/em><\/h4>\n\n\n\n<div style=\"height:36px\" aria-hidden=\"true\" class=\"wp-block-spacer\"><\/div>\n\n\n<a href=\"https:\/\/instagram.com\/labelsolutions?igshid=YmMyMTA2M2Y=\" aria-label=\"Banner Palero 1700&#215;500\"><img loading=\"lazy\" decoding=\"async\" src=\"https:\/\/enolife.com.ar\/es\/wp-content\/uploads\/2021\/09\/Banner-Palero-1700x500-1.gif\" alt=\"\"  width=\"1700\" height=\"500\"   \/><\/a>\n\n\n<div style=\"height:44px\" aria-hidden=\"true\" class=\"wp-block-spacer\"><\/div>\n\n\n\n<p>Desde 1942, la Bolsa de Comercio de Mendoza gestiona diversas acciones para que la provincia sea protagonista en el contexto nacional e internacional, bas\u00e1ndose en la vinculaci\u00f3n de actores p\u00fablicos y privados. Desde siempre estuvo ligada a la vitivinicultura, en la actualidad es la unidad ejecutora de la Corporaci\u00f3n Vitivin\u00edcola Argentina (Coviar), para la gesti\u00f3n del Observatorio Vitivin\u00edcola Argentino. Su objetivo es generar, concentrar, analizar y difundir informaci\u00f3n para todos los actores de la cadena vitivin\u00edcola.<\/p>\n\n\n\n<p>A esa misi\u00f3n, la entidad, suma todos los a\u00f1os diversas actividades ligadas a la cultura y la industria del vino, especialmente para \u00e9sta \u00e9poca de vendimia:  <\/p>\n\n\n<div class=\"wp-block-image\">\n<figure class=\"alignleft size-full is-resized\"><a href=\"https:\/\/enolife.com.ar\/es\/wp-content\/uploads\/2023\/02\/BE994BF1-A178-4610-A399-40B22DF8EA83.jpeg\" data-rel=\"penci-gallery-image-content\" ><img loading=\"lazy\" decoding=\"async\" src=\"https:\/\/enolife.com.ar\/es\/wp-content\/uploads\/2023\/02\/BE994BF1-A178-4610-A399-40B22DF8EA83.jpeg\" alt=\"\" class=\"wp-image-86170\" width=\"281\" height=\"466\" srcset=\"https:\/\/enolife.com.ar\/es\/wp-content\/uploads\/2023\/02\/BE994BF1-A178-4610-A399-40B22DF8EA83.jpeg 223w, https:\/\/enolife.com.ar\/es\/wp-content\/uploads\/2023\/02\/BE994BF1-A178-4610-A399-40B22DF8EA83-181x300.jpeg 181w\" sizes=\"auto, (max-width: 281px) 100vw, 281px\" \/><\/a><\/figure><\/div>\n\n\n<p><strong>Muestra \u00abHistoria gr\u00e1fica del vino\u00bb: <\/strong>Inaugura el<strong> jueves 16\/2 a las 20 hs<\/strong>, en el Sal\u00f3n de Ruedas del edificio de la Bolsa de Comercio en la esquina de Espa\u00f1a y Peatonal Sarmiento de la ciudad de Mendoza. La muestra consiste en una colecci\u00f3n de gran valor patrimonial del filatelista Roberto Colombano, con m\u00e1s de 90 etiquetas de bordelesas y barricas de vino antiguas que forman parte de la historia vitivin\u00edcola&nbsp;argentina y comprenden dise\u00f1os originales de dibujantes profesionales de principios del siglo pasado. Muchas de ellas muchas llevan nombres propios de bodegas que pertenec\u00edan a las familias pioneras de la vitivinicultura&nbsp;mendocina como Giol, Toso o Arizu, entre otras denominaciones y or\u00edgenes tanto de oasis vitivin\u00edcolas como de distribuidores de todo el pa\u00eds.&nbsp;<\/p>\n\n\n\n<p><strong>\u00abCata de Uvas\u00bb<\/strong>: El <strong>martes 28\/2 y jueves 2\/3 a las 12 hs<\/strong> se realizar\u00e1 una degustaci\u00f3n de granos de uvas para conocer mejor las distintas cepas que le dan identidad a los vinos mendocinos. Ser\u00e1 la primera edici\u00f3n y estar\u00e1 guiada por el ingeniero agr\u00f3nomo Mark S. Mayne. La actividad es&nbsp;gratuita pero con cupos limitados, por lo que se requiere <strong>inscripci\u00f3n previa <a href=\"https:\/\/www.bolsamza.com.ar\/vendimia-en-la-bolsa\/\" title=\"\">AQU\u00cd&nbsp;<\/a><\/strong><\/p>\n\n\n\n<p><strong>Muestra de la Colecci\u00f3n de&nbsp;etiquetas de vino ganadoras del Concurso Nacional de Dise\u00f1o Vitivin\u00edcola de la Bolsa de Comercio: <\/strong>Est\u00e1n exhibidas, como siempre, las etiquetas ganadoras desde el primer concurso en 1990 hasta su m\u00e1s reciente edici\u00f3n en 2022, se puede visitar libremente de lunes a viernes de 9 a 19 hs. <\/p>\n\n\n\n<p class=\"has-background\" style=\"background-color:#abb7c24d\"><strong>Para acceder a&nbsp;&nbsp;la programaci\u00f3n completa del ciclo \u00abVendimia en La Bolsa\u00bb se puede ingresar a&nbsp;<a href=\"http:\/\/www.bolsamza.com.ar\/\" target=\"_blank\" rel=\"noreferrer noopener\">www.bolsamza.com.ar&nbsp;<\/a>o escribir para m\u00e1s detalles a&nbsp;<a href=\"mailto:cinformaciones@bolsamza.com.ar\">cinformaciones@bolsamza.com.ar<\/a>&nbsp;<\/strong><\/p>\n\n\n\n<div style=\"height:40px\" aria-hidden=\"true\" class=\"wp-block-spacer\"><\/div>\n","protected":false},"excerpt":{"rendered":"<p>El jueves 16 de febrero comienza el ciclo \u00abVendimia en La Bolsa\u00bb, una serie de&hellip;<\/p>\n","protected":false},"author":3,"featured_media":86177,"comment_status":"open","ping_status":"open","sticky":false,"template":"","format":"standard","meta":{"footnotes":""},"categories":[47],"tags":[],"class_list":["post-86165","post","type-post","status-publish","format-standard","has-post-thumbnail","hentry","category-agenda"],"_links":{"self":[{"href":"https:\/\/enolife.com.ar\/es\/wp-json\/wp\/v2\/posts\/86165","targetHints":{"allow":["GET"]}}],"collection":[{"href":"https:\/\/enolife.com.ar\/es\/wp-json\/wp\/v2\/posts"}],"about":[{"href":"https:\/\/enolife.com.ar\/es\/wp-json\/wp\/v2\/types\/post"}],"author":[{"embeddable":true,"href":"https:\/\/enolife.com.ar\/es\/wp-json\/wp\/v2\/users\/3"}],"replies":[{"embeddable":true,"href":"https:\/\/enolife.com.ar\/es\/wp-json\/wp\/v2\/comments?post=86165"}],"version-history":[{"count":0,"href":"https:\/\/enolife.com.ar\/es\/wp-json\/wp\/v2\/posts\/86165\/revisions"}],"wp:featuredmedia":[{"embeddable":true,"href":"https:\/\/enolife.com.ar\/es\/wp-json\/wp\/v2\/media\/86177"}],"wp:attachment":[{"href":"https:\/\/enolife.com.ar\/es\/wp-json\/wp\/v2\/media?parent=86165"}],"wp:term":[{"taxonomy":"category","embeddable":true,"href":"https:\/\/enolife.com.ar\/es\/wp-json\/wp\/v2\/categories?post=86165"},{"taxonomy":"post_tag","embeddable":true,"href":"https:\/\/enolife.com.ar\/es\/wp-json\/wp\/v2\/tags?post=86165"}],"curies":[{"name":"wp","href":"https:\/\/api.w.org\/{rel}","templated":true}]}}