{"id":86151,"date":"2023-02-14T20:51:36","date_gmt":"2023-02-14T20:51:36","guid":{"rendered":"https:\/\/enolife.com.ar\/es\/?p=86151"},"modified":"2023-02-15T16:44:50","modified_gmt":"2023-02-15T16:44:50","slug":"con-una-muestra-de-fotos-de-reinas-de-la-vendimia-vino-y-musica-el-inv-ayudara-a-ninos-con-cancer","status":"publish","type":"post","link":"https:\/\/enolife.com.ar\/es\/con-una-muestra-de-fotos-de-reinas-de-la-vendimia-vino-y-musica-el-inv-ayudara-a-ninos-con-cancer\/","title":{"rendered":"Con una muestra de fotos de reinas de la vendimia, vino y m\u00fasica, el INV ayudar\u00e1 a ni\u00f1os con c\u00e1ncer"},"content":{"rendered":"\n<h4 class=\"wp-block-heading\"><em><strong>El mi\u00e9rcoles 15\/2, el Instituto Nacional de Vitivinicultura (INV) abre sus puertas al p\u00fablico para disfrutar de una muestra fotogr\u00e1fica con retratos de reinas y virreinas de la vendimia mandato cumplido, degustaciones de vinos y m\u00fasica en vivo. La actividad ser\u00e1 a beneficio de la asociaci\u00f3n mendocina Tras Pasar, cuyo fin es ayudar a fortalecer la integridad y mejorar la calidad de vida de los ni\u00f1os enfermos de c\u00e1ncer durante su tratamiento, por lo que la entrada es a cambio de un alimento no perecedero. La muestra seguir\u00e1 hasta el 6\/3.<\/strong><\/em><\/h4>\n\n\n\n<div style=\"height:35px\" aria-hidden=\"true\" class=\"wp-block-spacer\"><\/div>\n\n\n<a href=\"http:\/\/www.quiminsa.com.ar\/\" aria-label=\"banner quiminsa b 1700&#215;500\"><img loading=\"lazy\" decoding=\"async\" src=\"https:\/\/enolife.com.ar\/es\/wp-content\/uploads\/2022\/04\/banner-quiminsa-b-1700x500-1.jpg\" alt=\"\"  srcset=\"https:\/\/enolife.com.ar\/es\/wp-content\/uploads\/2022\/04\/banner-quiminsa-b-1700x500-1.jpg 1700w, https:\/\/enolife.com.ar\/es\/wp-content\/uploads\/2022\/04\/banner-quiminsa-b-1700x500-1-300x88.jpg 300w, https:\/\/enolife.com.ar\/es\/wp-content\/uploads\/2022\/04\/banner-quiminsa-b-1700x500-1-1024x301.jpg 1024w, https:\/\/enolife.com.ar\/es\/wp-content\/uploads\/2022\/04\/banner-quiminsa-b-1700x500-1-768x226.jpg 768w, https:\/\/enolife.com.ar\/es\/wp-content\/uploads\/2022\/04\/banner-quiminsa-b-1700x500-1-1536x452.jpg 1536w, https:\/\/enolife.com.ar\/es\/wp-content\/uploads\/2022\/04\/banner-quiminsa-b-1700x500-1-1170x344.jpg 1170w, https:\/\/enolife.com.ar\/es\/wp-content\/uploads\/2022\/04\/banner-quiminsa-b-1700x500-1-585x172.jpg 585w\" sizes=\"auto, (max-width: 1700px) 100vw, 1700px\" width=\"1700\" height=\"500\"   \/><\/a>\n\n\n<div style=\"height:39px\" aria-hidden=\"true\" class=\"wp-block-spacer\"><\/div>\n\n\n<div class=\"wp-block-image\">\n<figure class=\"alignleft size-large is-resized\"><a href=\"https:\/\/enolife.com.ar\/es\/wp-content\/uploads\/2023\/02\/image-26.png\" data-rel=\"penci-gallery-image-content\" ><img loading=\"lazy\" decoding=\"async\" src=\"https:\/\/enolife.com.ar\/es\/wp-content\/uploads\/2023\/02\/image-26-576x1024.png\" alt=\"\" class=\"wp-image-86152\" width=\"258\" height=\"459\" srcset=\"https:\/\/enolife.com.ar\/es\/wp-content\/uploads\/2023\/02\/image-26-576x1024.png 576w, https:\/\/enolife.com.ar\/es\/wp-content\/uploads\/2023\/02\/image-26-169x300.png 169w, https:\/\/enolife.com.ar\/es\/wp-content\/uploads\/2023\/02\/image-26-585x1039.png 585w, https:\/\/enolife.com.ar\/es\/wp-content\/uploads\/2023\/02\/image-26.png 608w\" sizes=\"auto, (max-width: 258px) 100vw, 258px\" \/><\/a><\/figure><\/div>\n\n\n<p>El Espacio de Arte del INV, ubicado en Av. San Mart\u00edn 430 (Ciudad de Mendoza), inicia su calendario 2023 con una muestra muy vendimial, desde el 15\/2 al 6\/3 se podr\u00e1 visitar la muestra fotogr\u00e1fica \u00ab<strong>Retratos de reinas y virreinas de mandato cumplido\u00bb.<\/strong><\/p>\n\n\n\n<p>Durante la <strong>inauguraci\u00f3n<\/strong>, que ser\u00e1 el <strong>mi\u00e9rcoles 15 de febrero, a las 18 hs<\/strong>, habr\u00e1 <strong>m\u00fasica en vivo y degustaci\u00f3n de vinos<\/strong>. El acto de apertura estar\u00e1 a cargo del presidente de la entidad, Mart\u00edn Hinojosa, junto a directivos de la Comisi\u00f3n de Reinas Nacionales de la Vendimia (Corenave), la Comisi\u00f3n de Virreinas Nacionales de la Vendimia (Covinave), el grupo de mujeres de la Federaci\u00f3n Econ\u00f3mica de Mendoza (FEM), la agrupaci\u00f3n \u00abMujeres Poderosas\u00bb y la presencia de reinas y virreinas de mandato cumplido. <\/p>\n\n\n\n<p><strong>La entrada es un alimento no perecedero a beneficio de la<\/strong>&nbsp;<strong>Asociaci\u00f3n Tras Pasar,<\/strong> una organizaci\u00f3n mendocina sin fines de lucro que tiene como misi\u00f3n ayudar a fortalecer la integridad personal de ni\u00f1os enfermos de c\u00e1ncer durante el desarrollo de su tratamiento y la mejora de la calidad de vida tanto de ellos como el de su entorno familiar y social. (Para m\u00e1s informaci\u00f3n visitar:&nbsp;<a href=\"https:\/\/www.facebook.com\/asociaciontraspasar\">https:\/\/www.facebook.com\/asociaciontraspasar<\/a>).<\/p>\n\n\n\n<p>Luego de la inauguraci\u00f3n y hasta el 6\/3, la muesyra estar\u00e1 abierta de lunes a viernes de 8 a 15 hs.<\/p>\n\n\n\n<div style=\"height:35px\" aria-hidden=\"true\" class=\"wp-block-spacer\"><\/div>\n\n\n\n<p><\/p>\n","protected":false},"excerpt":{"rendered":"<p>El mi\u00e9rcoles 15\/2, el Instituto Nacional de Vitivinicultura (INV) abre sus puertas al p\u00fablico para&hellip;<\/p>\n","protected":false},"author":3,"featured_media":86161,"comment_status":"open","ping_status":"open","sticky":false,"template":"","format":"standard","meta":{"footnotes":""},"categories":[47],"tags":[],"class_list":["post-86151","post","type-post","status-publish","format-standard","has-post-thumbnail","hentry","category-agenda"],"_links":{"self":[{"href":"https:\/\/enolife.com.ar\/es\/wp-json\/wp\/v2\/posts\/86151","targetHints":{"allow":["GET"]}}],"collection":[{"href":"https:\/\/enolife.com.ar\/es\/wp-json\/wp\/v2\/posts"}],"about":[{"href":"https:\/\/enolife.com.ar\/es\/wp-json\/wp\/v2\/types\/post"}],"author":[{"embeddable":true,"href":"https:\/\/enolife.com.ar\/es\/wp-json\/wp\/v2\/users\/3"}],"replies":[{"embeddable":true,"href":"https:\/\/enolife.com.ar\/es\/wp-json\/wp\/v2\/comments?post=86151"}],"version-history":[{"count":0,"href":"https:\/\/enolife.com.ar\/es\/wp-json\/wp\/v2\/posts\/86151\/revisions"}],"wp:featuredmedia":[{"embeddable":true,"href":"https:\/\/enolife.com.ar\/es\/wp-json\/wp\/v2\/media\/86161"}],"wp:attachment":[{"href":"https:\/\/enolife.com.ar\/es\/wp-json\/wp\/v2\/media?parent=86151"}],"wp:term":[{"taxonomy":"category","embeddable":true,"href":"https:\/\/enolife.com.ar\/es\/wp-json\/wp\/v2\/categories?post=86151"},{"taxonomy":"post_tag","embeddable":true,"href":"https:\/\/enolife.com.ar\/es\/wp-json\/wp\/v2\/tags?post=86151"}],"curies":[{"name":"wp","href":"https:\/\/api.w.org\/{rel}","templated":true}]}}