{"id":86149,"date":"2023-02-14T15:30:27","date_gmt":"2023-02-14T15:30:27","guid":{"rendered":"https:\/\/enolife.com.ar\/es\/?p=86149"},"modified":"2023-02-15T22:51:45","modified_gmt":"2023-02-15T22:51:45","slug":"mision-mendocina-busca-vender-alimentos-y-vino-en-alemania-turquia-azerbaiyan-dubai-y-arabia","status":"publish","type":"post","link":"https:\/\/enolife.com.ar\/es\/mision-mendocina-busca-vender-alimentos-y-vino-en-alemania-turquia-azerbaiyan-dubai-y-arabia\/","title":{"rendered":"Misi\u00f3n mendocina busca vender alimentos y vino en Alemania, Turqu\u00eda, Azerbaiy\u00e1n, Dubai y Arabia"},"content":{"rendered":"\n<h4 class=\"wp-block-heading\"><em><strong>Desde el 8 y hasta el 28\/2\/23, ProMendoza, la entidad encargada de promover las exportaciones de productos mendocinos, est\u00e1 recorriendo junto a empresas de esta provincia parte de la rebautizada Ruta de la Seda, una l\u00ednea geogr\u00e1fica que une principalmente a los pa\u00edses que comercian con China, desde el este asi\u00e1tico hasta Espa\u00f1a. Esta misi\u00f3n tiene como objetivo detectar oportunidades comerciales en los sectores de agroalimentos, frutos secos y deshidratados, vitivin\u00edcola, bienes y servicios para la industria de hidrocarburos y energ\u00eda, entre otros. Los pa\u00edses que se visitar\u00e1n ser\u00e1n Alemania, Turqu\u00eda, Azerbaiy\u00e1n, Dub\u00e1i y Arabia Saudita, donde participan en ferias, reuniones de negocios, reconocimiento de mercados y posibles aperturas de hubs log\u00edsticos.<\/strong><\/em><\/h4>\n\n\n\n<div style=\"height:34px\" aria-hidden=\"true\" class=\"wp-block-spacer\"><\/div>\n\n\n<a href=\"https:\/\/grupoaltasur.com\/\" aria-label=\"1700-500px\"><img loading=\"lazy\" decoding=\"async\" src=\"https:\/\/enolife.com.ar\/es\/wp-content\/uploads\/2021\/01\/1700-500px.jpg\" alt=\"\"  srcset=\"https:\/\/enolife.com.ar\/es\/wp-content\/uploads\/2021\/01\/1700-500px.jpg 1700w, https:\/\/enolife.com.ar\/es\/wp-content\/uploads\/2021\/01\/1700-500px-300x88.jpg 300w, https:\/\/enolife.com.ar\/es\/wp-content\/uploads\/2021\/01\/1700-500px-1024x301.jpg 1024w, https:\/\/enolife.com.ar\/es\/wp-content\/uploads\/2021\/01\/1700-500px-768x226.jpg 768w, https:\/\/enolife.com.ar\/es\/wp-content\/uploads\/2021\/01\/1700-500px-1536x452.jpg 1536w, https:\/\/enolife.com.ar\/es\/wp-content\/uploads\/2021\/01\/1700-500px-1170x344.jpg 1170w, https:\/\/enolife.com.ar\/es\/wp-content\/uploads\/2021\/01\/1700-500px-585x172.jpg 585w\" sizes=\"auto, (max-width: 1700px) 100vw, 1700px\" width=\"1700\" height=\"500\"   \/><\/a>\n\n\n<div style=\"height:35px\" aria-hidden=\"true\" class=\"wp-block-spacer\"><\/div>\n\n\n\n<p>Con un circuito por 5 pa\u00edses durante un mes, <strong>ProMendoza<\/strong> abri\u00f3 las misiones comerciales de 2023 con el objetivo de detectar oportunidades comerciales en los sectores de agroalimentos, frutos secos y deshidratados, vitivin\u00edcola, bienes y servicios para la industria de hidrocarburos y energ\u00eda, entre otros.<\/p>\n\n\n\n<p>Al respecto, Mario L\u00e1zzaro, gerente general de la entidad explic\u00f3: <em>\u00abConocemos con certeza que existen posibilidades para nuestros productos pero debemos explorar el mapa comercial e institucional de esta regi\u00f3n, establecer las relaciones necesarias en el campo de la log\u00edstica, determinar la mejor manera de comerciar con estos pa\u00edses y evaluar todas las posibilidades de negocios para nuestros productos. El fin es abrir una puerta de entrada, como pueden ser Turqu\u00eda o Azerbaiy\u00e1n, a una regi\u00f3n que comprende pa\u00edses con los cuales se hace dif\u00edcil hacer negocios, ya sea por razones geopol\u00edticas, culturales, redes comerciales y otros factores, pero que son muy atractivos si se logran establecer mecanismos que faciliten el ingreso. Otra ventaja es que en general son mercados que no cuentan con tratados de libre comercio con nuestros competidores, lo que mitiga esa desventaja competitiva que enfrentamos normalmente en los mercados de Occidente o del Pac\u00edfico\u00bb<\/em>.<\/p>\n\n\n\n<div style=\"height:30px\" aria-hidden=\"true\" class=\"wp-block-spacer\"><\/div>\n\n\n\n<p class=\"has-medium-font-size\"><strong>La agenda la megamisi\u00f3n<\/strong><\/p>\n\n\n\n<p><strong>Feria Fruit Log\u00edstica en Berl\u00edn, Alemania: <\/strong>Del 8 al 10 de febrero, donde participaron 2 empresas mendocinas entre 2.600 expositores de 92 pa\u00edses que presentaron sus productos a lo largo de toda la cadena de valor en la feria l\u00edder para el comercio mundial de fruta.<\/p>\n\n\n\n<div style=\"height:25px\" aria-hidden=\"true\" class=\"wp-block-spacer\"><\/div>\n\n\n<div class=\"wp-block-image\">\n<figure class=\"aligncenter size-full is-resized\"><a href=\"https:\/\/enolife.com.ar\/es\/wp-content\/uploads\/2023\/02\/a8d54680-c504-c7d5-5643-d374bf30d016-1.jpg\" data-rel=\"penci-gallery-image-content\" ><img loading=\"lazy\" decoding=\"async\" src=\"https:\/\/enolife.com.ar\/es\/wp-content\/uploads\/2023\/02\/a8d54680-c504-c7d5-5643-d374bf30d016-1.jpg\" alt=\"\" class=\"wp-image-86195\" width=\"582\" height=\"409\" srcset=\"https:\/\/enolife.com.ar\/es\/wp-content\/uploads\/2023\/02\/a8d54680-c504-c7d5-5643-d374bf30d016-1.jpg 397w, https:\/\/enolife.com.ar\/es\/wp-content\/uploads\/2023\/02\/a8d54680-c504-c7d5-5643-d374bf30d016-1-300x211.jpg 300w\" sizes=\"auto, (max-width: 582px) 100vw, 582px\" \/><\/a><figcaption class=\"wp-element-caption\"><em><strong>Feria Fruit Log\u00edstica en Berl\u00edn, Alemania:<\/strong><\/em><\/figcaption><\/figure><\/div>\n\n\n<div style=\"height:25px\" aria-hidden=\"true\" class=\"wp-block-spacer\"><\/div>\n\n\n\n<p><strong>Misi\u00f3n exploratoria en Turqu\u00eda:<\/strong> 13 al 15 de febrero. Dos t\u00e9cnicos de ProMendoza desarrollan una agenda de reuniones, buscando oportunidades para los frutos secos y la ciruela de Mendoza. Tambi\u00e9n, dando los pasos para estructurar la log\u00edstica comercial que facilite la acci\u00f3n y el transporte terrestre hacia Azerbaiy\u00e1n y los pa\u00edses de Asia Central.<\/p>\n\n\n<div class=\"wp-block-image\">\n<figure class=\"alignleft size-large is-resized\"><a href=\"https:\/\/enolife.com.ar\/es\/wp-content\/uploads\/2023\/02\/83a2f44e-80f7-6141-4baa-306ba50e4d7b-scaled.jpg\" data-rel=\"penci-gallery-image-content\" ><img loading=\"lazy\" decoding=\"async\" src=\"https:\/\/enolife.com.ar\/es\/wp-content\/uploads\/2023\/02\/83a2f44e-80f7-6141-4baa-306ba50e4d7b-1024x825.jpg\" alt=\"\" class=\"wp-image-86192\" width=\"389\" height=\"313\" srcset=\"https:\/\/enolife.com.ar\/es\/wp-content\/uploads\/2023\/02\/83a2f44e-80f7-6141-4baa-306ba50e4d7b-1024x825.jpg 1024w, https:\/\/enolife.com.ar\/es\/wp-content\/uploads\/2023\/02\/83a2f44e-80f7-6141-4baa-306ba50e4d7b-300x242.jpg 300w, https:\/\/enolife.com.ar\/es\/wp-content\/uploads\/2023\/02\/83a2f44e-80f7-6141-4baa-306ba50e4d7b-768x619.jpg 768w, https:\/\/enolife.com.ar\/es\/wp-content\/uploads\/2023\/02\/83a2f44e-80f7-6141-4baa-306ba50e4d7b-1536x1237.jpg 1536w, https:\/\/enolife.com.ar\/es\/wp-content\/uploads\/2023\/02\/83a2f44e-80f7-6141-4baa-306ba50e4d7b-2048x1649.jpg 2048w, https:\/\/enolife.com.ar\/es\/wp-content\/uploads\/2023\/02\/83a2f44e-80f7-6141-4baa-306ba50e4d7b-1170x942.jpg 1170w, https:\/\/enolife.com.ar\/es\/wp-content\/uploads\/2023\/02\/83a2f44e-80f7-6141-4baa-306ba50e4d7b-585x471.jpg 585w\" sizes=\"auto, (max-width: 389px) 100vw, 389px\" \/><\/a><\/figure><\/div>\n\n\n<p><strong>Visita a Azerbaiy\u00e1n:<\/strong> Del 15 al 17 de febrero, donde se profundizar\u00e1 el trabajo y las relaciones establecidas durante la pandemia para evaluar, entre otras, la posibilidad de un&nbsp;hub log\u00edstico en Bak\u00fa para vino y aceite de oliva a granel, que pueda fraccionarse en ese pa\u00eds y aprovechar los tratados de libre comercio de Azerbaiy\u00e1n con otros pa\u00edses de la regi\u00f3n. Asimismo, explorar oportunidades comerciales para servicios de petr\u00f3leo, gas, energ\u00eda y metalmec\u00e1nica por el desarrollo incipiente de la agroindustria en la regi\u00f3n.<br><\/p>\n\n\n\n<p><strong>Feria Gulfood en Dub\u00e1i:<\/strong> Del 20 al 24 de febrero. Participar\u00e1n 10 empresas mendocinas y se evaluar\u00e1 reflotar el&nbsp;<em>hub&nbsp;<\/em>log\u00edstico abierto en 2016-17, con la posibilidad de incorporar vino, ante un posible cambio de condiciones de esa bebida en <strong>Emiratos \u00c1rabes<\/strong>. Para ello se buscar\u00e1 identificar a peque\u00f1as y medianas empresas que quieran comprar fruta deshidratada, frutos secos y bebidas en la regi\u00f3n. Paralelo a la feria, se explorar\u00e1 <strong>Abu Dhabi<\/strong> y <strong>Ras Al Khaimah<\/strong> para buscar oportunidades comerciales para productos y servicios relacionados con hidrocarburos y energ\u00eda.<\/p>\n\n\n\n<p><strong>Misi\u00f3n en Arabia Saudita: <\/strong>Los d\u00edas 27 y 28 de febrero. La meta es trazar un camino exportador a empresas de Mendoza relacionadas con metalmec\u00e1nica e hidrocarburos y prepar\u00e1ndose para una misi\u00f3n espec\u00edfica para el sector vinculado a petr\u00f3leo y gas en mayo, que est\u00e1 siendo organizada por <strong>Canciller\u00eda Argentina.<\/strong><\/p>\n\n\n\n<div style=\"height:19px\" aria-hidden=\"true\" class=\"wp-block-spacer\"><\/div>\n\n\n\n<p>En cuanto a lo que sigue durante el 2023, el gerente de ProMendoza dijo: <em>\u00abDurante este a\u00f1o, tenemos como meta seguir desarrollando y consolidarnos en Brasil, Chile y M\u00e9xico, que son importantes mercados latinos en crecimiento y una gran oportunidad para nuestros productos y servicios. Adem\u00e1s, fortaleceremos Estados Unidos y Europa, pero tambi\u00e9n, como en este caso, daremos los primeros pasos, de acuerdo a nuestra cosmovisi\u00f3n del mundo, para que en pocos a\u00f1os las empresas de nuestra provincia cuenten con una plataforma de apoyo comercial en los cinco continentes\u00bb<\/em>.<\/p>\n\n\n\n<p>Es importante destacar como antecedente que ProMendoza realiz\u00f3 una similar megamisi\u00f3n en 2018 que abarc\u00f3 siete pa\u00edses: <strong>Rusia, Alemania, Pa\u00edses Bajos, Francia, Italia, Dubai e Inglaterra<\/strong>, que gener\u00f3 en los a\u00f1os posteriores excelentes resultados para el sector exportador de la provincia.<\/p>\n\n\n\n<p><em>\u00abAbrimos el&nbsp;hub&nbsp;log\u00edstico de B\u00e9lgica y se dio impulso a dos importantes sectores -el vino y las nueces- con la <strong>C\u00e1mara de Vino a Granel<\/strong> y <strong>Nuts from Argentina<\/strong>, que han generado innumerables negocios a lo largo de estos a\u00f1os\u00bb<\/em>, concluy\u00f3 L\u00e1zzaro.<\/p>\n\n\n\n<div style=\"height:42px\" aria-hidden=\"true\" class=\"wp-block-spacer\"><\/div>\n","protected":false},"excerpt":{"rendered":"<p>Desde el 8 y hasta el 28\/2\/23, ProMendoza, la entidad encargada de promover las exportaciones&hellip;<\/p>\n","protected":false},"author":3,"featured_media":86231,"comment_status":"open","ping_status":"open","sticky":false,"template":"","format":"standard","meta":{"footnotes":""},"categories":[9],"tags":[],"class_list":["post-86149","post","type-post","status-publish","format-standard","has-post-thumbnail","hentry","category-negocios"],"_links":{"self":[{"href":"https:\/\/enolife.com.ar\/es\/wp-json\/wp\/v2\/posts\/86149","targetHints":{"allow":["GET"]}}],"collection":[{"href":"https:\/\/enolife.com.ar\/es\/wp-json\/wp\/v2\/posts"}],"about":[{"href":"https:\/\/enolife.com.ar\/es\/wp-json\/wp\/v2\/types\/post"}],"author":[{"embeddable":true,"href":"https:\/\/enolife.com.ar\/es\/wp-json\/wp\/v2\/users\/3"}],"replies":[{"embeddable":true,"href":"https:\/\/enolife.com.ar\/es\/wp-json\/wp\/v2\/comments?post=86149"}],"version-history":[{"count":0,"href":"https:\/\/enolife.com.ar\/es\/wp-json\/wp\/v2\/posts\/86149\/revisions"}],"wp:featuredmedia":[{"embeddable":true,"href":"https:\/\/enolife.com.ar\/es\/wp-json\/wp\/v2\/media\/86231"}],"wp:attachment":[{"href":"https:\/\/enolife.com.ar\/es\/wp-json\/wp\/v2\/media?parent=86149"}],"wp:term":[{"taxonomy":"category","embeddable":true,"href":"https:\/\/enolife.com.ar\/es\/wp-json\/wp\/v2\/categories?post=86149"},{"taxonomy":"post_tag","embeddable":true,"href":"https:\/\/enolife.com.ar\/es\/wp-json\/wp\/v2\/tags?post=86149"}],"curies":[{"name":"wp","href":"https:\/\/api.w.org\/{rel}","templated":true}]}}