{"id":8601,"date":"2020-02-28T17:47:47","date_gmt":"2020-02-28T17:47:47","guid":{"rendered":"http:\/\/enolife.com.ar\/es\/?p=8601"},"modified":"2020-02-29T20:20:17","modified_gmt":"2020-02-29T20:20:17","slug":"pese-a-las-trabas-por-el-coronavirus-una-pyme-mendocina-exporto-480-000-litros-de-malbec-a-china","status":"publish","type":"post","link":"https:\/\/enolife.com.ar\/es\/pese-a-las-trabas-por-el-coronavirus-una-pyme-mendocina-exporto-480-000-litros-de-malbec-a-china\/","title":{"rendered":"Pese a las trabas por el coronavirus, una pyme mendocina export\u00f3 480.000 litros de malbec a China"},"content":{"rendered":"\n<h4 class=\"wp-block-heading\"><em><strong>En un contexto complicado, donde algunos importadores chinos ya demoran o suspenden embarques de compras cerradas, como por ejemplo ocurre con env\u00edos desde Chile, la empresa local MVW export\u00f3 480.000 litros de malbec a granel a la ciudad vitivin\u00edcola de Yantai. El negocio se concret\u00f3 gracias a la mediaci\u00f3n de ProMendoza durante una misi\u00f3n a Holanda en 2019.<\/strong><\/em><\/h4>\n\n\n\n<div style=\"height:23px\" aria-hidden=\"true\" class=\"wp-block-spacer\"><\/div>\n\n\n\n<p>Una empresa que comenz\u00f3 a explorar el mercado externo en 2019 junto a <strong>ProMendoza<\/strong> ya concret\u00f3 su primera venta a China, exportando 480.000 litros de <strong>vino malbec<\/strong> a la ciudad vitivin\u00edcola de <strong>Yantai<\/strong>, por un monto total de <strong>200.000 d\u00f3lares<\/strong>.<\/p>\n\n\n\n<div style=\"height:20px\" aria-hidden=\"true\" class=\"wp-block-spacer\"><\/div>\n\n\n\n<p class=\"has-background has-very-light-gray-background-color\">La negociaci\u00f3n y el env\u00edo del vino mendocino constituye un logro destacable, m\u00e1s all\u00e1 de su valor comercial, ya que <strong>la operaci\u00f3n se realiza en medio de la psicosis desatada por la pandemia del coronavirus. <\/strong>Cabe aclarar que, <strong>en el comercio de vinos <\/strong>a nivel global, <strong>el problema se presenta<\/strong> no porque el producto en s\u00ed pueda portar el virus ni nada por el estilo -ser\u00eda absurdo siquiera imaginarlo as\u00ed- sino <strong>porque los puertos chinos est\u00e1n congestionados, con su operatividad demorada<\/strong>, porque, por un lado, se revisa exhaustivamente cada carga que llega, y por otro, se prioriza la entrada de buques con materiales m\u00e9dicos y alimentos para abastecer a las ciudades cerradas del gigante asi\u00e1tico. Precisamente, esta traba en el comercio internacional hacia y desde China es <strong>lo que ha ocasionado suspensiones de env\u00edos de vinos y otros productos alimenticios en nuestro vecino Chile<\/strong>.<br><br><strong>Ver nota enolife:  <a href=\"https:\/\/enolife.com.ar\/es\/las-exportaciones-de-vino-a-china-podrian-ser-afectadas-por-la-epidemia-de-coronavirus\/\">https:\/\/enolife.com.ar\/es\/las-exportaciones-de-vino-a-china-podrian-ser-afectadas-por-la-epidemia-de-coronavirus\/<\/a> <\/strong><\/p>\n\n\n\n<div style=\"height:20px\" aria-hidden=\"true\" class=\"wp-block-spacer\"><\/div>\n\n\n\n<p>\u00abEn 2018 nos propusimos que el vino a granel sea un producto permanente y no de coyuntura, con una estrategia a largo plazo.&nbsp;Por eso de manera permanente trabajamos para incorporar a las ferias y misiones internacionales, nuevas empresas, para el vino a granel siga creciendo en el exterior\u00bb, expres\u00f3 <strong>Mario L\u00e1zzaro, gerente de ProMendoza.<\/strong><\/p>\n\n\n\n<div style=\"height:20px\" aria-hidden=\"true\" class=\"wp-block-spacer\"><\/div>\n\n\n\n<p class=\"has-medium-font-size\"><strong>Env\u00edos en etapas, pactados en Holanda en 2019<\/strong><\/p>\n\n\n\n<div style=\"height:20px\" aria-hidden=\"true\" class=\"wp-block-spacer\"><\/div>\n\n\n\n<p>La empresa <strong>MVW<\/strong>, que es corredora de vino a granel e inmobiliaria rural, comenz\u00f3 a enviar el 27 de febrero 10 de los 20 contenedores vendidos, luego de comenzar su negociaci\u00f3n en noviembre de 2019 en la <strong>Feria de Vino a Granel desarrollada en Amsterdam, Holanda.<\/strong><\/p>\n\n\n\n<p>La segunda parte de la carga saldr\u00e1 hacia China en la \u00faltima semana de marzo, para completar el env\u00edo de los 20 <em>flexi tanks<\/em> de <strong>24.000 litros <\/strong>cada uno, de vino malbec \u00abentry level\u00bb (bajo precio) de alrededor de <strong>40 centavos de d\u00f3lar el litro.<\/strong><\/p>\n\n\n\n<p>El comprador es una bodega y distribuidora muy grande de China, que compra varietales y gen\u00e9ricos en forma permanente en todo el mundo. \u00abEsperamos seguir en trabajando con ese cliente chino, aunque estamos a la expectativa de la evoluci\u00f3n del consumo &nbsp;en el gigante asi\u00e1tico, en un a\u00f1o tan particular. Ayer hemos cargado con normalidad porque la Naviera nos habilit\u00f3 asegurando que los puertos funcionan con regularidad, pero sabemos que las ventas est\u00e1s deprimidas\u00bb, aclar\u00f3 <strong>Pablo Escudero,<\/strong> uno de los socios de MVW.<\/p>\n\n\n\n<div style=\"height:20px\" aria-hidden=\"true\" class=\"wp-block-spacer\"><\/div>\n\n\n\n<div class=\"wp-block-image\"><figure class=\"aligncenter size-large is-resized\"><img loading=\"lazy\" decoding=\"async\" src=\"https:\/\/enolife.com.ar\/es\/wp-content\/uploads\/2020\/02\/image-42.png\" alt=\"\" class=\"wp-image-8608\" width=\"534\" height=\"401\" srcset=\"https:\/\/enolife.com.ar\/es\/wp-content\/uploads\/2020\/02\/image-42.png 576w, https:\/\/enolife.com.ar\/es\/wp-content\/uploads\/2020\/02\/image-42-300x226.png 300w\" sizes=\"auto, (max-width: 534px) 100vw, 534px\" \/><figcaption><em><strong>Pablo Escudero<\/strong><\/em><\/figcaption><\/figure><\/div>\n\n\n\n<div style=\"height:20px\" aria-hidden=\"true\" class=\"wp-block-spacer\"><\/div>\n\n\n\n<p>\u00abSomos una empresa familiar que comenz\u00f3 mi padre, Ricardo Escudero, hace 40 a\u00f1os, y que se dedica a comercializar los excedentes de vino a granel que tienen muchas bodegas en Mendoza. Hace 10 a\u00f1os me sum\u00e9 a su trabajo cotidiano para expandirnos y ofrecer nuestros productos y servicios en el exterior, es por eso que nos acercamos a ProMendoza el a\u00f1o pasado para comenzar a internacionalizarnos\u00bb, expres\u00f3 Pablo Escudero.<\/p>\n\n\n\n<p>\u00abA Holanda viaj\u00e9 con un porfolio de 14 bodegas diferentes, grandes y peque\u00f1as, que ten\u00edan un &nbsp;stock v\u00ednico total para ofrecer de 15 millones de litros\u00bb, explic\u00f3 Escudero.<\/p>\n\n\n\n<p>Es importante remarcar que la tendencia positiva de exportaciones de vino de Mendoza fue marcada fundamentalmente por el crecimiento en litros del vino a granel, ya que en 2019 se exportaron <strong>35%<\/strong> m\u00e1s de graneles que en 2018. La exportaci\u00f3n total de graneles el a\u00f1o pasado super\u00f3 los <strong>90 millones de litros<\/strong> por un valor superior a los <strong>55 millones de d\u00f3lares.<\/strong><\/p>\n\n\n\n<div style=\"height:20px\" aria-hidden=\"true\" class=\"wp-block-spacer\"><\/div>\n\n\n\n<p class=\"has-small-font-size\"><strong><em>Fuente: ProMendoza &#8211; Foto principal Reuters<\/em><\/strong><\/p>\n","protected":false},"excerpt":{"rendered":"<p>En un contexto complicado, donde algunos importadores chinos ya demoran o suspenden embarques de compras&hellip;<\/p>\n","protected":false},"author":3,"featured_media":8607,"comment_status":"open","ping_status":"open","sticky":false,"template":"","format":"standard","meta":{"footnotes":""},"categories":[9],"tags":[],"class_list":["post-8601","post","type-post","status-publish","format-standard","has-post-thumbnail","hentry","category-negocios"],"_links":{"self":[{"href":"https:\/\/enolife.com.ar\/es\/wp-json\/wp\/v2\/posts\/8601","targetHints":{"allow":["GET"]}}],"collection":[{"href":"https:\/\/enolife.com.ar\/es\/wp-json\/wp\/v2\/posts"}],"about":[{"href":"https:\/\/enolife.com.ar\/es\/wp-json\/wp\/v2\/types\/post"}],"author":[{"embeddable":true,"href":"https:\/\/enolife.com.ar\/es\/wp-json\/wp\/v2\/users\/3"}],"replies":[{"embeddable":true,"href":"https:\/\/enolife.com.ar\/es\/wp-json\/wp\/v2\/comments?post=8601"}],"version-history":[{"count":0,"href":"https:\/\/enolife.com.ar\/es\/wp-json\/wp\/v2\/posts\/8601\/revisions"}],"wp:featuredmedia":[{"embeddable":true,"href":"https:\/\/enolife.com.ar\/es\/wp-json\/wp\/v2\/media\/8607"}],"wp:attachment":[{"href":"https:\/\/enolife.com.ar\/es\/wp-json\/wp\/v2\/media?parent=8601"}],"wp:term":[{"taxonomy":"category","embeddable":true,"href":"https:\/\/enolife.com.ar\/es\/wp-json\/wp\/v2\/categories?post=8601"},{"taxonomy":"post_tag","embeddable":true,"href":"https:\/\/enolife.com.ar\/es\/wp-json\/wp\/v2\/tags?post=8601"}],"curies":[{"name":"wp","href":"https:\/\/api.w.org\/{rel}","templated":true}]}}