{"id":85968,"date":"2023-02-13T17:56:18","date_gmt":"2023-02-13T17:56:18","guid":{"rendered":"https:\/\/enolife.com.ar\/es\/?p=85968"},"modified":"2023-02-14T20:52:05","modified_gmt":"2023-02-14T20:52:05","slug":"bodegas-de-argentina-le-pedira-manana-al-gobierno-bajar-retenciones-y-salir-del-plan-precios-justos","status":"publish","type":"post","link":"https:\/\/enolife.com.ar\/es\/bodegas-de-argentina-le-pedira-manana-al-gobierno-bajar-retenciones-y-salir-del-plan-precios-justos\/","title":{"rendered":"Bodegas de Argentina le pedir\u00e1 hoy al gobierno bajar retenciones y salir del plan Precios Justos"},"content":{"rendered":"\n<h4 class=\"wp-block-heading\"><em><strong>Seg\u00fan le anticip\u00f3 el vicepresidente de Bodegas de Argentina (BdA), Francisco do Pico, al diario La Naci\u00f3n, los directivos de la c\u00e1mara empresaria que re\u00fane a las principales bodegas exportadoras del pa\u00eds se reunir\u00e1n hoy martes 14\/2 con los m\u00e1ximos funcionarios de Econom\u00eda de la Naci\u00f3n para oficializar su requerimiento de reducci\u00f3n de retenciones a las exportaciones de vino, excepci\u00f3n de los productos de sus bodegas del programa gubernamental Precios Justos y mayor financiamiento para el sector. La gesti\u00f3n cobra fuerza luego de los anuncios del ministro de Econom\u00eda Sergio Massa de ayuda a la vitivinicultura con un fondo de $10.000 millones, para compensar en parte los perjuicios causados por el granizo, las heladas y la sequ\u00eda.<\/strong><\/em><\/h4>\n\n\n\n<div style=\"height:31px\" aria-hidden=\"true\" class=\"wp-block-spacer\"><\/div>\n\n\n<a href=\"https:\/\/ar.verallia.com\/\" aria-label=\"VERALLIA 1700 x 500\"><img loading=\"lazy\" decoding=\"async\" src=\"https:\/\/enolife.com.ar\/es\/wp-content\/uploads\/2021\/04\/VERALLIA-1700-x-500.jpg\" alt=\"\"  srcset=\"https:\/\/enolife.com.ar\/es\/wp-content\/uploads\/2021\/04\/VERALLIA-1700-x-500.jpg 1700w, https:\/\/enolife.com.ar\/es\/wp-content\/uploads\/2021\/04\/VERALLIA-1700-x-500-300x88.jpg 300w, https:\/\/enolife.com.ar\/es\/wp-content\/uploads\/2021\/04\/VERALLIA-1700-x-500-1024x301.jpg 1024w, https:\/\/enolife.com.ar\/es\/wp-content\/uploads\/2021\/04\/VERALLIA-1700-x-500-768x226.jpg 768w, https:\/\/enolife.com.ar\/es\/wp-content\/uploads\/2021\/04\/VERALLIA-1700-x-500-1536x452.jpg 1536w, https:\/\/enolife.com.ar\/es\/wp-content\/uploads\/2021\/04\/VERALLIA-1700-x-500-1170x344.jpg 1170w, https:\/\/enolife.com.ar\/es\/wp-content\/uploads\/2021\/04\/VERALLIA-1700-x-500-585x172.jpg 585w\" sizes=\"auto, (max-width: 1700px) 100vw, 1700px\" width=\"1700\" height=\"500\"   \/><\/a>\n\n\n<div style=\"height:37px\" aria-hidden=\"true\" class=\"wp-block-spacer\"><\/div>\n\n\n\n<p>En los \u00faltimos d\u00edas, la c\u00e1mara empresaria de las bodegas exportadoras argentinas manifest\u00f3 que el sector vitivin\u00edcola experimenta una grave crisis por los efectos combinados de los aumentos de los costos operativos, la ca\u00edda del consumo de vino y el da\u00f1o que distintos fen\u00f3menos meteorol\u00f3gicos y la sequ\u00eda han provocado en los vi\u00f1edos, con lo que se espera este a\u00f1o una cosecha menor a la de 2022, que rond\u00f3 los 19 millones de quintales de uva.<\/p>\n\n\n\n<p>Frente a esta situaci\u00f3n, el vicepresidente de Bodegas de Argentina,\u00a0<strong>Francisco Do Pico<\/strong>, revel\u00f3 en una nota del diario <strong>La Naci\u00f3n <\/strong>que\u00a0hoy martes 14\/2  se reunir\u00e1 en el <strong>Ministerio de Econom\u00eda<\/strong>\u00a0con el secretario de Industria,\u00a0<strong>Jos\u00e9 Ignacio de Mendiguren<\/strong>; de Agricultura,\u00a0<strong>Juan Jos\u00e9 Bahillo,<\/strong>\u00a0y con la posible asistencia del m\u00ednistro del \u00e1rea, <strong>Sergio Massa<\/strong>.<\/p>\n\n\n\n<p>Seg\u00fan La Naci\u00f3n, <em>\u00ablos principales temas que se debatir\u00e1n ser\u00e1n una posible&nbsp;quita de las retenciones&nbsp;al sector, la&nbsp;excepci\u00f3n de Precios Justos, la solicitud de&nbsp;ayuda financiera&nbsp;y cambios en los&nbsp;protocolos de fabricaci\u00f3n\u00bb. <\/em><\/p>\n\n\n\n<p>Al respecto, en el mismo art\u00edculo, sostuvo Do Pico: <em>\u201cLlevamos m\u00e1s de un a\u00f1o de ca\u00edda&nbsp;en las exportaciones; el a\u00f1o pasado&nbsp;descendieron un&nbsp;10%.&nbsp;No tiene sentido cobrar retenciones a un producto cuyas ventas en el exterior est\u00e1n cayendo y su rentabilidad est\u00e1 en juego\u201d.&nbsp;<\/em><\/p>\n\n\n\n<div style=\"height:25px\" aria-hidden=\"true\" class=\"wp-block-spacer\"><\/div>\n\n\n<div class=\"wp-block-image\">\n<figure class=\"aligncenter size-full is-resized\"><a href=\"https:\/\/enolife.com.ar\/es\/wp-content\/uploads\/2023\/02\/do-pico-1.jpg\" data-rel=\"penci-gallery-image-content\" ><img loading=\"lazy\" decoding=\"async\" src=\"https:\/\/enolife.com.ar\/es\/wp-content\/uploads\/2023\/02\/do-pico-1.jpg\" alt=\"\" class=\"wp-image-86144\" width=\"354\" height=\"456\" srcset=\"https:\/\/enolife.com.ar\/es\/wp-content\/uploads\/2023\/02\/do-pico-1.jpg 388w, https:\/\/enolife.com.ar\/es\/wp-content\/uploads\/2023\/02\/do-pico-1-233x300.jpg 233w\" sizes=\"auto, (max-width: 354px) 100vw, 354px\" \/><\/a><figcaption class=\"wp-element-caption\"><em><strong>Francisco Do Pico, vicepresidente de Bodegas de Argentina<\/strong><\/em><\/figcaption><\/figure><\/div>\n\n\n<div style=\"height:24px\" aria-hidden=\"true\" class=\"wp-block-spacer\"><\/div>\n\n\n\n<p>Por su parte,<strong> Daniel Rada<\/strong>, director del <strong>Observatorio Vitivin\u00edcola<\/strong> de la<strong>&nbsp;Corporaci\u00f3n Vitivin\u00edcola Argentina<\/strong> <strong>(Coviar)<\/strong>, en referencia a las heladas que da\u00f1aron la producci\u00f3n, expres\u00f3: <em>\u201cHay una cantidad de hect\u00e1reas afectadas que superan ampliamente los efectos clim\u00e1ticos presentes en los a\u00f1os anteriores. El 80% de la producci\u00f3n est\u00e1 en Mendoza y ah\u00ed es donde se produjeron las temperaturas m\u00e1s bajas. Entre 60.000 y 70.000 hect\u00e1reas se vieron afectadas de un total de 210.000\u201d<\/em>.<\/p>\n\n\n\n<p>En una referencia al aumento de los costos y precios, el diario La Naci\u00f3n rese\u00f1\u00f3:<\/p>\n\n\n\n<div style=\"height:18px\" aria-hidden=\"true\" class=\"wp-block-spacer\"><\/div>\n\n\n\n<h4 class=\"has-vivid-red-color has-text-color wp-block-heading\">\u00abAnte la prolongaci\u00f3n en la ca\u00edda de la actividad, los costos de los principales insumos, como la uva y el vino gen\u00e9rico, aumentaron. En marzo de 2020, el vino de mesa -el de menor valor, y el que toma el 40% de los argentinos- ten\u00eda un costo de $8 y hoy el precio aument\u00f3 a $160, una cifra que supera la inflaci\u00f3n acumulada de los dos \u00faltimos a\u00f1os\u00bb.<\/h4>\n\n\n\n<div style=\"height:18px\" aria-hidden=\"true\" class=\"wp-block-spacer\"><\/div>\n\n\n\n<p>Con respecto a la rentabilidad de las exportaciones, Do Pico manifest\u00f3:&nbsp;<em>\u201cDesde 2021 el deslizamiento del tipo de cambio oficial no sigui\u00f3 el ritmo de la inflaci\u00f3n, lo que gener\u00f3 una p\u00e9rdida de rentabilidad y afect\u00f3 principalmente a los vinos econ\u00f3micos\u201d.<\/em><\/p>\n\n\n\n<p>Por su parte, Rada justific\u00f3: <em>\u201cA los bodegueros no les queda m\u00e1s opci\u00f3n que subir los precios en d\u00f3lares, lo que hace perder competitividad en el mercado internacional\u201d.<\/em><\/p>\n\n\n\n<p>Por las razones apuntadas por Do Pico, las bodegas asociadas a BdA piden salir de las limitaciones a los precios m\u00e1ximos que impone ese programa. Cabe recordar que entre las marcas afectadas al programa, que ser\u00e1 relanzado en estos d\u00edas con <strong>vigencia hasta el 30\/6\/202<\/strong>3, figuran las marcas de vino blanco <strong>Arizu y Termidor, el tinto Dolores, La Gran Nacha, Graffigna PC y Termidor.<\/strong><\/p>\n\n\n\n<div style=\"height:18px\" aria-hidden=\"true\" class=\"wp-block-spacer\"><\/div>\n\n\n\n<h4 class=\"has-vivid-red-color has-text-color wp-block-heading\"><strong>Las empresas vitivin\u00edcolas adheridas al programa manifestaron que s\u00f3lo pueden aumentar los precios de g\u00f3ndola hasta un 3,2% mensual, lo que les provoca p\u00e9rdidas econ\u00f3micas por estar ese porcentaje por debajo de la inflaci\u00f3n.<\/strong><\/h4>\n\n\n\n<div style=\"height:18px\" aria-hidden=\"true\" class=\"wp-block-spacer\"><\/div>\n\n\n\n<p><em>\u201cA las bodegas no les queda otra que acompa\u00f1ar. Entendemos la necesidad y la urgencia de atender la inflaci\u00f3n en la Argentina pero nosotros estamos atravesando una situaci\u00f3n excepcionalmente mala con la cosecha del 2023 que se suma a la del a\u00f1o anterior.&nbsp;Por eso le pedimos al Gobierno que nos except\u00faen de Precios Justos\u201d<\/em>, concluy\u00f3 Do Pico consultado por La Naci\u00f3n.<\/p>\n\n\n\n<div style=\"height:35px\" aria-hidden=\"true\" class=\"wp-block-spacer\"><\/div>\n\n\n\n<div style=\"height:40px\" aria-hidden=\"true\" class=\"wp-block-spacer\"><\/div>\n","protected":false},"excerpt":{"rendered":"<p>Seg\u00fan le anticip\u00f3 el vicepresidente de Bodegas de Argentina (BdA), Francisco do Pico, al diario&hellip;<\/p>\n","protected":false},"author":3,"featured_media":86145,"comment_status":"open","ping_status":"open","sticky":false,"template":"","format":"standard","meta":{"footnotes":""},"categories":[14],"tags":[],"class_list":["post-85968","post","type-post","status-publish","format-standard","has-post-thumbnail","hentry","category-news"],"_links":{"self":[{"href":"https:\/\/enolife.com.ar\/es\/wp-json\/wp\/v2\/posts\/85968","targetHints":{"allow":["GET"]}}],"collection":[{"href":"https:\/\/enolife.com.ar\/es\/wp-json\/wp\/v2\/posts"}],"about":[{"href":"https:\/\/enolife.com.ar\/es\/wp-json\/wp\/v2\/types\/post"}],"author":[{"embeddable":true,"href":"https:\/\/enolife.com.ar\/es\/wp-json\/wp\/v2\/users\/3"}],"replies":[{"embeddable":true,"href":"https:\/\/enolife.com.ar\/es\/wp-json\/wp\/v2\/comments?post=85968"}],"version-history":[{"count":0,"href":"https:\/\/enolife.com.ar\/es\/wp-json\/wp\/v2\/posts\/85968\/revisions"}],"wp:featuredmedia":[{"embeddable":true,"href":"https:\/\/enolife.com.ar\/es\/wp-json\/wp\/v2\/media\/86145"}],"wp:attachment":[{"href":"https:\/\/enolife.com.ar\/es\/wp-json\/wp\/v2\/media?parent=85968"}],"wp:term":[{"taxonomy":"category","embeddable":true,"href":"https:\/\/enolife.com.ar\/es\/wp-json\/wp\/v2\/categories?post=85968"},{"taxonomy":"post_tag","embeddable":true,"href":"https:\/\/enolife.com.ar\/es\/wp-json\/wp\/v2\/tags?post=85968"}],"curies":[{"name":"wp","href":"https:\/\/api.w.org\/{rel}","templated":true}]}}