{"id":85808,"date":"2023-02-10T02:56:57","date_gmt":"2023-02-10T02:56:57","guid":{"rendered":"https:\/\/enolife.com.ar\/es\/?p=85808"},"modified":"2023-02-11T22:18:45","modified_gmt":"2023-02-11T22:18:45","slug":"sergio-massa-hasta-que-no-este-vendida-la-ultima-uva-no-vamos-a-hablar-de-importacion","status":"publish","type":"post","link":"https:\/\/enolife.com.ar\/es\/sergio-massa-hasta-que-no-este-vendida-la-ultima-uva-no-vamos-a-hablar-de-importacion\/","title":{"rendered":"Sergio Massa: \u00abHasta que no est\u00e9 vendida la \u00faltima uva no vamos a hablar de importaci\u00f3n\u00bb"},"content":{"rendered":"\n<h4 class=\"wp-block-heading\"><em><strong>El 8 de febrero, el ministro de Econom\u00eda de Argentina particip\u00f3 de un acto por el lanzamiento de la Vendimia 2023 en la provincia de La Rioja, al noroeste del pa\u00eds. All\u00ed declar\u00f3, respecto de la posibilidad de que algunas bodegas importen vino por la merma de producci\u00f3n a causa de heladas, granizos y sequ\u00eda, que \u00abhasta que no est\u00e9 vendida la \u00faltima uva de producci\u00f3n argentina ni nos sentamos a hablar de importaci\u00f3n, tenemos menor producci\u00f3n, pero tambi\u00e9n tenemos y conocemos que hay stock\u00bb. Adem\u00e1s, anunci\u00f3 un aporte del gobierno nacional a la provincia de La Rioja de $1.000 millones para que los productores afectados por las heladas tard\u00edas y la ca\u00edda de granizo puedan acceder a cr\u00e9ditos a menores tasas, aportes no reintegrables y fondos de emergencia.<\/strong><\/em><\/h4>\n\n\n\n<div style=\"height:45px\" aria-hidden=\"true\" class=\"wp-block-spacer\"><\/div>\n\n\n<a href=\"https:\/\/www.linkedin.com\/company\/agrinet-sa\/?originalSubdomain=ar\" aria-label=\"1700X500\"><img loading=\"lazy\" decoding=\"async\" src=\"https:\/\/enolife.com.ar\/es\/wp-content\/uploads\/2021\/11\/1700X500.gif\" alt=\"\"  width=\"1700\" height=\"500\"   \/><\/a>\n\n\n<div style=\"height:46px\" aria-hidden=\"true\" class=\"wp-block-spacer\"><\/div>\n\n\n\n<p>En la <strong>Finca Ciudadela<\/strong> de la localidad de&nbsp;<strong>Malligasta<\/strong>, <strong>Chilecito, La Rioja<\/strong>, el ministro de Econom\u00eda de Argentina, Sergio Massa, asisti\u00f3 al inicio de la vendimia 2023. Junto a su comitiva fue recibido por el nuevo presidente electo de la Coviar, Mario Gonz\u00e1lez, quien asumir\u00e1 el 4 de marzo pr\u00f3ximo. Este dirigente, cabe consignarlo, tambi\u00e9n es presidente de la Cooperativa La Riojana. <\/p>\n\n\n\n<div style=\"height:25px\" aria-hidden=\"true\" class=\"wp-block-spacer\"><\/div>\n\n\n<div class=\"wp-block-image\">\n<figure class=\"aligncenter size-full is-resized\"><a href=\"https:\/\/enolife.com.ar\/es\/wp-content\/uploads\/2023\/02\/massa-en-la-rioja.jpg\" data-rel=\"penci-gallery-image-content\" ><img loading=\"lazy\" decoding=\"async\" src=\"https:\/\/enolife.com.ar\/es\/wp-content\/uploads\/2023\/02\/massa-en-la-rioja.jpg\" alt=\"\" class=\"wp-image-85900\" width=\"638\" height=\"425\" srcset=\"https:\/\/enolife.com.ar\/es\/wp-content\/uploads\/2023\/02\/massa-en-la-rioja.jpg 600w, https:\/\/enolife.com.ar\/es\/wp-content\/uploads\/2023\/02\/massa-en-la-rioja-300x200.jpg 300w, https:\/\/enolife.com.ar\/es\/wp-content\/uploads\/2023\/02\/massa-en-la-rioja-585x390.jpg 585w\" sizes=\"auto, (max-width: 638px) 100vw, 638px\" \/><\/a><figcaption class=\"wp-element-caption\"><em><strong>Sergio Massa, junto a funcionarios de La Rioja y productores vitivin\u00edcolas inaugurando la Vendimia 2023<\/strong><\/em>.<\/figcaption><\/figure><\/div>\n\n\n<div style=\"height:25px\" aria-hidden=\"true\" class=\"wp-block-spacer\"><\/div>\n\n\n\n<p>Durante su estad\u00eda en La Rioja, <strong>Massa hizo declaraciones en defensa de los productores vitivin\u00edcolas respecto al precio de la uva y la intenci\u00f3n de importar vino<\/strong>, anunciada por algunas bodegas. Al respecto, Massa enfatiz\u00f3: <em>\u00abEn los \u00faltimos d\u00edas, con esto de la helada, del granizo, de que la cosecha va a ser menor, algunas bodegas que ya no son de productores argentinos o de cooperativas o integradas, que tienen una mirada global \u00fanicamente del negocio, empezaron a hablar de la importaci\u00f3n, b\u00e1sicamente porque pretender hacer valer las reglas del mercado y con la importaci\u00f3n bajarle el precio al trabajo de nuestros productores.&nbsp;Vamos a defender el precio de la uva&nbsp;y hasta que no est\u00e9 vendida la \u00faltima uva de producci\u00f3n argentina ni nos sentamos a hablar de importaci\u00f3n. Tenemos menor producci\u00f3n, pero tambi\u00e9n tenemos y conocemos que hay stock\u201d<\/em>.<\/p>\n\n\n\n<p>Y continu\u00f3 el funcionario nacional: <em>\u00abQueremos que quede claro, dentro de poco vamos a tener al nuevo presidente de la Coviar<\/em> <em>defendiendo a los productores de toda la Argentina en la discusi\u00f3n con las bodegas y lo que queremos pedir es que usemos esa cantidad de recursos que tiene el estado para bajar la tasa de inter\u00e9s para el acceso al cr\u00e9dito, para asistir con aportes no reintegrables, para socorrer en los fondos de emergencia, esos casi $1.000 millones que estamos poniendo hoy solo en la provincia de La Rioja, que los usemos para acompa\u00f1ar y defender el trabajo de nuestros productores\u201d<\/em>.  <\/p>\n\n\n\n<div style=\"height:25px\" aria-hidden=\"true\" class=\"wp-block-spacer\"><\/div>\n\n\n<div class=\"wp-block-image\">\n<figure class=\"aligncenter size-full\"><a href=\"https:\/\/enolife.com.ar\/es\/wp-content\/uploads\/2023\/02\/Fod4c6yX0AAMqJu.jpg\" data-rel=\"penci-gallery-image-content\" ><img loading=\"lazy\" decoding=\"async\" width=\"584\" height=\"400\" src=\"https:\/\/enolife.com.ar\/es\/wp-content\/uploads\/2023\/02\/Fod4c6yX0AAMqJu.jpg\" alt=\"\" class=\"wp-image-85897\" srcset=\"https:\/\/enolife.com.ar\/es\/wp-content\/uploads\/2023\/02\/Fod4c6yX0AAMqJu.jpg 584w, https:\/\/enolife.com.ar\/es\/wp-content\/uploads\/2023\/02\/Fod4c6yX0AAMqJu-300x205.jpg 300w\" sizes=\"auto, (max-width: 584px) 100vw, 584px\" \/><\/a><figcaption class=\"wp-element-caption\"><em><strong>Sergio Massa junto al gobernador de la Provinica de a Rioja, Ricardo Clemente Quintela. <\/strong><\/em><\/figcaption><\/figure><\/div>\n\n\n<div style=\"height:25px\" aria-hidden=\"true\" class=\"wp-block-spacer\"><\/div>\n\n\n\n<p>La semana pasada, Sergio Massa hab\u00eda anunciado una&nbsp;serie de medidas&nbsp;en beneficio de la actividad agr\u00edcola, con la intenci\u00f3n de mitigar los efectos de la sequ\u00eda, las que incluyen una refinanciaci\u00f3n de deudas, suspensi\u00f3n del pago de anticipo de impuesto a las ganancias, nuevas l\u00edneas de cr\u00e9ditos, la derogaci\u00f3n de una normativa del Banco Central que encarec\u00eda el costo financiero para productores agropecuarios, medidas que, seg\u00fan estimaron desde el gobierno, implican un aporte del Estado de $65.000 millones.<\/p>\n\n\n\n<div style=\"height:25px\" aria-hidden=\"true\" class=\"wp-block-spacer\"><\/div>\n\n\n<div class=\"wp-block-image\">\n<figure class=\"aligncenter size-full is-resized\"><a href=\"https:\/\/enolife.com.ar\/es\/wp-content\/uploads\/2023\/02\/massa.jpg\" data-rel=\"penci-gallery-image-content\" ><img loading=\"lazy\" decoding=\"async\" src=\"https:\/\/enolife.com.ar\/es\/wp-content\/uploads\/2023\/02\/massa.jpg\" alt=\"\" class=\"wp-image-85898\" width=\"634\" height=\"423\" srcset=\"https:\/\/enolife.com.ar\/es\/wp-content\/uploads\/2023\/02\/massa.jpg 599w, https:\/\/enolife.com.ar\/es\/wp-content\/uploads\/2023\/02\/massa-300x200.jpg 300w, https:\/\/enolife.com.ar\/es\/wp-content\/uploads\/2023\/02\/massa-585x391.jpg 585w\" sizes=\"auto, (max-width: 634px) 100vw, 634px\" \/><\/a><figcaption class=\"wp-element-caption\"><em><strong>El ministro de econom\u00eda argentino visit\u00f3 stands de emprendedores vitivin\u00edcolas riojanos<\/strong><\/em>.<\/figcaption><\/figure><\/div>\n\n\n<div style=\"height:25px\" aria-hidden=\"true\" class=\"wp-block-spacer\"><\/div>\n\n\n\n<p><strong>Respecto de los productores vitivin\u00edcolas que fueron afectados por las heladas tard\u00edas y el granizo<\/strong>, Massa expres\u00f3: <em>\u00abVinimos con recursos para asistir a aquellos que, no solamente en La Rioja, sino en varios rincones de la Argentina, fueron v\u00edctimas de heladas tard\u00edas, de granizos inimaginados que nos muestran el impacto del cambio clim\u00e1tico a nivel mundial  y que nos obligan a pensar en instrumentos de protecci\u00f3n, m\u00e1s mallas antigranizo&#8230; A pensar en instrumentos de mejor administraci\u00f3n del recurso h\u00eddrico, y que nos obligan tambi\u00e9n a pensar c\u00f3mo el Estado promueve esa inversi\u00f3n para tratar de proteger\u00bb.<\/em><\/p>\n\n\n\n<p>En su discurso, el ministro destac\u00f3 el trabajo de la vitivinicultura riojana, donde se producen 16 millones de litros de vino para abastecer mercado interno, y se exportan otros 7 millones a 23 pa\u00edses.<\/p>\n\n\n\n<div style=\"height:49px\" aria-hidden=\"true\" class=\"wp-block-spacer\"><\/div>\n\n\n\n<p class=\"has-medium-font-size\"><strong>Mart\u00edn Hinojosa: \u00abAhora hay que defender a los productores\u00bb<\/strong><\/p>\n\n\n\n<p>Entrevistado por Carina Scandura y Carlos Hern\u00e1ndez en Radio Nihuil, el <strong>titular del INV y precandidato a gobernador por el peronismo de Mendoza, Mart\u00edn Hinojosa, <\/strong>sum\u00f3 su pensamiento a los conceptos de Massa sobre la importaci\u00f3n de vinos. Al respecto, dijo: <em>\u00abLa verdad es que es muy apresurado tomar ese tipo de decisiones, seguramente vamos a estar ante una de las cosechas m\u00e1s bajas, pero creo que el \u00faltimo camino es la importaci\u00f3n de vinos; primero hay que defender a nuestros productores, porque al que le qued\u00f3 algo de uva lo que menos quiere es que se importe vino, y es l\u00f3gico que se preocupe.\u00bb<\/em><\/p>\n\n\n\n<p>Seg\u00fan explic\u00f3 Hinojosa, desde el INV le facilitaron al ministro toda la informaci\u00f3n necesaria sobre las contingencias clim\u00e1ticas y la pr\u00f3xima cosecha. Seg\u00fan relat\u00f3, le expresaron a Massa: <em>\u00abLas decisiones hay que tomarlas mucho m\u00e1s adelante, hoy no est\u00e1n dadas las condiciones para realizar una importaci\u00f3n de vino ni mucho menos, tenemos que defender a la produccion nacional, y \u00a1ojo que esto tambi\u00e9n lo sostienen muchas bodegas, no es un tira y afloje entre productores y bodegas\u00bb.<\/em><\/p>\n\n\n\n<div style=\"height:25px\" aria-hidden=\"true\" class=\"wp-block-spacer\"><\/div>\n\n\n<div class=\"wp-block-image\">\n<figure class=\"aligncenter size-full is-resized\"><a href=\"https:\/\/enolife.com.ar\/es\/wp-content\/uploads\/2023\/02\/image-16.png\" data-rel=\"penci-gallery-image-content\" ><img loading=\"lazy\" decoding=\"async\" src=\"https:\/\/enolife.com.ar\/es\/wp-content\/uploads\/2023\/02\/image-16.png\" alt=\"\" class=\"wp-image-85902\" width=\"611\" height=\"344\" srcset=\"https:\/\/enolife.com.ar\/es\/wp-content\/uploads\/2023\/02\/image-16.png 608w, https:\/\/enolife.com.ar\/es\/wp-content\/uploads\/2023\/02\/image-16-300x169.png 300w, https:\/\/enolife.com.ar\/es\/wp-content\/uploads\/2023\/02\/image-16-585x329.png 585w\" sizes=\"auto, (max-width: 611px) 100vw, 611px\" \/><\/a><figcaption class=\"wp-element-caption\"><em><strong>Mart\u00edn Hinojosa, presidente del INV<\/strong><\/em>.<\/figcaption><\/figure><\/div>\n\n\n<div style=\"height:25px\" aria-hidden=\"true\" class=\"wp-block-spacer\"><\/div>\n\n\n\n<p>El titular del INV <strong>se refiri\u00f3 tambi\u00e9n a la importancia del acuerdo entre Mendoza y San Juan <\/strong>sobre el destino que se le dar\u00e1 a la uva cosechada: \u00ab<em>Claramente no estamos en condiciones de usar d\u00f3lares para importar algo que producimos ac\u00e1 en Argentina, hay ciertas herramientas previas a eso, como es el acuerdo Mendoza-San Juan para destinar un porcentaje de uvas para mosto&#8230; Si ese porcentaje es bajo y destinamos m\u00e1s uva para vino que para mosto, tambi\u00e9n vamos a estar mucho m\u00e1s tranquilos, son decisiones que tienen que tomar los ministros correspondientes a ambas provincias y que espero se tomen en tiempo y en forma\u00bb.<\/em><\/p>\n\n\n\n<p><em>\u00abNosotros <\/em>-finaliz\u00f3 Hinojosa-<em> en el sector hablamos de que el stock de vino es de 5 meses a 5 meses y medio, y hoy estamos en 6 meses y un poquito m\u00e1s, con lo cual tenemos un buen stock, hay que ver cu\u00e1n baja ser\u00e1 la cosecha y a partir de ah\u00ed se har\u00e1 una estimaci\u00f3n entre el vino que tenemos, m\u00e1s el vino que hemos elaborado y la expectativa de ventas<\/em>&#8230; <em>Reci\u00e9n<\/em> <em>entonces habr\u00eda que pensar otras acciones, pero ahora estar hablando de importaci\u00f3n es muy apresurado, por lo menos es lo que nosotros pensamos desde el INV\u00bb<\/em>.<\/p>\n\n\n\n<div style=\"height:36px\" aria-hidden=\"true\" class=\"wp-block-spacer\"><\/div>\n\n\n\n<p class=\"has-medium-font-size\"><strong>El programa Proviar 2 destinar\u00e1 $10.000 millones a aportes no reintegrables<\/strong><\/p>\n\n\n\n<p>En La Rioja, Massa<strong> <\/strong>anunci\u00f3 que en las \u00faltimas horas hab\u00eda firmado firmado un deecreto para la entrada en vigencia del&nbsp;<strong>Programa Proviar 2<\/strong>, para el que, asegur\u00f3, se destinar\u00e1n&nbsp;<strong>10.000 millones de pesos en aportes no reintegrables<\/strong>. <em>\u201cEs un programa que nos permite innovaci\u00f3n <\/em>-manifest\u00f3-,<em> inversi\u00f3n en tecnolog\u00eda, apostar tambi\u00e9n a la igualdad de g\u00e9nero en el sector vitivin\u00edcola y apostar tambi\u00e9n al tema de las ra\u00edces; a tratar de construir mecanismos, a partir de la conectividad y a partir de las infraestructuras, que nos permitan generar arraigo en el interior del interior de la Argentina, que es donde hay un enorme valor por el esfuerzo y la producci\u00f3n que los argentinos tenemos que defender\u201d<\/em>.<\/p>\n\n\n\n<p><em>\u201cSanjuaninos, mendocinos, rionegrinos, riojanos, todos aquellos que apuestan a la vitivinicultura van a estar asistidos a partir de este programa que lo que pretende es seguir fortaleciendo esa marca, que en definitiva representa al vino argentino\u201d<\/em>, agreg\u00f3 el ministro.<\/p>\n\n\n\n<p>Respecto de este tema, <strong>Hinojosa tambi\u00e9n se manifest\u00f3 en Radio Nihuil:<\/strong> <em>\u00abClaramente, es un programa que venimos trabajando hace mas de seis a\u00f1os y que en estos \u00faltimos dos a\u00f1os se impuls\u00f3 muy fuerte, y es fruto de gesti\u00f3n en conjunto entre el INV, Coviar y el INTA, entre los tres hemos presentado toda la documentaci\u00f3n, incorporamos a todas las entidades para que trabajen, nos lo aprobaron en Washington el 10\/1 y ayer el ministro Massa anunci\u00f3 que habia firmado el decreto para empezar a ponerlo en funcionamiento\u00bb<\/em>.<\/p>\n\n\n\n<p>Finalmente, agreg\u00f3 <strong>Hinojosa<\/strong>:<em> \u00abEs un hecho concreto, vamos a tener un programa que va a asistir a todo el sector vitivin\u00edcola desde los productores hasta los proveedores vinculados a la industria vitivin\u00edcola, que podr\u00e1 generar un mayor valor, un salto de calidad, para mejorar la producci\u00f3n, las bodegas&#8230; Esto va a estar gestionado a trav\u00e9s del INV, pero con el trabajo en conjunto, como lo hemos hecho estos \u00faltimos dos a\u00f1os con Coviar y el INTA, lo que ha dado buenos resultados<\/em>\u00ab.<\/p>\n\n\n\n<div style=\"height:50px\" aria-hidden=\"true\" class=\"wp-block-spacer\"><\/div>\n\n\n\n<p><\/p>\n","protected":false},"excerpt":{"rendered":"<p>El 8 de febrero, el ministro de Econom\u00eda de Argentina particip\u00f3 de un acto por&hellip;<\/p>\n","protected":false},"author":3,"featured_media":85896,"comment_status":"open","ping_status":"open","sticky":false,"template":"","format":"standard","meta":{"footnotes":""},"categories":[14],"tags":[],"class_list":["post-85808","post","type-post","status-publish","format-standard","has-post-thumbnail","hentry","category-news"],"_links":{"self":[{"href":"https:\/\/enolife.com.ar\/es\/wp-json\/wp\/v2\/posts\/85808","targetHints":{"allow":["GET"]}}],"collection":[{"href":"https:\/\/enolife.com.ar\/es\/wp-json\/wp\/v2\/posts"}],"about":[{"href":"https:\/\/enolife.com.ar\/es\/wp-json\/wp\/v2\/types\/post"}],"author":[{"embeddable":true,"href":"https:\/\/enolife.com.ar\/es\/wp-json\/wp\/v2\/users\/3"}],"replies":[{"embeddable":true,"href":"https:\/\/enolife.com.ar\/es\/wp-json\/wp\/v2\/comments?post=85808"}],"version-history":[{"count":0,"href":"https:\/\/enolife.com.ar\/es\/wp-json\/wp\/v2\/posts\/85808\/revisions"}],"wp:featuredmedia":[{"embeddable":true,"href":"https:\/\/enolife.com.ar\/es\/wp-json\/wp\/v2\/media\/85896"}],"wp:attachment":[{"href":"https:\/\/enolife.com.ar\/es\/wp-json\/wp\/v2\/media?parent=85808"}],"wp:term":[{"taxonomy":"category","embeddable":true,"href":"https:\/\/enolife.com.ar\/es\/wp-json\/wp\/v2\/categories?post=85808"},{"taxonomy":"post_tag","embeddable":true,"href":"https:\/\/enolife.com.ar\/es\/wp-json\/wp\/v2\/tags?post=85808"}],"curies":[{"name":"wp","href":"https:\/\/api.w.org\/{rel}","templated":true}]}}