{"id":85697,"date":"2023-02-08T23:10:45","date_gmt":"2023-02-08T23:10:45","guid":{"rendered":"https:\/\/enolife.com.ar\/es\/?p=85697"},"modified":"2023-02-12T15:55:21","modified_gmt":"2023-02-12T15:55:21","slug":"vino-libre-para-todos-en-la-fiesta-de-la-vendimia-de-animana-del-9-al-11-2","status":"publish","type":"post","link":"https:\/\/enolife.com.ar\/es\/vino-libre-para-todos-en-la-fiesta-de-la-vendimia-de-animana-del-9-al-11-2\/","title":{"rendered":"Vino libre para todos en la Fiesta de la Vendimia de Animan\u00e1, del 9 al 11\/2"},"content":{"rendered":"\n<h4 class=\"wp-block-heading\"><em><strong>Los d\u00edas 9,10 y 11 de febrero, en la localidad de Animan\u00e1, Salta, Argentina, se celebra la Fiesta Provincial de la Vendimia, con una atractiva oferta de actividades folcl\u00f3ricas, gastron\u00f3micas y culturales. Emplazada en el predio donde se hace la fiesta se destaca una \u00abFuente del vino\u00bb, armada con tinajas de cer\u00e1mica que elaboran artesanos locales, de la cual los visitantes pueden servirse libremente. As\u00ed, rememoran una antigua pr\u00e1ctica de las fiestas originales en los Valles Calchaqu\u00edes.<\/strong><\/em><strong><em>  <\/em><\/strong><\/h4>\n\n\n\n<div style=\"height:35px\" aria-hidden=\"true\" class=\"wp-block-spacer\"><\/div>\n\n\n<a href=\"https:\/\/jmzeballos.com\/\" aria-label=\"PUBLICIDAD ENOLIFE 2023_\u00c1NFORAS 1700 x 500\"><img loading=\"lazy\" decoding=\"async\" src=\"https:\/\/enolife.com.ar\/es\/wp-content\/uploads\/2020\/12\/PUBLICIDAD-ENOLIFE-2023_ANFORAS-1700-x-500.jpg\" alt=\"\"  srcset=\"https:\/\/enolife.com.ar\/es\/wp-content\/uploads\/2020\/12\/PUBLICIDAD-ENOLIFE-2023_ANFORAS-1700-x-500.jpg 1700w, https:\/\/enolife.com.ar\/es\/wp-content\/uploads\/2020\/12\/PUBLICIDAD-ENOLIFE-2023_ANFORAS-1700-x-500-300x88.jpg 300w, https:\/\/enolife.com.ar\/es\/wp-content\/uploads\/2020\/12\/PUBLICIDAD-ENOLIFE-2023_ANFORAS-1700-x-500-1024x301.jpg 1024w, https:\/\/enolife.com.ar\/es\/wp-content\/uploads\/2020\/12\/PUBLICIDAD-ENOLIFE-2023_ANFORAS-1700-x-500-768x226.jpg 768w, https:\/\/enolife.com.ar\/es\/wp-content\/uploads\/2020\/12\/PUBLICIDAD-ENOLIFE-2023_ANFORAS-1700-x-500-1536x452.jpg 1536w, https:\/\/enolife.com.ar\/es\/wp-content\/uploads\/2020\/12\/PUBLICIDAD-ENOLIFE-2023_ANFORAS-1700-x-500-1170x344.jpg 1170w, https:\/\/enolife.com.ar\/es\/wp-content\/uploads\/2020\/12\/PUBLICIDAD-ENOLIFE-2023_ANFORAS-1700-x-500-585x172.jpg 585w\" sizes=\"auto, (max-width: 1700px) 100vw, 1700px\" width=\"1700\" height=\"500\"   \/><\/a>\n\n\n<div style=\"height:47px\" aria-hidden=\"true\" class=\"wp-block-spacer\"><\/div>\n\n\n\n<p>A <strong>1.695 m de altura<\/strong> <strong>s\/n\/m<\/strong>, en los <strong>Valles Calchaqu\u00edes<\/strong> se encuentra la localidad de <strong>Animan\u00e1<\/strong>, nombre que significa <strong>\u00abLugar del cielo\u00bb<\/strong> en lengua <strong>diaguita kakana<\/strong>. M\u00e1s precisamente, este poblado est\u00e1 ubicado en el departamento salte\u00f1o de San Carlos, a 207 kil\u00f3metros de la capital, Salta, y a 15 km de Cafayate, en pleno centro de una regi\u00f3n vitivin\u00edcola rodeada de cordones monta\u00f1osos, cielos l\u00edmpidos y antiguos pueblos cuyas primeras vides fueron plantadas en el sglo XVIII por los jesu\u00edtas. En la actualidad, Animan\u00e1 cuenta con 4.000 habitantes, de los cuales el 70% est\u00e1 ligado a la producci\u00f3n del vino, en su mayor\u00eda elaborado con uvas torront\u00e9s.<\/p>\n\n\n\n<div style=\"height:25px\" aria-hidden=\"true\" class=\"wp-block-spacer\"><\/div>\n\n\n\n<div class=\"wp-block-group is-content-justification-center is-nowrap is-layout-flex wp-container-core-group-is-layout-94bc23d7 wp-block-group-is-layout-flex\"><div class=\"wp-block-image\">\n<figure class=\"aligncenter size-full is-resized\"><a href=\"https:\/\/enolife.com.ar\/es\/wp-content\/uploads\/2023\/02\/image-8.png\" data-rel=\"penci-gallery-image-content\" ><img loading=\"lazy\" decoding=\"async\" src=\"https:\/\/enolife.com.ar\/es\/wp-content\/uploads\/2023\/02\/image-8.png\" alt=\"\" class=\"wp-image-85714\" width=\"444\" height=\"333\" srcset=\"https:\/\/enolife.com.ar\/es\/wp-content\/uploads\/2023\/02\/image-8.png 400w, https:\/\/enolife.com.ar\/es\/wp-content\/uploads\/2023\/02\/image-8-300x225.png 300w\" sizes=\"auto, (max-width: 444px) 100vw, 444px\" \/><\/a><figcaption class=\"wp-element-caption\"><em><strong>Vi\u00f1edos de Animan\u00e1<\/strong><\/em><\/figcaption><\/figure><\/div>\n\n\n<figure class=\"wp-block-image size-full is-resized\"><a href=\"https:\/\/enolife.com.ar\/es\/wp-content\/uploads\/2023\/02\/turismo.animana.jpg\" data-rel=\"penci-gallery-image-content\" ><img loading=\"lazy\" decoding=\"async\" src=\"https:\/\/enolife.com.ar\/es\/wp-content\/uploads\/2023\/02\/turismo.animana.jpg\" alt=\"\" class=\"wp-image-85719\" width=\"550\" height=\"331\" srcset=\"https:\/\/enolife.com.ar\/es\/wp-content\/uploads\/2023\/02\/turismo.animana.jpg 1000w, https:\/\/enolife.com.ar\/es\/wp-content\/uploads\/2023\/02\/turismo.animana-300x180.jpg 300w, https:\/\/enolife.com.ar\/es\/wp-content\/uploads\/2023\/02\/turismo.animana-768x461.jpg 768w, https:\/\/enolife.com.ar\/es\/wp-content\/uploads\/2023\/02\/turismo.animana-585x351.jpg 585w\" sizes=\"auto, (max-width: 550px) 100vw, 550px\" \/><\/a><figcaption class=\"wp-element-caption\"><em><strong>Bodega Vi\u00f1as de Animan\u00e1<\/strong><\/em><\/figcaption><\/figure>\n<\/div>\n\n\n\n<div style=\"height:26px\" aria-hidden=\"true\" class=\"wp-block-spacer\"><\/div>\n\n\n\n<p>Como cada a\u00f1o, Animan\u00e1 celebra en el mes de febrero la <strong>Fiesta Provincial de la Vendimia<\/strong>, a la que desde el a\u00f1o 2015 sumaron una creativa fuente de vino, hecha por artesanos regionales con tinajas de cer\u00e1mica, de la cual cada visitante puede degustar libremente el vino local.<\/p>\n\n\n\n<div style=\"height:25px\" aria-hidden=\"true\" class=\"wp-block-spacer\"><\/div>\n\n\n<div class=\"wp-block-image\">\n<figure class=\"aligncenter size-large is-resized\"><a href=\"https:\/\/enolife.com.ar\/es\/wp-content\/uploads\/2023\/02\/image-9.png\" data-rel=\"penci-gallery-image-content\" ><img loading=\"lazy\" decoding=\"async\" src=\"https:\/\/enolife.com.ar\/es\/wp-content\/uploads\/2023\/02\/image-9-1024x576.png\" alt=\"\" class=\"wp-image-85723\" width=\"653\" height=\"367\" srcset=\"https:\/\/enolife.com.ar\/es\/wp-content\/uploads\/2023\/02\/image-9-1024x576.png 1024w, https:\/\/enolife.com.ar\/es\/wp-content\/uploads\/2023\/02\/image-9-300x169.png 300w, https:\/\/enolife.com.ar\/es\/wp-content\/uploads\/2023\/02\/image-9-768x432.png 768w, https:\/\/enolife.com.ar\/es\/wp-content\/uploads\/2023\/02\/image-9-1170x658.png 1170w, https:\/\/enolife.com.ar\/es\/wp-content\/uploads\/2023\/02\/image-9-585x329.png 585w, https:\/\/enolife.com.ar\/es\/wp-content\/uploads\/2023\/02\/image-9.png 1200w\" sizes=\"auto, (max-width: 653px) 100vw, 653px\" \/><\/a><figcaption class=\"wp-element-caption\"><em><strong>La \u00abFuente del Vino\u00bb de Animan\u00e1<\/strong><\/em>.<\/figcaption><\/figure><\/div>\n\n\n<div style=\"height:25px\" aria-hidden=\"true\" class=\"wp-block-spacer\"><\/div>\n\n\n\n<p>Seg\u00fan explic\u00f3 el <strong>intendente de la localidad, Jos\u00e9 Guaim\u00e1s, <\/strong><em>\u00abla Fiesta de la Vendimia es mostrar cada uno de los productores el trabajo que hacen durante todo un a\u00f1o, en la mejor \u00e9poca porque es cuando todas las bodegas est\u00e1n en plena cosecha\u00bb. <\/em>Y respecto de la fuente, Guaim\u00e1s detall\u00f3: <em>\u00abHacemos como en la primera vendimia, que se colocaban unos toneles en la plaza central, con vino tinto y blanco y el visitante, la gente que iba llegando, se pod\u00eda servir a su gusto\u00bb<\/em>.<\/p>\n\n\n\n<div style=\"height:32px\" aria-hidden=\"true\" class=\"wp-block-spacer\"><\/div>\n\n\n\n<p class=\"has-medium-font-size\"><strong>Agenda<\/strong> <\/p>\n\n\n<div class=\"wp-block-image\">\n<figure class=\"alignleft size-large is-resized\"><a href=\"https:\/\/enolife.com.ar\/es\/wp-content\/uploads\/2023\/02\/flyer-vendimia-FESTIVAL.jpg\" data-rel=\"penci-gallery-image-content\" ><img loading=\"lazy\" decoding=\"async\" src=\"https:\/\/enolife.com.ar\/es\/wp-content\/uploads\/2023\/02\/flyer-vendimia-FESTIVAL-819x1024.jpg\" alt=\"\" class=\"wp-image-85717\" width=\"249\" height=\"311\" srcset=\"https:\/\/enolife.com.ar\/es\/wp-content\/uploads\/2023\/02\/flyer-vendimia-FESTIVAL-819x1024.jpg 819w, https:\/\/enolife.com.ar\/es\/wp-content\/uploads\/2023\/02\/flyer-vendimia-FESTIVAL-240x300.jpg 240w, https:\/\/enolife.com.ar\/es\/wp-content\/uploads\/2023\/02\/flyer-vendimia-FESTIVAL-768x960.jpg 768w, https:\/\/enolife.com.ar\/es\/wp-content\/uploads\/2023\/02\/flyer-vendimia-FESTIVAL-1229x1536.jpg 1229w, https:\/\/enolife.com.ar\/es\/wp-content\/uploads\/2023\/02\/flyer-vendimia-FESTIVAL-1638x2048.jpg 1638w, https:\/\/enolife.com.ar\/es\/wp-content\/uploads\/2023\/02\/flyer-vendimia-FESTIVAL-1170x1463.jpg 1170w, https:\/\/enolife.com.ar\/es\/wp-content\/uploads\/2023\/02\/flyer-vendimia-FESTIVAL-585x731.jpg 585w, https:\/\/enolife.com.ar\/es\/wp-content\/uploads\/2023\/02\/flyer-vendimia-FESTIVAL.jpg 2000w\" sizes=\"auto, (max-width: 249px) 100vw, 249px\" \/><\/a><\/figure><\/div>\n\n\n<p><strong>Jueves 9\/2: <\/strong>Apertura de stands artesanales y productores vitivin\u00edcolas, encendido de la Fuente de Vino, Misa Vendimial de acci\u00f3n de gracias, encuentro de danzas folkl\u00f3ricas y pe\u00f1a folkl\u00f3rica. <\/p>\n\n\n\n<p><strong>Viernes 10\/2:<\/strong> Desfile de carrozas vendimiales, elecci\u00f3n de la Reina de la Vendimia Salte\u00f1a, show art\u00edstico. <\/p>\n\n\n\n<p><strong>S\u00e1bado 11\/2: <\/strong>Desfile de comparsas por las calles del pueblo, corredor gastron\u00f3mico, ofrenda a la Pachamama, desentierro del carnaval, show art\u00edstico. <\/p>\n\n\n\n<p class=\"has-background\" style=\"background-color:#abb7c24a\"> <strong>Valor de las entradas $ 3.200, y se adquieren <a href=\"https:\/\/www.1000tickets.com.ar\/concierto.php?id_evento=146&amp;38-vendimia-saltea\" title=\"\">AQU\u00cd <\/a><\/strong><\/p>\n\n\n\n<div style=\"height:33px\" aria-hidden=\"true\" class=\"wp-block-spacer\"><\/div>\n\n\n\n<p class=\"has-small-font-size\"><em><strong>Fuentes: T\u00e9lam y Gobierno de Salta<\/strong><\/em><\/p>\n\n\n\n<div style=\"height:41px\" aria-hidden=\"true\" class=\"wp-block-spacer\"><\/div>\n","protected":false},"excerpt":{"rendered":"<p>Los d\u00edas 9,10 y 11 de febrero, en la localidad de Animan\u00e1, Salta, Argentina, se&hellip;<\/p>\n","protected":false},"author":3,"featured_media":85722,"comment_status":"open","ping_status":"open","sticky":false,"template":"","format":"standard","meta":{"footnotes":""},"categories":[11],"tags":[],"class_list":["post-85697","post","type-post","status-publish","format-standard","has-post-thumbnail","hentry","category-enoturismo"],"_links":{"self":[{"href":"https:\/\/enolife.com.ar\/es\/wp-json\/wp\/v2\/posts\/85697","targetHints":{"allow":["GET"]}}],"collection":[{"href":"https:\/\/enolife.com.ar\/es\/wp-json\/wp\/v2\/posts"}],"about":[{"href":"https:\/\/enolife.com.ar\/es\/wp-json\/wp\/v2\/types\/post"}],"author":[{"embeddable":true,"href":"https:\/\/enolife.com.ar\/es\/wp-json\/wp\/v2\/users\/3"}],"replies":[{"embeddable":true,"href":"https:\/\/enolife.com.ar\/es\/wp-json\/wp\/v2\/comments?post=85697"}],"version-history":[{"count":0,"href":"https:\/\/enolife.com.ar\/es\/wp-json\/wp\/v2\/posts\/85697\/revisions"}],"wp:featuredmedia":[{"embeddable":true,"href":"https:\/\/enolife.com.ar\/es\/wp-json\/wp\/v2\/media\/85722"}],"wp:attachment":[{"href":"https:\/\/enolife.com.ar\/es\/wp-json\/wp\/v2\/media?parent=85697"}],"wp:term":[{"taxonomy":"category","embeddable":true,"href":"https:\/\/enolife.com.ar\/es\/wp-json\/wp\/v2\/categories?post=85697"},{"taxonomy":"post_tag","embeddable":true,"href":"https:\/\/enolife.com.ar\/es\/wp-json\/wp\/v2\/tags?post=85697"}],"curies":[{"name":"wp","href":"https:\/\/api.w.org\/{rel}","templated":true}]}}