{"id":85684,"date":"2023-02-12T15:55:41","date_gmt":"2023-02-12T15:55:41","guid":{"rendered":"https:\/\/enolife.com.ar\/es\/?p=85684"},"modified":"2023-02-14T15:30:03","modified_gmt":"2023-02-14T15:30:03","slug":"la-feria-enomaq-zaragoza-de-equipos-para-el-vino-aceite-y-cerveza-pone-el-foco-en-la-digitalizacion","status":"publish","type":"post","link":"https:\/\/enolife.com.ar\/es\/la-feria-enomaq-zaragoza-de-equipos-para-el-vino-aceite-y-cerveza-pone-el-foco-en-la-digitalizacion\/","title":{"rendered":"La feria Enomaq Zaragoza de equipos para el vino, aceite y cerveza pone el foco en la digitalizaci\u00f3n"},"content":{"rendered":"\n<h4 class=\"wp-block-heading\"><em><strong>Del 14 al 17 de febrero de 2023 se llevar\u00e1 a cabo en la ciudad de Zaragoza, Espa\u00f1a, el Sal\u00f3n Internacional de Maquinaria, T\u00e9cnicas y Equipos de los sectores del vino, el aceite y la cerveza. En una superficie de 50.000 m2 distribuidos en 5 pabellones, se presentar\u00e1n 650 empresas de 20 pa\u00edses. La feria pondr\u00e1 en escena las \u00faltimas maquinarias, equipos y t\u00e9cnicas adaptados a la situaci\u00f3n actual de mercado, y ofrecer\u00e1 actividades paralelas sobre investigaci\u00f3n, digitalizaci\u00f3n y nuevos paradigmas de consumo.<\/strong><\/em><\/h4>\n\n\n\n<div style=\"height:39px\" aria-hidden=\"true\" class=\"wp-block-spacer\"><\/div>\n\n\n\n\n\n<div style=\"height:49px\" aria-hidden=\"true\" class=\"wp-block-spacer\"><\/div>\n\n\n<div class=\"wp-block-image\">\n<figure class=\"alignleft size-full is-resized\"><a href=\"https:\/\/enolife.com.ar\/es\/wp-content\/uploads\/2023\/02\/image-13.png\" data-rel=\"penci-gallery-image-content\" ><img loading=\"lazy\" decoding=\"async\" src=\"https:\/\/enolife.com.ar\/es\/wp-content\/uploads\/2023\/02\/image-13.png\" alt=\"\" class=\"wp-image-85803\" width=\"300\" height=\"300\" srcset=\"https:\/\/enolife.com.ar\/es\/wp-content\/uploads\/2023\/02\/image-13.png 600w, https:\/\/enolife.com.ar\/es\/wp-content\/uploads\/2023\/02\/image-13-300x300.png 300w, https:\/\/enolife.com.ar\/es\/wp-content\/uploads\/2023\/02\/image-13-150x150.png 150w, https:\/\/enolife.com.ar\/es\/wp-content\/uploads\/2023\/02\/image-13-585x585.png 585w\" sizes=\"auto, (max-width: 300px) 100vw, 300px\" \/><\/a><\/figure><\/div>\n\n\n<p>La edici\u00f3n 23 de&nbsp;<strong>Enomaq<\/strong>, el Sal\u00f3n Internacional de maquinaria, t\u00e9cnicas y equipos para bodegas, se celebrar\u00e1 de manera conjunta con&nbsp;<strong>Oleomaq, Tecnovid, Oleotec y Ebeer<\/strong>,&nbsp;del 14 al 17 de febrero en Feria de Zaragoza, Espa\u00f1a. De este modo la feria ser\u00e1 escenario del potencial tecnol\u00f3gico de la industria del vino, el aceite y la cerveza, <strong>en la que participar\u00e1n 650 empresas<\/strong> de 20 pa\u00edses, en un predio de 50.000 m2 divididos en 5 pabellones.<\/p>\n\n\n\n<p>Durante las 3 jornadas se ofrecer\u00e1 un amplio programa de actividades, entre las que se incluyen&nbsp;<strong>jornadas t\u00e9cnicas<\/strong>&nbsp;que abordar\u00e1n temas como&nbsp;<strong>\u201cLos avances en la investigaci\u00f3n\u201d<\/strong>,&nbsp;<strong>\u201cExpectativas de la sociedad del sector del vino\u201d<\/strong>&nbsp;y los&nbsp;<strong>\u201cRetos de la sostenibilidad y los nuevos paradigmas de consumo\u201d<\/strong>. <\/p>\n\n\n\n<p>En paralelo a estas actividades, se ofrecer\u00e1n diversos talleres, presentaciones y conferencias. Entre ellas, destacan la jornada \u00ab<strong>Mujeres inspiradoras en los sectores del vino, el aceite y la cerveza\u00bb<\/strong> y el&nbsp;<strong>programa de misiones comerciales<\/strong> en el que Feria Zaragoza organiza encuentros entre delegaciones de compradores y las empresas expositoras presentes en el sal\u00f3n, que buscan mejorar su posicionamiento en el mercado exterior, este a\u00f1o participar\u00e1n 50 delegaciones procedentes de Grecia, Hungr\u00eda, Israel, Jordania, L\u00edbano, Marruecos, T\u00fanez, Turqu\u00eda, Sud\u00e1frica, entre otros.<\/p>\n\n\n\n<p>Como novedad en esta edici\u00f3n&nbsp;se incorporar\u00e1n&nbsp;<strong>nuevas herramientas digitales para expositores y visitantes<\/strong>&nbsp;que permitir\u00e1n el acceso a toda la informaci\u00f3n mejorando el modelo de negocio del sal\u00f3n.<a href=\"fb-messenger:\/\/share?link=https%3A%2F%2Fwww.tecnovino.com%2Finvestigacion-digitalizacion-y-nuevos-paradigmas-de-consumo-temas-de-las-jornadas-de-enomaq-2023%2F\"><\/a><\/p>\n\n\n\n<div style=\"height:34px\" aria-hidden=\"true\" class=\"wp-block-spacer\"><\/div>\n\n\n\n<p class=\"has-medium-font-size\"><strong>V edici\u00f3n del Concurso Nacional de Vinos, Vinespa\u00f1a 2023<\/strong><\/p>\n\n\n\n<p>Enomaq 2023 tambi\u00e9n albergar\u00e1 la&nbsp;<strong>V edici\u00f3n del Concurso Nacional de Vinos, Vinespa\u00f1a 2023, <\/strong>donde catadores espa\u00f1oles escoger\u00e1n los mejores vinos, cuyos ganadores se conocer\u00e1n y mostrar\u00e1n en cata sus referencias el jueves 16 de febrero, en el auditorio de Feria de Zaragoza. Este acto estar\u00e1 organizado por la Federaci\u00f3n Espa\u00f1ola de Enolog\u00eda (FEAE), que sumar\u00e1 al concurso diversas&nbsp;<strong>catas de vinos y cavas<\/strong>&nbsp;en la sala de catas del pabell\u00f3n 9.<\/p>\n\n\n\n<div style=\"height:18px\" aria-hidden=\"true\" class=\"wp-block-spacer\"><\/div>\n\n\n\n<p class=\"has-background\" style=\"background-color:#abb7c26b\"><strong>M\u00e1s informaci\u00f3n: <a href=\"https:\/\/www.feriazaragoza.es\/enomaq-2023\/informacion\/ficha-tecnica\" title=\"\">AQUI <\/a><br>La acreditaci\u00f3n para asistir se puede descargar&nbsp;<a href=\"https:\/\/www.feriazaragoza.es\/enomaq-2023\/visitantes\/entradas\" target=\"_blank\" rel=\"noreferrer noopener\">aqu\u00ed<\/a>.<\/strong><\/p>\n\n\n\n<div style=\"height:34px\" aria-hidden=\"true\" class=\"wp-block-spacer\"><\/div>\n\n\n\n<p class=\"has-white-background-color has-background has-small-font-size\"><em><strong>Fuente: Tecnovino<\/strong><\/em><\/p>\n\n\n\n<p class=\"has-white-background-color has-background has-small-font-size\"><a href=\"whatsapp:\/\/send?text=https%3A%2F%2Fwww.tecnovino.com%2Finvestigacion-digitalizacion-y-nuevos-paradigmas-de-consumo-temas-de-las-jornadas-de-enomaq-2023%2F%20Las%20jornadas%20t%C3%A9cnicas%20de%20ENOMAQ%20abordar%C3%A1n%20la%20situaci%C3%B3n%20actual%20de%20sus%20respectivas%20industrias%2C%20los%20retos%20futuros%20y%20tendencias.\"><\/a><\/p>\n","protected":false},"excerpt":{"rendered":"<p>Del 14 al 17 de febrero de 2023 se llevar\u00e1 a cabo en la ciudad&hellip;<\/p>\n","protected":false},"author":3,"featured_media":85805,"comment_status":"open","ping_status":"open","sticky":false,"template":"","format":"standard","meta":{"footnotes":""},"categories":[10],"tags":[],"class_list":["post-85684","post","type-post","status-publish","format-standard","has-post-thumbnail","hentry","category-ferias"],"_links":{"self":[{"href":"https:\/\/enolife.com.ar\/es\/wp-json\/wp\/v2\/posts\/85684","targetHints":{"allow":["GET"]}}],"collection":[{"href":"https:\/\/enolife.com.ar\/es\/wp-json\/wp\/v2\/posts"}],"about":[{"href":"https:\/\/enolife.com.ar\/es\/wp-json\/wp\/v2\/types\/post"}],"author":[{"embeddable":true,"href":"https:\/\/enolife.com.ar\/es\/wp-json\/wp\/v2\/users\/3"}],"replies":[{"embeddable":true,"href":"https:\/\/enolife.com.ar\/es\/wp-json\/wp\/v2\/comments?post=85684"}],"version-history":[{"count":0,"href":"https:\/\/enolife.com.ar\/es\/wp-json\/wp\/v2\/posts\/85684\/revisions"}],"wp:featuredmedia":[{"embeddable":true,"href":"https:\/\/enolife.com.ar\/es\/wp-json\/wp\/v2\/media\/85805"}],"wp:attachment":[{"href":"https:\/\/enolife.com.ar\/es\/wp-json\/wp\/v2\/media?parent=85684"}],"wp:term":[{"taxonomy":"category","embeddable":true,"href":"https:\/\/enolife.com.ar\/es\/wp-json\/wp\/v2\/categories?post=85684"},{"taxonomy":"post_tag","embeddable":true,"href":"https:\/\/enolife.com.ar\/es\/wp-json\/wp\/v2\/tags?post=85684"}],"curies":[{"name":"wp","href":"https:\/\/api.w.org\/{rel}","templated":true}]}}