{"id":85385,"date":"2023-01-31T21:16:22","date_gmt":"2023-01-31T21:16:22","guid":{"rendered":"https:\/\/enolife.com.ar\/es\/?p=85385"},"modified":"2023-02-02T14:29:59","modified_gmt":"2023-02-02T14:29:59","slug":"precio-de-la-uva-el-gobierno-de-mendoza-pone-la-mesa-para-que-pacten-vinateros-y-bodegueros","status":"publish","type":"post","link":"https:\/\/enolife.com.ar\/es\/precio-de-la-uva-el-gobierno-de-mendoza-pone-la-mesa-para-que-pacten-vinateros-y-bodegueros\/","title":{"rendered":"Precio de la uva: el gobierno de Mendoza pone la mesa para que pacten vi\u00f1ateros y bodegueros"},"content":{"rendered":"\n<h4 class=\"wp-block-heading\"><em><strong>El Ministerio de Econom\u00eda de la provincia busca arrimar a las partes para alcanzar un valor justo, en beneficio de la econom\u00eda mendocina. Para ello, convoc\u00f3 a productores agr\u00edcolas e industriales a una Mesa de Concertaci\u00f3n, que tendr\u00e1 su primer encuentro el martes 7 de febrero en el Parque Tic de Godoy Cruz. El intento de terciar del gobierno se produce luego de que el 20 de enero 6 asociaciones de vi\u00f1ateros de Mendoza y San Juan pidieron un precio de entre $110 y $280 para las distintas variedades de uva, y los bodegueros adelantaran que esas cifras eran impagables a la fecha (ver nota de Enolife <a href=\"https:\/\/enolife.com.ar\/es\/empezo-el-baile-vinateros-piden-de-110-a-280-el-kg-de-uva-y-bodegueros-dicen-que-es-impagable\/\" title=\"\">\u00abEmpez\u00f3 el baile: vi\u00f1ateros piden de $110 a $280 el kg de uva y bodegueros dicen que es impagable\u00bb<\/a>).<\/strong><\/em><\/h4>\n\n\n\n<div style=\"height:41px\" aria-hidden=\"true\" class=\"wp-block-spacer\"><\/div>\n\n\n<a href=\"https:\/\/grupoaltasur.com\/\" aria-label=\"1700-500px\"><img loading=\"lazy\" decoding=\"async\" src=\"https:\/\/enolife.com.ar\/es\/wp-content\/uploads\/2021\/01\/1700-500px.jpg\" alt=\"\"  srcset=\"https:\/\/enolife.com.ar\/es\/wp-content\/uploads\/2021\/01\/1700-500px.jpg 1700w, https:\/\/enolife.com.ar\/es\/wp-content\/uploads\/2021\/01\/1700-500px-300x88.jpg 300w, https:\/\/enolife.com.ar\/es\/wp-content\/uploads\/2021\/01\/1700-500px-1024x301.jpg 1024w, https:\/\/enolife.com.ar\/es\/wp-content\/uploads\/2021\/01\/1700-500px-768x226.jpg 768w, https:\/\/enolife.com.ar\/es\/wp-content\/uploads\/2021\/01\/1700-500px-1536x452.jpg 1536w, https:\/\/enolife.com.ar\/es\/wp-content\/uploads\/2021\/01\/1700-500px-1170x344.jpg 1170w, https:\/\/enolife.com.ar\/es\/wp-content\/uploads\/2021\/01\/1700-500px-585x172.jpg 585w\" sizes=\"auto, (max-width: 1700px) 100vw, 1700px\" width=\"1700\" height=\"500\"   \/><\/a>\n\n\n<div style=\"height:45px\" aria-hidden=\"true\" class=\"wp-block-spacer\"><\/div>\n\n\n\n<p>El <strong>Gobierno de Mendoza<\/strong>, a trav\u00e9s del <strong>Ministerio de Econom\u00eda y Energ\u00eda<\/strong>, invit\u00f3 a productores agr\u00edcolas e industriales vinculados a la producci\u00f3n de uva con destino a la elaboraci\u00f3n de mosto y vino a la conformaci\u00f3n de la <strong>Mesa de Concertaci\u00f3n<\/strong>. El encuentro se desarrollar\u00e1 el <strong>martes 7 de febrero<\/strong> en el Parque TIC, ubicado en Rafael Cubillos 2056 de Godoy Cruz.<\/p>\n\n\n\n<p><strong>Jos\u00e9 Cortez<\/strong>, titular de <strong>Fiscalizaci\u00f3n y Control<\/strong>, explic\u00f3 que <em>\u201cel organismo es la autoridad de aplicaci\u00f3n y responsable de la conformaci\u00f3n y funcionamiento de la Mesa de Concertaci\u00f3n, facultad que obtuvo tras la publicaci\u00f3n del Decreto provincial 1298, que reglamenta la Ley 9133 de Registro de Contrato de Compra Venta de Productos Agr\u00edcolas. Por lo tanto, no es responsable de los acuerdos a los que arriben industriales y productores, aunque garantiza el espacio de di\u00e1logo y acercamiento entre ambos\u201d.<\/em><\/p>\n\n\n<div class=\"wp-block-image\">\n<figure class=\"alignleft size-large is-resized\"><a href=\"https:\/\/enolife.com.ar\/es\/wp-content\/uploads\/2023\/01\/WhatsApp-Image-2023-01-31-at-10.35.10.jpeg\" data-rel=\"penci-gallery-image-content\" ><img loading=\"lazy\" decoding=\"async\" src=\"https:\/\/enolife.com.ar\/es\/wp-content\/uploads\/2023\/01\/WhatsApp-Image-2023-01-31-at-10.35.10-1024x1024.jpeg\" alt=\"\" class=\"wp-image-85390\" width=\"406\" height=\"406\" srcset=\"https:\/\/enolife.com.ar\/es\/wp-content\/uploads\/2023\/01\/WhatsApp-Image-2023-01-31-at-10.35.10-1024x1024.jpeg 1024w, https:\/\/enolife.com.ar\/es\/wp-content\/uploads\/2023\/01\/WhatsApp-Image-2023-01-31-at-10.35.10-300x300.jpeg 300w, https:\/\/enolife.com.ar\/es\/wp-content\/uploads\/2023\/01\/WhatsApp-Image-2023-01-31-at-10.35.10-150x150.jpeg 150w, https:\/\/enolife.com.ar\/es\/wp-content\/uploads\/2023\/01\/WhatsApp-Image-2023-01-31-at-10.35.10-768x768.jpeg 768w, https:\/\/enolife.com.ar\/es\/wp-content\/uploads\/2023\/01\/WhatsApp-Image-2023-01-31-at-10.35.10-585x585.jpeg 585w, https:\/\/enolife.com.ar\/es\/wp-content\/uploads\/2023\/01\/WhatsApp-Image-2023-01-31-at-10.35.10.jpeg 1080w\" sizes=\"auto, (max-width: 406px) 100vw, 406px\" \/><\/a><\/figure><\/div>\n\n\n<p>La Mesa de Concertaci\u00f3n de uva para vino y para mosto tiene como objetivo mejorar la competitividad, la sustentabilidad ambiental y adem\u00e1s, fomentar el crecimiento y desarrollo econ\u00f3mico del sector. <em>\u00abSe trabajar\u00e1n temas como costos de producci\u00f3n, calidades de los productos, situaci\u00f3n de los mercados, precios de referencia, plazos de entrega de las materias primas y modalidades de pago, entre otros aspectos\u201d<\/em>, agreg\u00f3 el funcionario.<\/p>\n\n\n\n<p>Las asociaciones de productores e industriales de uva interesadas en formar parte de la Mesa de Concertaci\u00f3n deber\u00e1n nominar a su representante, quien acreditar\u00e1 su funci\u00f3n al momento de la inscripci\u00f3n, que se realizar\u00e1 mediante el sitio del Ministerio de Econom\u00eda y Energ\u00eda.<\/p>\n\n\n\n<p>Desde la cartera de Econom\u00eda explicaron que no es posible admitir participaciones individuales. Para facilitar el di\u00e1logo, tendr\u00e1n derecho a voz los representantes de los sectores cient\u00edfico, t\u00e9cnico, p\u00fablico y privado invitados por la Direcci\u00f3n de Fiscalizaci\u00f3n y Control, los representantes del Ministerio de Econom\u00eda y Energ\u00eda y los representantes de asociaciones que acrediten inscripci\u00f3n.<\/p>\n\n\n\n<p>Arribando a diversos acuerdos y convenios, se celebraron los encuentros entre el sector primario y el industrial dedicados a la ciruela, la pera, la manzana y el durazno. Luego de los encuentros de la uva, resta definir la fecha de la Mesa de Concertaci\u00f3n sobre la aceituna, que marca el fin del cronograma de los espacios de di\u00e1logo promovidos por el Gobierno provincial.<\/p>\n\n\n\n<div style=\"height:22px\" aria-hidden=\"true\" class=\"wp-block-spacer\"><\/div>\n\n\n\n<p class=\"has-background\" style=\"background-color:#abb7c285\"><strong>Para participar en la Mesa de Concertaci\u00f3n, es necesario inscribirse previamente.&nbsp;<a href=\"https:\/\/docs.google.com\/forms\/d\/e\/1FAIpQLScI4DBuN3i87_DF_v1-jDpPFxMf8NfOvlN1z-T-HWDTrlw4SQ\/viewform\" target=\"_blank\" rel=\"noreferrer noopener\">Inscripciones aqu\u00ed.<\/a><\/strong><\/p>\n\n\n\n<div style=\"height:49px\" aria-hidden=\"true\" class=\"wp-block-spacer\"><\/div>\n\n\n\n<div style=\"height:43px\" aria-hidden=\"true\" class=\"wp-block-spacer\"><\/div>\n","protected":false},"excerpt":{"rendered":"<p>El Ministerio de Econom\u00eda de la provincia busca arrimar a las partes para alcanzar un&hellip;<\/p>\n","protected":false},"author":3,"featured_media":85392,"comment_status":"open","ping_status":"open","sticky":false,"template":"","format":"standard","meta":{"footnotes":""},"categories":[47],"tags":[],"class_list":["post-85385","post","type-post","status-publish","format-standard","has-post-thumbnail","hentry","category-agenda"],"_links":{"self":[{"href":"https:\/\/enolife.com.ar\/es\/wp-json\/wp\/v2\/posts\/85385","targetHints":{"allow":["GET"]}}],"collection":[{"href":"https:\/\/enolife.com.ar\/es\/wp-json\/wp\/v2\/posts"}],"about":[{"href":"https:\/\/enolife.com.ar\/es\/wp-json\/wp\/v2\/types\/post"}],"author":[{"embeddable":true,"href":"https:\/\/enolife.com.ar\/es\/wp-json\/wp\/v2\/users\/3"}],"replies":[{"embeddable":true,"href":"https:\/\/enolife.com.ar\/es\/wp-json\/wp\/v2\/comments?post=85385"}],"version-history":[{"count":0,"href":"https:\/\/enolife.com.ar\/es\/wp-json\/wp\/v2\/posts\/85385\/revisions"}],"wp:featuredmedia":[{"embeddable":true,"href":"https:\/\/enolife.com.ar\/es\/wp-json\/wp\/v2\/media\/85392"}],"wp:attachment":[{"href":"https:\/\/enolife.com.ar\/es\/wp-json\/wp\/v2\/media?parent=85385"}],"wp:term":[{"taxonomy":"category","embeddable":true,"href":"https:\/\/enolife.com.ar\/es\/wp-json\/wp\/v2\/categories?post=85385"},{"taxonomy":"post_tag","embeddable":true,"href":"https:\/\/enolife.com.ar\/es\/wp-json\/wp\/v2\/tags?post=85385"}],"curies":[{"name":"wp","href":"https:\/\/api.w.org\/{rel}","templated":true}]}}