{"id":85272,"date":"2023-01-30T18:52:00","date_gmt":"2023-01-30T18:52:00","guid":{"rendered":"https:\/\/enolife.com.ar\/es\/?p=85272"},"modified":"2023-01-31T21:17:13","modified_gmt":"2023-01-31T21:17:13","slug":"finca-las-moras-lidera-en-mar-del-plata-una-campana-para-limpiar-las-playas-y-plantar-arboles","status":"publish","type":"post","link":"https:\/\/enolife.com.ar\/es\/finca-las-moras-lidera-en-mar-del-plata-una-campana-para-limpiar-las-playas-y-plantar-arboles\/","title":{"rendered":"Finca Las Moras lidera en Mar del Plata una campa\u00f1a para limpiar las playas y plantar \u00e1rboles"},"content":{"rendered":"\n<h4 class=\"wp-block-heading\"><em><strong>La bodega sanjuanina Finca Las Moras est\u00e1 marcando presencia esta temporada de verano en las localidades balnearias argentinas de Mar del Plata y Chapadmalal, con una serie de propuestas de cuidado ambiental, sintonizando con la conciencia ecol\u00f3gica de locales y turistas. Al mismo tiempo, present\u00f3 en la costa su l\u00ednea de vinos Fair for Life, que ya cuenta con una certificaci\u00f3n internacional de Responsabilidad Social Empresaria (RSE) y Comercio Justo. Las pr\u00e1cticas propuestas por la marca son limpieza de playas, una jornada de plantaci\u00f3n de \u00e1rboles que se llevar\u00e1 a cabo el 7\/2, elaboraci\u00f3n de platos con pesca del d\u00eda y productos org\u00e1nicos y dictado de charlas sobre h\u00e1bitos de consumo saludables y comportamientos sustentables.<\/strong><\/em><\/h4>\n\n\n\n<div style=\"height:34px\" aria-hidden=\"true\" class=\"wp-block-spacer\"><\/div>\n\n\n<a href=\"https:\/\/www.instagram.com\/vinventions.sudamerica\/\" aria-label=\"Banner_Subr_1700x500\"><img loading=\"lazy\" decoding=\"async\" src=\"https:\/\/enolife.com.ar\/es\/wp-content\/uploads\/2019\/07\/Banner_Subr_1700x500.gif\" alt=\"\"  width=\"1700\" height=\"501\"   \/><\/a>\n\n\n<div style=\"height:43px\" aria-hidden=\"true\" class=\"wp-block-spacer\"><\/div>\n\n\n\n<p>A las vacaciones de verano de los amantes de \u00abLa Feliz\u00bb se sumaron actividades propuestas por <strong>Finca Las Moras<\/strong>, la bodega sanjuanina del <strong>Valle del Pedernal<\/strong>, que junto a la organizaci\u00f3n <strong>\u00abAmantes de Fin de Tarde\u00bb (AFT)<\/strong> proponen pr\u00e1cticas en sinton\u00eda con la vida saludable, el respeto por el ambiente y el cuidado de la naturaleza y sus frutos.<\/p>\n\n\n\n<p>AFT es un equipo de artistas y amantes del mar que migr\u00f3 hace a\u00f1os a <strong>Chapadmalal<\/strong>, donde tienen un \u00abRancho\u00bb al que la gente puede visitar en esta localidad vecina a Mar del Plata. All\u00ed, los AFT trabajan desde sus comienzos con acciones permanentes de sustentabilidad.<\/p>\n\n\n\n<p>La marca elegida por la bodega para esta campa\u00f1a es la l\u00ednea <strong>Fair For Life<\/strong>, lanzada al mercado argentino en 2022 y que cuenta con una certificaci\u00f3n internacional de Responsabilidad Social Empresaria (RSE) y Comercio Justo, en l\u00ednea con el trabajo sostenido que viene realizando la bodega desde el 2013 en t\u00e9rminos de sustentabilidad. <\/p>\n\n\n\n<div style=\"height:34px\" aria-hidden=\"true\" class=\"wp-block-spacer\"><\/div>\n\n\n\n<p class=\"has-medium-font-size\"><strong>Actividades sustentables en Mar del Plata y Chapadmalal<\/strong><\/p>\n\n\n\n<ul class=\"wp-block-list\">\n<li><strong>Limpieza en las playas de Chapadmalal y Mar del Plata <\/strong>para aliviar el impacto del turismo.<\/li>\n\n\n\n<li><strong>Plantaci\u00f3n de \u00e1rboles, <\/strong>a realizarse el martes 7 de febrero, con el objetivo de disminuir la huella de carbono en la regi\u00f3n. Quienes participen podr\u00e1n llevarse \u00e1rboles de regalo para plantar en sus jardines. <\/li>\n<\/ul>\n\n\n\n<div style=\"height:25px\" aria-hidden=\"true\" class=\"wp-block-spacer\"><\/div>\n\n\n\n<div class=\"wp-block-group is-nowrap is-layout-flex wp-container-core-group-is-layout-ad2f72ca wp-block-group-is-layout-flex\">\n<figure class=\"wp-block-image size-full is-resized\"><a href=\"https:\/\/enolife.com.ar\/es\/wp-content\/uploads\/2023\/01\/JB6ZCLNVBZCD7FTSM3RXKRYZZAaa.jpg\" data-rel=\"penci-gallery-image-content\" ><img loading=\"lazy\" decoding=\"async\" src=\"https:\/\/enolife.com.ar\/es\/wp-content\/uploads\/2023\/01\/JB6ZCLNVBZCD7FTSM3RXKRYZZAaa.jpg\" alt=\"\" class=\"wp-image-85296\" width=\"468\" height=\"343\" srcset=\"https:\/\/enolife.com.ar\/es\/wp-content\/uploads\/2023\/01\/JB6ZCLNVBZCD7FTSM3RXKRYZZAaa.jpg 681w, https:\/\/enolife.com.ar\/es\/wp-content\/uploads\/2023\/01\/JB6ZCLNVBZCD7FTSM3RXKRYZZAaa-300x220.jpg 300w, https:\/\/enolife.com.ar\/es\/wp-content\/uploads\/2023\/01\/JB6ZCLNVBZCD7FTSM3RXKRYZZAaa-585x430.jpg 585w\" sizes=\"auto, (max-width: 468px) 100vw, 468px\" \/><\/a><figcaption class=\"wp-element-caption\"><em><strong>Limpieza de playas<\/strong><\/em><\/figcaption><\/figure>\n\n\n\n<figure class=\"wp-block-image size-full is-resized\"><a href=\"https:\/\/enolife.com.ar\/es\/wp-content\/uploads\/2023\/01\/WhatsApp-Image-2021-11-23-at-1.16.17-PM-682x1024-2.jpeg\" data-rel=\"penci-gallery-image-content\" ><img loading=\"lazy\" decoding=\"async\" src=\"https:\/\/enolife.com.ar\/es\/wp-content\/uploads\/2023\/01\/WhatsApp-Image-2021-11-23-at-1.16.17-PM-682x1024-2.jpeg\" alt=\"\" class=\"wp-image-85298\" width=\"344\" height=\"345\" srcset=\"https:\/\/enolife.com.ar\/es\/wp-content\/uploads\/2023\/01\/WhatsApp-Image-2021-11-23-at-1.16.17-PM-682x1024-2.jpeg 676w, https:\/\/enolife.com.ar\/es\/wp-content\/uploads\/2023\/01\/WhatsApp-Image-2021-11-23-at-1.16.17-PM-682x1024-2-300x300.jpeg 300w, https:\/\/enolife.com.ar\/es\/wp-content\/uploads\/2023\/01\/WhatsApp-Image-2021-11-23-at-1.16.17-PM-682x1024-2-150x150.jpeg 150w, https:\/\/enolife.com.ar\/es\/wp-content\/uploads\/2023\/01\/WhatsApp-Image-2021-11-23-at-1.16.17-PM-682x1024-2-585x588.jpeg 585w\" sizes=\"auto, (max-width: 344px) 100vw, 344px\" \/><\/a><figcaption class=\"wp-element-caption\"><em><strong>Plantaci\u00f3n de \u00e1rboles<\/strong><\/em><\/figcaption><\/figure>\n<\/div>\n\n\n\n<div style=\"height:25px\" aria-hidden=\"true\" class=\"wp-block-spacer\"><\/div>\n\n\n\n<p><strong>Charlas de h\u00e1bitos concientes: <\/strong>Se dan tips sobre c\u00f3mo mejorar patrones de consumo y comportamiento sustentable para poder aplicar cada uno en la vida luego de las vacaciones.<\/p>\n\n\n\n<p><strong>Cocina org\u00e1nica al horno de barro:<\/strong> Los domingos, de la mano del reconocido cocinero Tomas Patterson, se disfrutan de platos elaborados con pesca del d\u00eda y productos org\u00e1nicos recolectados de las huertas de la zona de Chapadmalal.<\/p>\n\n\n<div class=\"wp-block-image\">\n<figure class=\"aligncenter size-full is-resized\"><a href=\"https:\/\/enolife.com.ar\/es\/wp-content\/uploads\/2023\/01\/WhatsApp-Image-2023-01-04-at-10.54.21-1-1.jpeg\" data-rel=\"penci-gallery-image-content\" ><img loading=\"lazy\" decoding=\"async\" src=\"https:\/\/enolife.com.ar\/es\/wp-content\/uploads\/2023\/01\/WhatsApp-Image-2023-01-04-at-10.54.21-1-1.jpeg\" alt=\"\" class=\"wp-image-85300\" width=\"490\" height=\"452\" srcset=\"https:\/\/enolife.com.ar\/es\/wp-content\/uploads\/2023\/01\/WhatsApp-Image-2023-01-04-at-10.54.21-1-1.jpeg 600w, https:\/\/enolife.com.ar\/es\/wp-content\/uploads\/2023\/01\/WhatsApp-Image-2023-01-04-at-10.54.21-1-1-300x277.jpeg 300w, https:\/\/enolife.com.ar\/es\/wp-content\/uploads\/2023\/01\/WhatsApp-Image-2023-01-04-at-10.54.21-1-1-585x540.jpeg 585w\" sizes=\"auto, (max-width: 490px) 100vw, 490px\" \/><\/a><figcaption class=\"wp-element-caption\"><em><strong>Tomas Patterson<\/strong><\/em><\/figcaption><\/figure><\/div>\n\n\n<div style=\"height:34px\" aria-hidden=\"true\" class=\"wp-block-spacer\"><\/div>\n\n\n\n<p class=\"has-medium-font-size\"><strong>M\u00fasica y vino<\/strong><\/p>\n\n\n\n<p>Un ciclo de noches de vino y jazz en el Rancho de AFT, ideal para disfrutar acompa\u00f1ado de gastronom\u00eda y fuego bajo las estrellas de Chapadmalal. <\/p>\n\n\n<div class=\"wp-block-image\">\n<figure class=\"alignleft size-full is-resized\"><a href=\"https:\/\/enolife.com.ar\/es\/wp-content\/uploads\/2023\/01\/unknown_125219855_1503974079812357_1202223481749103275_n-1.jpg\" data-rel=\"penci-gallery-image-content\" ><img loading=\"lazy\" decoding=\"async\" src=\"https:\/\/enolife.com.ar\/es\/wp-content\/uploads\/2023\/01\/unknown_125219855_1503974079812357_1202223481749103275_n-1.jpg\" alt=\"\" class=\"wp-image-85294\" width=\"276\" height=\"313\" srcset=\"https:\/\/enolife.com.ar\/es\/wp-content\/uploads\/2023\/01\/unknown_125219855_1503974079812357_1202223481749103275_n-1.jpg 399w, https:\/\/enolife.com.ar\/es\/wp-content\/uploads\/2023\/01\/unknown_125219855_1503974079812357_1202223481749103275_n-1-265x300.jpg 265w\" sizes=\"auto, (max-width: 276px) 100vw, 276px\" \/><\/a><\/figure><\/div>\n\n\n<p><strong>Los artistas son:<\/strong><\/p>\n\n\n\n<p><strong>Ornella Contreras Trio \/ Jazz Standards<\/strong>, conformado por Ornella Contreras, Hern\u00e1n Cassiba y Luciano Monte. Su m\u00fasica se enfoca en la interpretaci\u00f3n de standars de jazz teniendo como concepto principal la improvisaci\u00f3n y recreaci\u00f3n de composiciones importantes como \u00abTake the a train\u00bb y \u00abC jam blues\u00bb, de Duke Ellington, entre muchos otros. El tr\u00edo se ha presentado en diversos escenarios de Buenos Aires y Mar del Plata, como el Teatro Auditorioum, Thelonious Club, Prez Club de Jazz y Festival de Jazz Mar del Plata.<\/p>\n\n\n\n<p><strong>Randall\u2019s<\/strong>: Es una banda de <em>rhythm and blues<\/em> de la ciudad de Mar del Plata que, en sus canciones en ingl\u00e9s, fusiona el blues, el funk y el soul. La banda, con cuatro integrantes, forma en vivo con guitarra, voz, bajo, teclados y bater\u00eda, y su shows son un mix entre sus canciones propias y versiones de otros artistas.<a href=\"http:\/\/wa.me\/5492266464257\" target=\"_blank\" rel=\"noreferrer noopener\"><\/a><\/p>\n\n\n\n<div style=\"height:29px\" aria-hidden=\"true\" class=\"wp-block-spacer\"><\/div>\n\n\n\n<p class=\"has-background\" style=\"background-color:#abb7c278\"><strong>Para todas las actividades, hay que inscribirse previamente en la p\u00e1gina de <a href=\"https:\/\/aftamantes.net\/fflxaft2023\/\">AFT<\/a>.<\/strong><\/p>\n\n\n\n<div style=\"height:34px\" aria-hidden=\"true\" class=\"wp-block-spacer\"><\/div>\n\n\n\n<p class=\"has-medium-font-size\"><strong>Fair for Life de Finca Las Moras<\/strong><\/p>\n\n\n\n<p>Al pie de la Cordillera de Los Andes, en el Valle de Pedernal, Finca Las Moras nace como una bodega experimental. Luego de a\u00f1os de estudio y ensayos, se posiciona como la bodega de alta gama de la regi\u00f3n. Sus vinos se exportan a m\u00e1s de 70 pa\u00edses. <\/p>\n\n\n\n<p>Sus l\u00edneas Premium est\u00e1n compuestas por: Sagrado El Pedernal, Mora Negra, Gran Syrah, Demencial, Paz, Los Intocables, Finca Las Moras Barrel Select, Alma Mora Select Reserve, Alma Mora, DADA y Finca Las Moras Varietales.<\/p>\n\n\n\n<div style=\"height:24px\" aria-hidden=\"true\" class=\"wp-block-spacer\"><\/div>\n\n\n<div class=\"wp-block-image\">\n<figure class=\"aligncenter size-full\"><a href=\"https:\/\/enolife.com.ar\/es\/wp-content\/uploads\/2023\/01\/vinos-las-moras-2.jpg\" data-rel=\"penci-gallery-image-content\" ><img loading=\"lazy\" decoding=\"async\" width=\"399\" height=\"344\" src=\"https:\/\/enolife.com.ar\/es\/wp-content\/uploads\/2023\/01\/vinos-las-moras-2.jpg\" alt=\"\" class=\"wp-image-85289\" srcset=\"https:\/\/enolife.com.ar\/es\/wp-content\/uploads\/2023\/01\/vinos-las-moras-2.jpg 399w, https:\/\/enolife.com.ar\/es\/wp-content\/uploads\/2023\/01\/vinos-las-moras-2-300x259.jpg 300w\" sizes=\"auto, (max-width: 399px) 100vw, 399px\" \/><\/a><figcaption class=\"wp-element-caption\"><em><strong> L\u00ednea Fair For Life de Finca Las Moras<\/strong><\/em><\/figcaption><\/figure><\/div>\n\n\n<div style=\"height:25px\" aria-hidden=\"true\" class=\"wp-block-spacer\"><\/div>\n\n\n\n<p>Bajo la l\u00ednea Fair For Life, Finca Las Moras tiene tres vinos elaborados con uvas provenientes de sus propias fincas en la provincia de San Juan: un malbec, un cabernet sauvignon ideal para servir con carnes asadas y quesos duros, y un chardonnay de color dorado, con reflejos verdosos y aroma a manzanas rojas, miel y canela.<\/p>\n\n\n\n<div style=\"height:64px\" aria-hidden=\"true\" class=\"wp-block-spacer\"><\/div>\n\n\n\n<p><\/p>\n","protected":false},"excerpt":{"rendered":"<p>La bodega sanjuanina Finca Las Moras est\u00e1 marcando presencia esta temporada de verano en las&hellip;<\/p>\n","protected":false},"author":3,"featured_media":85305,"comment_status":"open","ping_status":"open","sticky":false,"template":"","format":"standard","meta":{"footnotes":""},"categories":[11],"tags":[],"class_list":["post-85272","post","type-post","status-publish","format-standard","has-post-thumbnail","hentry","category-enoturismo"],"_links":{"self":[{"href":"https:\/\/enolife.com.ar\/es\/wp-json\/wp\/v2\/posts\/85272","targetHints":{"allow":["GET"]}}],"collection":[{"href":"https:\/\/enolife.com.ar\/es\/wp-json\/wp\/v2\/posts"}],"about":[{"href":"https:\/\/enolife.com.ar\/es\/wp-json\/wp\/v2\/types\/post"}],"author":[{"embeddable":true,"href":"https:\/\/enolife.com.ar\/es\/wp-json\/wp\/v2\/users\/3"}],"replies":[{"embeddable":true,"href":"https:\/\/enolife.com.ar\/es\/wp-json\/wp\/v2\/comments?post=85272"}],"version-history":[{"count":0,"href":"https:\/\/enolife.com.ar\/es\/wp-json\/wp\/v2\/posts\/85272\/revisions"}],"wp:featuredmedia":[{"embeddable":true,"href":"https:\/\/enolife.com.ar\/es\/wp-json\/wp\/v2\/media\/85305"}],"wp:attachment":[{"href":"https:\/\/enolife.com.ar\/es\/wp-json\/wp\/v2\/media?parent=85272"}],"wp:term":[{"taxonomy":"category","embeddable":true,"href":"https:\/\/enolife.com.ar\/es\/wp-json\/wp\/v2\/categories?post=85272"},{"taxonomy":"post_tag","embeddable":true,"href":"https:\/\/enolife.com.ar\/es\/wp-json\/wp\/v2\/tags?post=85272"}],"curies":[{"name":"wp","href":"https:\/\/api.w.org\/{rel}","templated":true}]}}