{"id":84952,"date":"2023-01-25T16:36:26","date_gmt":"2023-01-25T16:36:26","guid":{"rendered":"https:\/\/enolife.com.ar\/es\/?p=84952"},"modified":"2023-01-26T13:34:34","modified_gmt":"2023-01-26T13:34:34","slug":"este-ano-guaymallen-tendra-reina-de-la-vendimia-prohibir-su-eleccion-es-inconstitucional","status":"publish","type":"post","link":"https:\/\/enolife.com.ar\/es\/este-ano-guaymallen-tendra-reina-de-la-vendimia-prohibir-su-eleccion-es-inconstitucional\/","title":{"rendered":"Este a\u00f1o Guaymall\u00e9n tendr\u00e1 reina de la Vendimia: prohibir su elecci\u00f3n es inconstitucional"},"content":{"rendered":"\n<h4 class=\"wp-block-heading\" id=\"m39-38-40\"><em><strong>Seis de los siete integrantes de la Suprema Corte de Justicia de Mendoza arribaron a la conclusi\u00f3n de que cancelar por decreto la elecci\u00f3n de la reina de la Vendimia del departamento m\u00e1s poblado de Mendoza es una atribuci\u00f3n que transgrede la ley m\u00e1xima de la provincia. S\u00f3lo uno de los \u00absupremos\u00bb, cuyo nombre no trascendi\u00f3, vot\u00f3 que la ordenanza de Guaymall\u00e9n N\u00b0 9196\/21 -emitida por el Concejo Deliberante y el intendente Marcelino Iglesias en marzo de 2021- era legal. Ahora, en la Fiesta guaymallina del 10 de febrero, mediante un m\u00e9todo que se establecer\u00e1, deber\u00e1n elegir una reina que los represente en la elecci\u00f3n de la reina nacional, el s\u00e1bado 4 de marzo en el Anfiteatro Frank Romero Day de la capital provincial. Foto principal: Julieta Lonigro, la \u00abreina blue\u00bb de 2022.<\/strong><\/em><\/h4>\n\n\n\n<div style=\"height:40px\" aria-hidden=\"true\" class=\"wp-block-spacer\"><\/div>\n\n\n<a href=\"https:\/\/www.instagram.com\/vinventions.sudamerica\/\" aria-label=\"Banner_Subr_1700x500\"><img loading=\"lazy\" decoding=\"async\" src=\"https:\/\/enolife.com.ar\/es\/wp-content\/uploads\/2019\/07\/Banner_Subr_1700x500.gif\" alt=\"\"  width=\"1700\" height=\"501\"   \/><\/a>\n\n\n<div style=\"height:35px\" aria-hidden=\"true\" class=\"wp-block-spacer\"><\/div>\n\n\n\n<p>Por mayor\u00eda de 6 a 1, la Suprema Corte de Justicia de Mendoza resolvi\u00f3 que es inconstitucional la ordenanza municipal de&nbsp;<strong>Guaymall\u00e9n&nbsp;<\/strong>que, en marzo de 2021, cancel\u00f3 la tradicional elecci\u00f3n de la reina de la Vendimia en el \u00e1mbito de esa comuna. Ahora, la consecuencia l\u00f3gica de este fallo judicial es que el municipio eliga su nueva reina con la modalidad que la comuna establezca, durante la fiesta que se realizar\u00e1 el pr\u00f3ximo 10 de febrero de 2023. Antes de la decisi\u00f3n de la Corte, el intendente Marcelino Iglesias ya hab\u00eda adelantado que acatar\u00eda la decisi\u00f3n de los magistrados.<\/p>\n\n\n\n<div style=\"height:25px\" aria-hidden=\"true\" class=\"wp-block-spacer\"><\/div>\n\n\n<div class=\"wp-block-image\">\n<figure class=\"aligncenter size-full is-resized\"><a href=\"https:\/\/enolife.com.ar\/es\/wp-content\/uploads\/2023\/01\/Image-241.jpg\" data-rel=\"penci-gallery-image-content\" ><img loading=\"lazy\" decoding=\"async\" src=\"https:\/\/enolife.com.ar\/es\/wp-content\/uploads\/2023\/01\/Image-241.jpg\" alt=\"\" class=\"wp-image-84963\" width=\"528\" height=\"326\" srcset=\"https:\/\/enolife.com.ar\/es\/wp-content\/uploads\/2023\/01\/Image-241.jpg 884w, https:\/\/enolife.com.ar\/es\/wp-content\/uploads\/2023\/01\/Image-241-300x186.jpg 300w, https:\/\/enolife.com.ar\/es\/wp-content\/uploads\/2023\/01\/Image-241-768x476.jpg 768w\" sizes=\"auto, (max-width: 528px) 100vw, 528px\" \/><\/a><figcaption class=\"wp-element-caption\"><em><strong>Marcelino Iglesias, intendente de Guaymall\u00e9n<\/strong><\/em><\/figcaption><\/figure><\/div>\n\n\n<div style=\"height:25px\" aria-hidden=\"true\" class=\"wp-block-spacer\"><\/div>\n\n\n\n<p>La <strong>ordenanza municipal No. 9196\/21<\/strong>, que desde ahora no est\u00e1 m\u00e1s vigente, prohib\u00eda expresamente la <em>\u201corganizaci\u00f3n, patrocinio y\/o auspicio, por parte del Municipio de elecciones de reinas, embajadoras, representantes y princesas u otras denominaciones similares y concursos de belleza de personas, cualquiera sea su edad, en las distintas celebraciones locales o eventos p\u00fablicos\u201d<\/em>.<\/p>\n\n\n\n<p>Desde el mismo momento de su emisi\u00f3n, la ordenanza fue duramente cuestionada, incluso desde el interior del partido radical, grupo pol\u00edtico al que pertenece el intendente Marcelino Iglesias. D\u00edas despu\u00e9s de la norma, en la previa de esa Vendimia 2021, la Comisi\u00f3n de Reinas Nacionales de la Vendimia (Corenave) y la Comisi\u00f3n de Reinas de Guaymall\u00e9n (Coreguay) presentaron una demanda ante la Corte para que habilitara la participaci\u00f3n en las ceremonias vendimiales de Julieta Lonigro, la denominada \u201creina blue\u201d de Guaymall\u00e9n, quien hab\u00eda sido electa en una fiesta \u201cparalela\u201d, sin el aval municipal. En ese momento no hubo decisi\u00f3n judicial, y Julieta no pudo estar presente junto a las reinas \u00aboficiales\u00bb. Al a\u00f1o siguiente, en la Fiesta 2022, al no haber nueva reina electa, Guaymall\u00e9n envi\u00f3 a Sofia Grangetto -la reina de 2020- a competir con las otras sobrerana. Ahora, si todo sigue su curso, habr\u00e1 reina legitimada.<\/p>\n\n\n\n<div style=\"height:25px\" aria-hidden=\"true\" class=\"wp-block-spacer\"><\/div>\n\n\n\n<div class=\"wp-block-columns is-layout-flex wp-container-core-columns-is-layout-9d6595d7 wp-block-columns-is-layout-flex\">\n<div class=\"wp-block-column is-layout-flow wp-block-column-is-layout-flow\" style=\"flex-basis:50%\"><div class=\"wp-block-image\">\n<figure class=\"aligncenter size-full\"><a href=\"https:\/\/enolife.com.ar\/es\/wp-content\/uploads\/2023\/01\/602698e4a0e83_1000_1100.jpg\" data-rel=\"penci-gallery-image-content\" ><img loading=\"lazy\" decoding=\"async\" width=\"383\" height=\"500\" src=\"https:\/\/enolife.com.ar\/es\/wp-content\/uploads\/2023\/01\/602698e4a0e83_1000_1100.jpg\" alt=\"\" class=\"wp-image-84964\" srcset=\"https:\/\/enolife.com.ar\/es\/wp-content\/uploads\/2023\/01\/602698e4a0e83_1000_1100.jpg 383w, https:\/\/enolife.com.ar\/es\/wp-content\/uploads\/2023\/01\/602698e4a0e83_1000_1100-230x300.jpg 230w\" sizes=\"auto, (max-width: 383px) 100vw, 383px\" \/><\/a><figcaption class=\"wp-element-caption\"><em><strong>Sof\u00eda Grangetto, la reina de 2020 que represent\u00f3 a la comuna oficialmente en 2022.<\/strong><\/em> <\/figcaption><\/figure><\/div><\/div>\n\n\n\n<div class=\"wp-block-column is-layout-flow wp-block-column-is-layout-flow\" style=\"flex-basis:50%\">\n<figure class=\"wp-block-image size-full\"><a href=\"https:\/\/enolife.com.ar\/es\/wp-content\/uploads\/2023\/01\/f638x638-163156_221323_4831.jpg\" data-rel=\"penci-gallery-image-content\" ><img loading=\"lazy\" decoding=\"async\" width=\"334\" height=\"500\" src=\"https:\/\/enolife.com.ar\/es\/wp-content\/uploads\/2023\/01\/f638x638-163156_221323_4831.jpg\" alt=\"\" class=\"wp-image-84965\" srcset=\"https:\/\/enolife.com.ar\/es\/wp-content\/uploads\/2023\/01\/f638x638-163156_221323_4831.jpg 334w, https:\/\/enolife.com.ar\/es\/wp-content\/uploads\/2023\/01\/f638x638-163156_221323_4831-200x300.jpg 200w\" sizes=\"auto, (max-width: 334px) 100vw, 334px\" \/><\/a><figcaption class=\"wp-element-caption\"><em><strong>Julieta Lonigro, la \u00abreina Blue\u00bb de 2022<\/strong><\/em>.<\/figcaption><\/figure>\n<\/div>\n<\/div>\n\n\n\n<p>Tras presumirse que la Corte anular\u00eda la ordenanza, Marcelino Iglesias mantuvo su posici\u00f3n: <em>\u00abMi forma de pensar no cambiar\u00e1 porque es algo anacr\u00f3nico, retr\u00f3grado y discriminador, pero vamos a cumplir el fallo de la&nbsp;Corte, sea cual sea. Ya que los fallos son para acatarlos y por lo tanto es un tema que se est\u00e1 cayendo por su propio peso\u00bb.<\/em><\/p>\n\n\n\n<div style=\"height:50px\" aria-hidden=\"true\" class=\"wp-block-spacer\"><\/div>\n\n\n\n<p><a rel=\"noreferrer noopener\" href=\"https:\/\/api.whatsapp.com\/send?text=%E2%80%9CLa%20Suprema%20Corte%20decidi%C3%B3%20en%20pleno%20sobre%20la%20reina%20de%20la%20Vendimia%20de%20Guaymall%C3%A9n%E2%80%9D%20https%3A%2F%2Fwww.diariouno.com.ar%2Fsociedad%2Fla-suprema-corte-decidio-pleno-la-reina-la-vendimia-guaymallen-n1073321\" target=\"_blank\"><\/a><\/p>\n","protected":false},"excerpt":{"rendered":"<p>Seis de los siete integrantes de la Suprema Corte de Justicia de Mendoza arribaron a&hellip;<\/p>\n","protected":false},"author":3,"featured_media":84961,"comment_status":"open","ping_status":"open","sticky":false,"template":"","format":"standard","meta":{"footnotes":""},"categories":[14],"tags":[],"class_list":["post-84952","post","type-post","status-publish","format-standard","has-post-thumbnail","hentry","category-news"],"_links":{"self":[{"href":"https:\/\/enolife.com.ar\/es\/wp-json\/wp\/v2\/posts\/84952","targetHints":{"allow":["GET"]}}],"collection":[{"href":"https:\/\/enolife.com.ar\/es\/wp-json\/wp\/v2\/posts"}],"about":[{"href":"https:\/\/enolife.com.ar\/es\/wp-json\/wp\/v2\/types\/post"}],"author":[{"embeddable":true,"href":"https:\/\/enolife.com.ar\/es\/wp-json\/wp\/v2\/users\/3"}],"replies":[{"embeddable":true,"href":"https:\/\/enolife.com.ar\/es\/wp-json\/wp\/v2\/comments?post=84952"}],"version-history":[{"count":0,"href":"https:\/\/enolife.com.ar\/es\/wp-json\/wp\/v2\/posts\/84952\/revisions"}],"wp:featuredmedia":[{"embeddable":true,"href":"https:\/\/enolife.com.ar\/es\/wp-json\/wp\/v2\/media\/84961"}],"wp:attachment":[{"href":"https:\/\/enolife.com.ar\/es\/wp-json\/wp\/v2\/media?parent=84952"}],"wp:term":[{"taxonomy":"category","embeddable":true,"href":"https:\/\/enolife.com.ar\/es\/wp-json\/wp\/v2\/categories?post=84952"},{"taxonomy":"post_tag","embeddable":true,"href":"https:\/\/enolife.com.ar\/es\/wp-json\/wp\/v2\/tags?post=84952"}],"curies":[{"name":"wp","href":"https:\/\/api.w.org\/{rel}","templated":true}]}}